{"id":198539,"date":"2019-09-01T16:46:39","date_gmt":"2019-09-01T13:46:39","guid":{"rendered":"http:\/\/www.tvturk.com\/index.php\/yemenliler-baenin-saldirilarini-protesto-etti\/"},"modified":"2019-09-01T16:46:39","modified_gmt":"2019-09-01T13:46:39","slug":"yemenliler-baenin-saldirilarini-protesto-etti","status":"publish","type":"post","link":"http:\/\/www.tvturk.com\/index.php\/yemenliler-baenin-saldirilarini-protesto-etti\/","title":{"rendered":"Yemenliler BAE\u2019nin sald\u0131r\u0131lar\u0131n\u0131 protesto etti"},"content":{"rendered":"<p>T\u00fcrkiye\u2019de ya\u015fayan Yemenliler, Birle\u015fik Arap Emirlikleri\u2019nin Yemen topraklar\u0131na ger\u00e7ekle\u015ftirdi\u011fi sald\u0131r\u0131lar\u0131 Fatih\u2019te d\u00fczenledikleri eylemle protesto etti.<\/p>\n<p>T\u00fcrkiye\u2019de ya\u015fayan Yemenliler, Birle\u015fik Arap Emirlikleri\u2019nin (BAE) 4 y\u0131ld\u0131r \u00fclkelerine d\u00fczenledi\u011fi sald\u0131r\u0131lar\u0131 protesto etti. Fatih\u2019te d\u00fczenlenen eylemde Yemenli y\u00fczlerce kad\u0131n, \u00e7ocuk, gen\u00e7 ve ya\u015fl\u0131, ellerindeki d\u00f6vizlerle sloganlar atarak sald\u0131r\u0131lara tepki g\u00f6sterdi. Eylemde, son zamanlarda ger\u00e7ekle\u015ftirilen sald\u0131r\u0131larda hayatlar\u0131n\u0131 kaybedenler i\u00e7in de g\u0131yabi cenaze namaz\u0131 k\u0131l\u0131nd\u0131. Yemenliler, yasal kurulu\u015flar\u0131, BM kurumlar\u0131n\u0131, insan haklar\u0131 \u00f6rg\u00fctlerini, \u0130slam Yard\u0131mla\u015fma Te\u015fkilat\u0131\u2019n\u0131, Arap Birli\u011fi\u2019ni, K\u00f6rfez \u0130\u015fbirli\u011fi Konseyi\u2019ni ve t\u00fcm uluslararas\u0131 insani ve hukuki \u00f6rg\u00fctleri Yemen\u2019in ve Yemen halk\u0131n\u0131n yan\u0131nda durmaya \u00e7a\u011f\u0131rd\u0131klar\u0131n\u0131 ve Birle\u015fik Arap Emirlikleri\u2019nin yapt\u0131\u011f\u0131 ter\u00f6r eylemlerine yard\u0131m ve yatakl\u0131k edilmesinin durdurulmas\u0131n\u0131 talep ettiklerini belirttiler.<\/p>\n","protected":false},"excerpt":{"rendered":"<p>T\u00dcRK\u0130YE\u2019DE YA\u015eAYAN YEMENL\u0130LER, B\u0130RLE\u015e\u0130K ARAP EM\u0130RL\u0130KLER\u0130\u2019N\u0130N YEMEN TOPRAKLARINA GER\u00c7EKLE\u015eT\u0130RD\u0130\u011e\u0130 SALDIRILARI FAT\u0130H\u2019TE D\u00dcZENLED\u0130KLER\u0130 EYLEMLE PROTESTO ETT\u0130.<\/p>\n","protected":false},"author":1,"featured_media":198540,"comment_status":"closed","ping_status":"open","sticky":false,"template":"","format":"standard","meta":{"jetpack_post_was_ever_published":false,"_jetpack_newsletter_access":"","_jetpack_dont_email_post_to_subs":false,"_jetpack_newsletter_tier_id":0,"_jetpack_memberships_contains_paywalled_content":false,"_jetpack_memberships_contains_paid_content":false,"footnotes":"","jetpack_publicize_message":"","jetpack_publicize_feature_enabled":true,"jetpack_social_post_already_shared":true,"jetpack_social_options":{"image_generator_settings":{"template":"highway","default_image_id":0,"font":"","enabled":false},"version":2}},"categories":[1],"tags":[49891,207,831,32635,42939],"class_list":["post-198539","post","type-post","status-publish","format-standard","has-post-thumbnail","hentry","category-genel","tag-baenin","tag-etti","tag-protesto","tag-saldirilarini","tag-yemenliler"],"jetpack_publicize_connections":[],"jetpack_featured_media_url":"https:\/\/i0.wp.com\/www.tvturk.com\/wp-content\/uploads\/2019\/09\/yemenliler-baenin-saldirilarini-protesto-etti_71b5ec1.jpg?fit=1000%2C750","jetpack_sharing_enabled":true,"jetpack_shortlink":"https:\/\/wp.me\/paKIfm-PEf","_links":{"self":[{"href":"http:\/\/www.tvturk.com\/index.php\/wp-json\/wp\/v2\/posts\/198539","targetHints":{"allow":["GET"]}}],"collection":[{"href":"http:\/\/www.tvturk.com\/index.php\/wp-json\/wp\/v2\/posts"}],"about":[{"href":"http:\/\/www.tvturk.com\/index.php\/wp-json\/wp\/v2\/types\/post"}],"author":[{"embeddable":true,"href":"http:\/\/www.tvturk.com\/index.php\/wp-json\/wp\/v2\/users\/1"}],"replies":[{"embeddable":true,"href":"http:\/\/www.tvturk.com\/index.php\/wp-json\/wp\/v2\/comments?post=198539"}],"version-history":[{"count":0,"href":"http:\/\/www.tvturk.com\/index.php\/wp-json\/wp\/v2\/posts\/198539\/revisions"}],"wp:featuredmedia":[{"embeddable":true,"href":"http:\/\/www.tvturk.com\/index.php\/wp-json\/wp\/v2\/media\/198540"}],"wp:attachment":[{"href":"http:\/\/www.tvturk.com\/index.php\/wp-json\/wp\/v2\/media?parent=198539"}],"wp:term":[{"taxonomy":"category","embeddable":true,"href":"http:\/\/www.tvturk.com\/index.php\/wp-json\/wp\/v2\/categories?post=198539"},{"taxonomy":"post_tag","embeddable":true,"href":"http:\/\/www.tvturk.com\/index.php\/wp-json\/wp\/v2\/tags?post=198539"}],"curies":[{"name":"wp","href":"https:\/\/api.w.org\/{rel}","templated":true}]}}