{"id":198545,"date":"2019-09-01T17:31:24","date_gmt":"2019-09-01T14:31:24","guid":{"rendered":"http:\/\/www.tvturk.com\/index.php\/netanyahudan-yahudi-yerlesimlerini-ilhak-sozu\/"},"modified":"2019-09-01T17:31:24","modified_gmt":"2019-09-01T14:31:24","slug":"netanyahudan-yahudi-yerlesimlerini-ilhak-sozu","status":"publish","type":"post","link":"http:\/\/www.tvturk.com\/index.php\/netanyahudan-yahudi-yerlesimlerini-ilhak-sozu\/","title":{"rendered":"Netanyahu\u2019dan Yahudi yerle\u015fimlerini ilhak s\u00f6z\u00fc"},"content":{"rendered":"<p>\u0130srail Ba\u015fbakan\u0131 Binyamin Netanyahu, i\u015fgal alt\u0131ndaki Bat\u0131 \u015eeria\u2019da yasa d\u0131\u015f\u0131 Yahudi yerle\u015fim birimlerini \u0130srail topraklar\u0131na katma s\u00f6z\u00fc verdi.<\/p>\n<p>\u0130srail Ba\u015fbakan\u0131 Binyamin Netanyahu, Bat\u0131 \u015eeria\u2019n\u0131n kuzeyindeki Salfit kentinde yasa d\u0131\u015f\u0131 Elkana Yahudi yerle\u015fim biriminde bir okulda yeni \u00f6\u011fretim y\u0131l\u0131n\u0131n ba\u015flang\u0131c\u0131 nedeniyle d\u00fczenlenen t\u00f6rende Yahudi yerle\u015fimcilere Filistin topraklar\u0131 \u00fczerindeki vaatlerini anlatt\u0131. Hi\u00e7bir yerle\u015fimcinin tahliyesine izin vermeyece\u011fi y\u00f6n\u00fcndeki s\u00f6zlerini yineleyen Netanyahu, \u201c\u0130srail topra\u011f\u0131 ve \u0130srail devletinin bir par\u00e7as\u0131 olarak Yahudi egemenli\u011fini uygulayaca\u011f\u0131z\u201d dedi. Netanyahu, \u201cBu bir s\u00f6zd\u00fcr. \u0130srail topraklar\u0131ndan herhangi bir yerle\u015fim yerinden s\u00f6k\u00fclemez\u201d ifadeleriyle yasa d\u0131\u015f\u0131 yerle\u015fimleri tahliye etmeyeceklerini belirtti.<\/p>\n<p>Netanyahu\u2019nun s\u00f6zlerinin ard\u0131ndan a\u00e7\u0131klama yapan Filistin Devlet Ba\u015fkan\u0131 Mahmut Abbas\u2019\u0131n S\u00f6zc\u00fcs\u00fc Nabil Abu Rudeinah, \u0130srail\u2019in bar\u0131\u015f, g\u00fcvenlik ve istikrar getirmeyecek kabul edilemez tutumunu s\u00fcrd\u00fc\u011f\u00fcn\u00fc ifade ederek, \u0130srail\u2019in i\u015fgal alt\u0131ndaki Filistin topraklar\u0131ndaki yerle\u015fimlerinin yasa d\u0131\u015f\u0131 oldu\u011funu s\u00f6yledi.<\/p>\n","protected":false},"excerpt":{"rendered":"<p>\u0130SRA\u0130L BA\u015eBAKANI B\u0130NYAM\u0130N NETANYAHU, \u0130\u015eGAL ALTINDAK\u0130 BATI \u015eER\u0130A&#8217;DA YASA DI\u015eI YAHUD\u0130 YERLE\u015e\u0130M B\u0130R\u0130MLER\u0130N\u0130 \u0130SRA\u0130L TOPRAKLARINA KATMA S\u00d6Z\u00dc VERD\u0130<\/p>\n","protected":false},"author":1,"featured_media":198546,"comment_status":"closed","ping_status":"open","sticky":false,"template":"","format":"standard","meta":{"jetpack_post_was_ever_published":false,"_jetpack_newsletter_access":"","_jetpack_dont_email_post_to_subs":false,"_jetpack_newsletter_tier_id":0,"_jetpack_memberships_contains_paywalled_content":false,"_jetpack_memberships_contains_paid_content":false,"footnotes":"","jetpack_publicize_message":"","jetpack_publicize_feature_enabled":true,"jetpack_social_post_already_shared":true,"jetpack_social_options":{"image_generator_settings":{"template":"highway","default_image_id":0,"font":"","enabled":false},"version":2}},"categories":[10],"tags":[49894,21862,198,16473,49893],"class_list":["post-198545","post","type-post","status-publish","format-standard","has-post-thumbnail","hentry","category-dunya","tag-ilhak","tag-netanyahudan","tag-sozu","tag-yahudi","tag-yerlesimlerini"],"jetpack_publicize_connections":[],"jetpack_featured_media_url":"https:\/\/i0.wp.com\/www.tvturk.com\/wp-content\/uploads\/2019\/09\/netanyahudan-yahudi-yerlesimlerini-ilhak-sozu_d4786c3.jpg?fit=1000%2C666","jetpack_sharing_enabled":true,"jetpack_shortlink":"https:\/\/wp.me\/paKIfm-PEl","_links":{"self":[{"href":"http:\/\/www.tvturk.com\/index.php\/wp-json\/wp\/v2\/posts\/198545","targetHints":{"allow":["GET"]}}],"collection":[{"href":"http:\/\/www.tvturk.com\/index.php\/wp-json\/wp\/v2\/posts"}],"about":[{"href":"http:\/\/www.tvturk.com\/index.php\/wp-json\/wp\/v2\/types\/post"}],"author":[{"embeddable":true,"href":"http:\/\/www.tvturk.com\/index.php\/wp-json\/wp\/v2\/users\/1"}],"replies":[{"embeddable":true,"href":"http:\/\/www.tvturk.com\/index.php\/wp-json\/wp\/v2\/comments?post=198545"}],"version-history":[{"count":0,"href":"http:\/\/www.tvturk.com\/index.php\/wp-json\/wp\/v2\/posts\/198545\/revisions"}],"wp:featuredmedia":[{"embeddable":true,"href":"http:\/\/www.tvturk.com\/index.php\/wp-json\/wp\/v2\/media\/198546"}],"wp:attachment":[{"href":"http:\/\/www.tvturk.com\/index.php\/wp-json\/wp\/v2\/media?parent=198545"}],"wp:term":[{"taxonomy":"category","embeddable":true,"href":"http:\/\/www.tvturk.com\/index.php\/wp-json\/wp\/v2\/categories?post=198545"},{"taxonomy":"post_tag","embeddable":true,"href":"http:\/\/www.tvturk.com\/index.php\/wp-json\/wp\/v2\/tags?post=198545"}],"curies":[{"name":"wp","href":"https:\/\/api.w.org\/{rel}","templated":true}]}}