{"id":198547,"date":"2019-09-01T17:31:49","date_gmt":"2019-09-01T14:31:49","guid":{"rendered":"http:\/\/www.tvturk.com\/index.php\/yuzlerce-modifiyeli-aracin-bulusmasi-havadan-goruntulendi\/"},"modified":"2019-09-01T17:31:49","modified_gmt":"2019-09-01T14:31:49","slug":"yuzlerce-modifiyeli-aracin-bulusmasi-havadan-goruntulendi","status":"publish","type":"post","link":"http:\/\/www.tvturk.com\/index.php\/yuzlerce-modifiyeli-aracin-bulusmasi-havadan-goruntulendi\/","title":{"rendered":"Y\u00fczlerce modifiyeli arac\u0131n bulu\u015fmas\u0131 havadan g\u00f6r\u00fcnt\u00fclendi"},"content":{"rendered":"<p>\u00c7ekmek\u00f6y Belediyesi taraf\u0131ndan d\u00fczenlenen \u00c7ekmek\u00f6y Car Fest 2019\u2019da y\u00fczlerce modifiyeli ara\u00e7 bir araya geldi. Festivalin sonunda trafi\u011fe kapal\u0131 alanda drift \u015fov yap\u0131ld\u0131. Festivale kat\u0131lan modifiye tutkunlar\u0131, kendilerinin ak\u0131llarda yer edinenin aksine h\u0131za kar\u015f\u0131 olduklar\u0131n\u0131 vurgulad\u0131.<\/p>\n<p>Y\u00fczlerce modifiye tutkunu, \u00c7ekmek\u00f6y Belediyesi taraf\u0131ndan d\u00fczenlenen \u00c7ekmek\u00f6y Car Fest 2019\u2019da bir araya geldi. Rengarenk ara\u00e7lar\u0131n\u0131 sergileyen ve birinci olabilmek i\u00e7in yar\u0131\u015fan ara\u00e7 sahipleri, alanda d\u00fczenlenen Ersan Er konseriyle de m\u00fczik \u015f\u00f6leni ya\u015fad\u0131. Kenan Sa\u011fd\u0131\u00e7 isimli modifiye tutkununa ait arac\u0131n birincilik \u00f6d\u00fcl\u00fc ald\u0131\u011f\u0131 festivale kat\u0131lan y\u00fczlerce ara\u00e7 hem renkleri, hem teknik donan\u0131mlar\u0131, hem de ses sistemleriyle g\u00f6r\u00fcc\u00fcye \u00e7\u0131kt\u0131. Ara\u00e7lardan y\u00fckselen m\u00fczik sesleriyle kendinden ge\u00e7en ara\u00e7 sahipleri ve arkada\u015flar\u0131, oyun oynay\u0131p halay \u00e7ekmeyi de ihmal etmedi.<\/p>\n<p>Eski Ulus Pazar\u0131 Meydan\u0131\u2019nda kurulan festival alan\u0131nda olu\u015fturulan trafi\u011fe kapal\u0131 alanda s\u0131k\u0131 g\u00fcvenlik \u00f6nlemleri alt\u0131nda drift \u015fov da yap\u0131ld\u0131. O anlar \u0130HA taraf\u0131ndan havadan g\u00f6r\u00fcnt\u00fclendi. Modifiye tutkunlar\u0131, kendilerine kar\u015f\u0131 olumsuz bir alg\u0131n\u0131n oldu\u011funu \u00f6ne s\u00fcrerek, ak\u0131llardakinin aksine y\u00fcksek h\u0131za ve tehlikeli s\u00fcr\u00fc\u015fe kar\u015f\u0131 olduklar\u0131n\u0131 s\u00f6ylediler. Modifiye ara\u00e7lara ses sistemi yapan bir vatanda\u015f, \u201cBunu yapma amac\u0131m\u0131z insanlara kaliteli m\u00fczik dinletmek. Hem insanlar\u0131n b\u00fct\u00e7esine de uygun bir sistem. Toplam 280 lira masraf\u0131 var arac\u0131n. Arac\u0131n kendisi ise 15 bin lira\u201d dedi.<\/p>\n<p>Arac\u0131n\u0131n T\u00fcrkiye\u2019de benzeri olmad\u0131\u011f\u0131n\u0131 s\u00f6yleyen bir s\u00fcr\u00fcc\u00fc ise, \u201cT\u00fcrkiye\u2019de tek olarak kabul etti\u011fimiz bir ara\u00e7. \u00dcst\u00fcne bir ara\u00e7 \u00e7\u0131karsa bu arac\u0131 yakmaya talibiz. Bu kadar iddial\u0131y\u0131z. Her girdi\u011fimiz fuarda kendimizi  sevindirip, rakiplerimizi \u00fcz\u00fcyoruz. Bu da bizim modifiye alemine getirdi\u011fimiz hakl\u0131 rekabetin bir sonucu\u201d diye konu\u015ftu.<\/p>\n<p>Sadece trafi\u011fe kapal\u0131 alanlarda h\u0131z yapt\u0131klar\u0131n\u0131 dile getiren ara\u00e7 sahibi, \u201cAra\u00e7 245 kilometre h\u0131z\u0131 13 saniyede g\u00f6r\u00fcyor. H\u0131z\u0131 sadece trafi\u011fe kapal\u0131 alanlarda yap\u0131yoruz. Zaten h\u0131za kar\u015f\u0131y\u0131z. Emniyet kemerimizle, \u00e7evreye rahats\u0131zl\u0131k vermeden, insanlar\u0131n hayat\u0131n\u0131 tehlikeye atmadan ara\u00e7 kullan\u0131yoruz. Burada tamamen g\u00f6rsel ama\u00e7l\u0131, eme\u011fimize kar\u015f\u0131l\u0131k ara\u00e7lar\u0131m\u0131z\u0131 getirdik. Otobanlarda kesinlikle h\u0131z yapmayal\u0131m. Emniyet kemerlerimiz tak\u0131l\u0131 olsun. Can g\u00fcvenli\u011fi bizim i\u00e7in \u00e7ok \u00f6nemli\u201d dedi.<\/p>\n<p>Modifiye tutkusunun daha \u00e7ok g\u00f6rsel ama\u00e7l\u0131 oldu\u011funu kaydeden gen\u00e7 s\u00fcr\u00fcc\u00fc ise, \u201cNormal arabalar ho\u015fumuza gitmiyor. Bu tarz ara\u00e7lar daha \u00e7ok ho\u015fumuza gidiyor. Kendimize g\u00f6re \u00f6zelle\u015ftirmek, ki\u015fiselle\u015ftirmek daha \u00e7ok zevk veriyor bize. Arac\u0131n yakla\u015f\u0131k 30 bin lira masraf\u0131 var. Kendisi 40 bin lira. Arac\u0131m a\u011f\u0131r oldu\u011fu i\u00e7in h\u0131z yapm\u0131yorum, h\u0131z yapmay\u0131 da sevmiyorum. H\u0131z yapmaya kar\u015f\u0131y\u0131z. Biz daha \u00e7ok g\u00f6rsel ama\u00e7l\u0131 fuarlara kat\u0131l\u0131yoruz. Emniyet kemeri de her zaman tak\u0131l\u0131. Kimsenin can\u0131na mal olmayal\u0131m\u201d ifadelerini kulland\u0131.<\/p>\n<p>Egzoz nedeniyle \u00e7ok ceza yediklerine dikkat \u00e7eken bir ba\u015fka gen\u00e7 ara\u00e7 sahibi, \u201cEgzoz sadece g\u00f6r\u00fcnt\u00fc ama\u00e7l\u0131. \u00c7ok y\u00fcksek ses \u00e7\u0131karm\u0131yor ama polisler taraf\u0131ndan \u00e7ok abart\u0131l\u0131yor. Sadece teknik de\u011fi\u015fiklikten dolay\u0131 bile ceza yazabiliyorlar bize. Arac\u0131n fabrika \u00e7\u0131k\u0131\u015f\u0131 bu zaten. Bizim yapt\u0131\u011f\u0131m\u0131z de\u011fi\u015fiklik sadece yaylarla alakal\u0131. Ama emniyet taraf\u0131ndan \u00e7ok abart\u0131l\u0131yor. D\u00fcn baz\u0131 arkada\u015flar\u0131m\u0131z\u0131n bununla alakal\u0131 ara\u00e7lar\u0131 ba\u011fland\u0131. Modifiye su\u00e7 de\u011fil, ya\u015fam tarz\u0131. Biz sadece arabalar\u0131m\u0131z\u0131 seviyoruz. Biz de kendimizi buna verdik\u201d diyerek sitemde bulundu.<\/p>\n<p>Arac\u0131yla g\u00f6rsel birincilik \u00f6d\u00fcl\u00fcn\u00fc kazanan Kenan Sa\u011fd\u0131\u00e7, \u201cO kadar \u00e7ok teknik de\u011fi\u015fiklik var ki anlatmakla bitmez. Bu bizim ya\u015fam bi\u00e7imimiz olmu\u015f. Ama en az\u0131ndan k\u00f6t\u00fc al\u0131\u015fkanl\u0131klardan uzak duruyoruz. Devlet b\u00fcy\u00fcklerimizden de istiyoruz ki bizi biraz rahat b\u0131raks\u0131nlar. Kimseyi rahats\u0131z etmiyoruz, g\u00f6rselli\u011fe \u00f6nem veriyoruz. Yapt\u0131\u011f\u0131m\u0131z \u00e7ok k\u0131nan\u0131yor, rahat gezemiyoruz sokaklarda. Biz bu i\u015fi seviyoruz, bu i\u015ften ekmek kazan\u0131yoruz. H\u0131z elbette yap\u0131yoruz, riske atacak \u015fekilde de\u011fil de \u00f6rne\u011fin \u0130stanbul Park\u2019a giderek yap\u0131yoruz. Art\u0131k T\u00fcrkiye\u2019nin gen\u00e7leri baz\u0131 \u015feyleri a\u015ft\u0131. Emniyet kemeri tabii ki tak\u0131yoruz, takmasak da takt\u0131r\u0131yorlar\u201d dedi.<\/p>\n<p>Efsane olmu\u015f yerli marka arac\u0131yla festivale kat\u0131lan gen\u00e7 s\u00fcr\u00fcc\u00fc, \u201cBu i\u015fi seviyoruz. \u00c7ocukluktan gelen bir a\u015fk. Mecbur ya\u015fatmak zorunday\u0131z ki gen\u00e7lerimiz g\u00f6rs\u00fcn. Bu araba 93 model. T\u00fcrkiye\u2019nin en orijinali \u015fu anda. Bir tane de\u011fi\u015feni ve kazas\u0131 yok. Dedemizin arabas\u0131. Garajdan \u00e7\u0131kma ve temiz bir arac\u0131m\u0131z\u201d diye konu\u015ftu.<\/p>\n<p>\u00c7ekmek\u00f6y Car Fest\u2019te mavi renkli sa\u00e7lar\u0131yla dikkat \u00e7eken kad\u0131n modifiye tutkunu ise \u015funlar\u0131 s\u00f6yledi:<\/p>\n<p>\u201cRenkli olan her \u015feyi \u00e7ok seviyorum. Favori rengim mavi. Bu ara\u00e7lara kar\u015f\u0131 trafikte \u00f6zellikle polisler biraz fazla \u00f6n yarg\u0131l\u0131 oluyorlar. Her modifiyeli ara\u00e7 trafik canavar\u0131 de\u011fildir. Modifiye bir ya\u015fam tarz\u0131d\u0131r ve ger\u00e7ekten insanlar bunu zevk alarak bir ya\u015fam bi\u00e7imine d\u00f6n\u00fc\u015ft\u00fcrm\u00fc\u015f. Trafik kurallar\u0131na da uyuyoruz. Serserilik vesaire modifiyeyle alakal\u0131 bir \u015fey de\u011fil. Bu insan\u0131n psikolojisiyle alakal\u0131 ve bunu insan\u0131n arabas\u0131n\u0131n g\u00f6r\u00fcnt\u00fcs\u00fcnden anlayamazs\u0131n\u0131z.\u201d<\/p>\n","protected":false},"excerpt":{"rendered":"<p>\u00c7EKMEK\u00d6Y BELED\u0130YES\u0130 TARAFINDAN D\u00dcZENLENEN \u00c7EKMEK\u00d6Y CAR FEST 2019\u2019DA Y\u00dcZLERCE MOD\u0130F\u0130YEL\u0130 ARA\u00c7 B\u0130R ARAYA GELD\u0130. FEST\u0130VAL\u0130N SONUNDA TRAF\u0130\u011eE KAPALI ALANDA DR\u0130FT \u015eOV YAPILDI.<\/p>\n","protected":false},"author":1,"featured_media":198548,"comment_status":"closed","ping_status":"open","sticky":false,"template":"","format":"standard","meta":{"jetpack_post_was_ever_published":false,"_jetpack_newsletter_access":"","_jetpack_dont_email_post_to_subs":false,"_jetpack_newsletter_tier_id":0,"_jetpack_memberships_contains_paywalled_content":false,"_jetpack_memberships_contains_paid_content":false,"footnotes":"","jetpack_publicize_message":"","jetpack_publicize_feature_enabled":true,"jetpack_social_post_already_shared":true,"jetpack_social_options":{"image_generator_settings":{"template":"highway","default_image_id":0,"font":"","enabled":false},"version":2}},"categories":[1],"tags":[826,8164,3388,3387,33671,2445],"class_list":["post-198547","post","type-post","status-publish","format-standard","has-post-thumbnail","hentry","category-genel","tag-aracin","tag-bulusmasi","tag-goruntulendi","tag-havadan","tag-modifiyeli","tag-yuzlerce"],"jetpack_publicize_connections":[],"jetpack_featured_media_url":"https:\/\/i0.wp.com\/www.tvturk.com\/wp-content\/uploads\/2019\/09\/yuzlerce-modifiyeli-aracin-bulusmasi-havadan-goruntulendi_f679a2f.jpg?fit=1000%2C562","jetpack_sharing_enabled":true,"jetpack_shortlink":"https:\/\/wp.me\/paKIfm-PEn","_links":{"self":[{"href":"http:\/\/www.tvturk.com\/index.php\/wp-json\/wp\/v2\/posts\/198547","targetHints":{"allow":["GET"]}}],"collection":[{"href":"http:\/\/www.tvturk.com\/index.php\/wp-json\/wp\/v2\/posts"}],"about":[{"href":"http:\/\/www.tvturk.com\/index.php\/wp-json\/wp\/v2\/types\/post"}],"author":[{"embeddable":true,"href":"http:\/\/www.tvturk.com\/index.php\/wp-json\/wp\/v2\/users\/1"}],"replies":[{"embeddable":true,"href":"http:\/\/www.tvturk.com\/index.php\/wp-json\/wp\/v2\/comments?post=198547"}],"version-history":[{"count":0,"href":"http:\/\/www.tvturk.com\/index.php\/wp-json\/wp\/v2\/posts\/198547\/revisions"}],"wp:featuredmedia":[{"embeddable":true,"href":"http:\/\/www.tvturk.com\/index.php\/wp-json\/wp\/v2\/media\/198548"}],"wp:attachment":[{"href":"http:\/\/www.tvturk.com\/index.php\/wp-json\/wp\/v2\/media?parent=198547"}],"wp:term":[{"taxonomy":"category","embeddable":true,"href":"http:\/\/www.tvturk.com\/index.php\/wp-json\/wp\/v2\/categories?post=198547"},{"taxonomy":"post_tag","embeddable":true,"href":"http:\/\/www.tvturk.com\/index.php\/wp-json\/wp\/v2\/tags?post=198547"}],"curies":[{"name":"wp","href":"https:\/\/api.w.org\/{rel}","templated":true}]}}