{"id":198549,"date":"2019-09-01T17:31:54","date_gmt":"2019-09-01T14:31:54","guid":{"rendered":"http:\/\/www.tvturk.com\/index.php\/esenlerde-gerceklestirilen-ucurtma-senligi-renkli-goruntulere-sahne-oldu\/"},"modified":"2019-09-01T17:31:54","modified_gmt":"2019-09-01T14:31:54","slug":"esenlerde-gerceklestirilen-ucurtma-senligi-renkli-goruntulere-sahne-oldu","status":"publish","type":"post","link":"http:\/\/www.tvturk.com\/index.php\/esenlerde-gerceklestirilen-ucurtma-senligi-renkli-goruntulere-sahne-oldu\/","title":{"rendered":"Esenler\u2019de ger\u00e7ekle\u015ftirilen U\u00e7urtma \u015eenli\u011fi renkli g\u00f6r\u00fcnt\u00fclere sahne oldu"},"content":{"rendered":"<p>Esenler\u2019de yaz etkinlikleri kapsam\u0131nda d\u00fczenlenen U\u00e7urtma \u015eenli\u011fi renkli g\u00f6r\u00fcnt\u00fclere sahne oldu. Hafta sonunu f\u0131rsat bilen vatanda\u015flar, \u015fenli\u011fin keyfini doyas\u0131ya ya\u015fad\u0131.<\/p>\n<p>Esenler\u2019de d\u00fczenlenen U\u00e7urtma \u015eenli\u011fi\u2019nde birbirinden renkli u\u00e7urtmalar g\u00f6ky\u00fcz\u00fcn\u00fc s\u00fcsledi. Esenler Belediyesi taraf\u0131ndan yaz etkinlikleri kapsam\u0131nda ger\u00e7ekle\u015ftirilen \u015fenli\u011fe vatanda\u015flar adeta ak\u0131n etti. Hafta sonunu f\u0131rsat bilen Esenlerliler 15 Temmuz Millet Bah\u00e7esi\u2019nde u\u00e7urtma u\u00e7urman\u0131n keyfini ya\u015fad\u0131. Baz\u0131 vatanda\u015flar ise yo\u011fun r\u00fczgardan dolay\u0131 u\u00e7urtma u\u00e7ururken olduk\u00e7a zorland\u0131. Etkinli\u011fe Esenler Belediye Ba\u015fkan\u0131 Mehmet Tevfik G\u00f6ksu da kat\u0131ld\u0131. Ba\u015fkan G\u00f6ksu\u2019ya vatanda\u015flar\u0131n ilgisi yo\u011fun olurken G\u00f6ksu\u2019da u\u00e7urtma u\u00e7urmay\u0131 ihmal etmedi. \u015eenlikte ayr\u0131ca \u00e7ocuklar i\u00e7in \u00e7e\u015fitli etkinlikler de d\u00fczenlenirken, 200 \u00e7ocuk i\u00e7in 600 u\u00e7urtma da\u011f\u0131t\u0131ld\u0131.<\/p>\n<p>&#8220;\u00c7ocuklar\u0131m\u0131z ile beraber d\u00fcnya bar\u0131\u015f g\u00fcn\u00fc m\u00fcnasebeti ile u\u00e7urtmalar\u0131m\u0131z\u0131 u\u00e7uruyoruz&#8221;<\/p>\n<p>Bar\u0131\u015f\u0131n ve huzurun sembol\u00fcn\u00fcn \u00e7ocuklar oldu\u011funu dile getiren Esenler Belediye Ba\u015fkan\u0131 Mehmet Tevfik G\u00f6ksu, &#8220;Bu \u015fenli\u011fi \u00f6zellikle 1 Eyl\u00fcl D\u00fcnya Bar\u0131\u015f G\u00fcn\u00fc nedeniyle yapmak istedik. \u0130nsanl\u0131\u011f\u0131n bar\u0131\u015fa ve huzura en fazla ihtiya\u00e7 duydu\u011fu bir d\u00f6nemde ya\u015f\u0131yoruz. Bar\u0131\u015f ve huzurun sembol\u00fc ve simgesi \u00e7ocuklard\u0131r. Bar\u0131\u015f\u0131n ve huzurun bozuldu\u011fu yerde en \u00e7ok ac\u0131 \u00e7eken \u00e7ocuklar olur. \u00c7ocuklar\u0131n, g\u00f6ky\u00fcz\u00fcn\u00fcn semas\u0131na bayraklar\u0131 ya da u\u00e7urtmalar\u0131yla s\u00f6yledikleri mesajla yery\u00fcz\u00fcnde huzur, bereket, karde\u015flik istediklerini s\u00f6ylemesini istedik. Bug\u00fcn \u00e7ocuklar\u0131m\u0131z ile beraber d\u00fcnya bar\u0131\u015f g\u00fcn\u00fc m\u00fcnasebeti ile u\u00e7urtmalar\u0131m\u0131z\u0131 u\u00e7uruyoruz. 200 \u00e7ocuk 600 u\u00e7urtma ile u\u00e7urtmalar\u0131n\u0131 u\u00e7uruyorlar. Art\u0131k geleneksel hale gelecek. Buras\u0131 millet bah\u00e7emiz ve buran\u0131n arka taraf\u0131nda b\u00fcy\u00fck \u00e7ocuk parklar\u0131 yap\u0131l\u0131yor. O zaman geleneksel olarak \u00e7ok daha h\u0131zl\u0131 bir \u015fekilde devam edecek&#8221; diye konu\u015ftu.<\/p>\n<p>\u015eenlikten en \u00e7ok \u00e7ocuklar mutlu<\/p>\n<p>U\u00e7urtma u\u00e7urmay\u0131 \u00f6\u011frenmeye geldi\u011fini s\u00f6yleyen bir \u00e7ocuk, &#8220;Buraya u\u00e7urtma u\u00e7urmak i\u00e7in geldim. Gezdim, dola\u015ft\u0131m, foto\u011fraf \u00e7ektirdim. U\u00e7urtma u\u00e7urmay\u0131 bilmiyorum ama \u00f6\u011frenmeye geldim. \u00c7ok mutluyum. Herkes buraya gelsin. Buras\u0131 \u00e7ok g\u00fczel. Belediye ba\u015fkan\u0131m\u0131za te\u015fekk\u00fcr ediyorum&#8221; dedi.<\/p>\n","protected":false},"excerpt":{"rendered":"<p>ESENLER&#8217;DE YAZ ETK\u0130NL\u0130KLER\u0130 KAPSAMINDA D\u00dcZENLENEN U\u00c7URTMA \u015eENL\u0130\u011e\u0130 RENKL\u0130 G\u00d6R\u00dcNT\u00dcLERE SAHNE OLDU. HAFTA SONUNU FIRSAT B\u0130LEN VATANDA\u015eLAR \u015eENL\u0130\u011e\u0130N KEYF\u0130N\u0130 DOYASIYA YA\u015eADI.<\/p>\n","protected":false},"author":1,"featured_media":198550,"comment_status":"closed","ping_status":"open","sticky":false,"template":"","format":"standard","meta":{"jetpack_post_was_ever_published":false,"_jetpack_newsletter_access":"","_jetpack_dont_email_post_to_subs":false,"_jetpack_newsletter_tier_id":0,"_jetpack_memberships_contains_paywalled_content":false,"_jetpack_memberships_contains_paid_content":false,"footnotes":"","jetpack_publicize_message":"","jetpack_publicize_feature_enabled":true,"jetpack_social_post_already_shared":true,"jetpack_social_options":{"image_generator_settings":{"template":"highway","default_image_id":0,"font":"","enabled":false},"version":2}},"categories":[1],"tags":[14497,22699,1574,77,4128,5135,3033,32946],"class_list":["post-198549","post","type-post","status-publish","format-standard","has-post-thumbnail","hentry","category-genel","tag-esenlerde","tag-gerceklestirilen","tag-goruntulere","tag-oldu","tag-renkli","tag-sahne","tag-senligi","tag-ucurtma"],"jetpack_publicize_connections":[],"jetpack_featured_media_url":"https:\/\/i0.wp.com\/www.tvturk.com\/wp-content\/uploads\/2019\/09\/esenlerde-gerceklestirilen-ucurtma-senligi-renkli-goruntulere-sahne-oldu_c28c52d.jpg?fit=1000%2C750","jetpack_sharing_enabled":true,"jetpack_shortlink":"https:\/\/wp.me\/paKIfm-PEp","_links":{"self":[{"href":"http:\/\/www.tvturk.com\/index.php\/wp-json\/wp\/v2\/posts\/198549","targetHints":{"allow":["GET"]}}],"collection":[{"href":"http:\/\/www.tvturk.com\/index.php\/wp-json\/wp\/v2\/posts"}],"about":[{"href":"http:\/\/www.tvturk.com\/index.php\/wp-json\/wp\/v2\/types\/post"}],"author":[{"embeddable":true,"href":"http:\/\/www.tvturk.com\/index.php\/wp-json\/wp\/v2\/users\/1"}],"replies":[{"embeddable":true,"href":"http:\/\/www.tvturk.com\/index.php\/wp-json\/wp\/v2\/comments?post=198549"}],"version-history":[{"count":0,"href":"http:\/\/www.tvturk.com\/index.php\/wp-json\/wp\/v2\/posts\/198549\/revisions"}],"wp:featuredmedia":[{"embeddable":true,"href":"http:\/\/www.tvturk.com\/index.php\/wp-json\/wp\/v2\/media\/198550"}],"wp:attachment":[{"href":"http:\/\/www.tvturk.com\/index.php\/wp-json\/wp\/v2\/media?parent=198549"}],"wp:term":[{"taxonomy":"category","embeddable":true,"href":"http:\/\/www.tvturk.com\/index.php\/wp-json\/wp\/v2\/categories?post=198549"},{"taxonomy":"post_tag","embeddable":true,"href":"http:\/\/www.tvturk.com\/index.php\/wp-json\/wp\/v2\/tags?post=198549"}],"curies":[{"name":"wp","href":"https:\/\/api.w.org\/{rel}","templated":true}]}}