{"id":198581,"date":"2019-09-01T20:46:05","date_gmt":"2019-09-01T17:46:05","guid":{"rendered":"http:\/\/www.tvturk.com\/index.php\/israil-ordusu-lubnana-topcu-saldirisi-duzenledi\/"},"modified":"2019-09-01T20:46:05","modified_gmt":"2019-09-01T17:46:05","slug":"israil-ordusu-lubnana-topcu-saldirisi-duzenledi","status":"publish","type":"post","link":"http:\/\/www.tvturk.com\/index.php\/israil-ordusu-lubnana-topcu-saldirisi-duzenledi\/","title":{"rendered":"\u0130srail ordusu, L\u00fcbnan\u2019a top\u00e7u sald\u0131r\u0131s\u0131 d\u00fczenledi"},"content":{"rendered":"<p>\u0130srail ordusu, Hizbullah\u2019\u0131n sald\u0131r\u0131s\u0131na yan\u0131t olarak G\u00fcney L\u00fcbnan\u2019daki baz\u0131 b\u00f6lgelere top\u00e7u sald\u0131r\u0131s\u0131 d\u00fczenledi\u011fini a\u00e7\u0131klad\u0131.<\/p>\n<p>\u0130srail ordusundan yap\u0131lan yaz\u0131l\u0131 a\u00e7\u0131klamada, G\u00fcney L\u00fcbnan\u2019a top\u00e7u sald\u0131r\u0131s\u0131 d\u00fczenledi\u011fi ve L\u00fcbnan\u2019dan ate\u015f edilen kaynaklara ate\u015fle kar\u015f\u0131l\u0131k verildi\u011fi belirtildi. A\u00e7\u0131klamada, top\u00e7u sald\u0131r\u0131n\u0131n Hizbullah taraf\u0131ndan \u0130srail\u2019in kuzeyindeki bir \u00fcsse ve askeri ara\u00e7lara 3 tanksavar f\u00fczesiyle yap\u0131lan sald\u0131r\u0131ya yan\u0131t olarak d\u00fczenlendi\u011fi ifade edildi. \u0130srail Ba\u015fbakan\u0131 Binyamin Netanyahu, Hizbullah\u2019\u0131n sald\u0131r\u0131s\u0131nda hi\u00e7 kimsenin yaralanmad\u0131\u011f\u0131n\u0131 a\u00e7\u0131klad\u0131. Gerginli\u011fin ard\u0131ndan \u0130srail g\u00fcvenlik g\u00fc\u00e7lerinin \u0130srail kuzeyindeki ya\u015fayan \u0130sraillilerin normal hayatlar\u0131na d\u00f6nmesine karar verdi\u011fi aktar\u0131ld\u0131.<\/p>\n","protected":false},"excerpt":{"rendered":"<p>\u0130SRA\u0130L ORDUSU, H\u0130ZBULLAH&#8217;IN SALDIRISINA YANIT OLARAK G\u00dcNEY L\u00dcBNAN&#8217;DAK\u0130 BAZI B\u00d6LGELERE TOP\u00c7U SALDIRISI D\u00dcZENLED\u0130\u011e\u0130N\u0130 A\u00c7IKLADI<\/p>\n","protected":false},"author":1,"featured_media":198582,"comment_status":"closed","ping_status":"open","sticky":false,"template":"","format":"standard","meta":{"jetpack_post_was_ever_published":false,"_jetpack_newsletter_access":"","_jetpack_dont_email_post_to_subs":false,"_jetpack_newsletter_tier_id":0,"_jetpack_memberships_contains_paywalled_content":false,"_jetpack_memberships_contains_paid_content":false,"footnotes":"","jetpack_publicize_message":"","jetpack_publicize_feature_enabled":true,"jetpack_social_post_already_shared":true,"jetpack_social_options":{"image_generator_settings":{"template":"highway","default_image_id":0,"font":"","enabled":false},"version":2}},"categories":[10],"tags":[12361,8494,43794,15004,15827,13537],"class_list":["post-198581","post","type-post","status-publish","format-standard","has-post-thumbnail","hentry","category-dunya","tag-duzenledi","tag-israil","tag-lubnana","tag-ordusu","tag-saldirisi","tag-topcu"],"jetpack_publicize_connections":[],"jetpack_featured_media_url":"https:\/\/i0.wp.com\/www.tvturk.com\/wp-content\/uploads\/2019\/09\/israil-ordusu-lubnana-topcu-saldirisi-duzenledi_1e4daae.jpg?fit=800%2C534","jetpack_sharing_enabled":true,"jetpack_shortlink":"https:\/\/wp.me\/paKIfm-PEV","_links":{"self":[{"href":"http:\/\/www.tvturk.com\/index.php\/wp-json\/wp\/v2\/posts\/198581","targetHints":{"allow":["GET"]}}],"collection":[{"href":"http:\/\/www.tvturk.com\/index.php\/wp-json\/wp\/v2\/posts"}],"about":[{"href":"http:\/\/www.tvturk.com\/index.php\/wp-json\/wp\/v2\/types\/post"}],"author":[{"embeddable":true,"href":"http:\/\/www.tvturk.com\/index.php\/wp-json\/wp\/v2\/users\/1"}],"replies":[{"embeddable":true,"href":"http:\/\/www.tvturk.com\/index.php\/wp-json\/wp\/v2\/comments?post=198581"}],"version-history":[{"count":0,"href":"http:\/\/www.tvturk.com\/index.php\/wp-json\/wp\/v2\/posts\/198581\/revisions"}],"wp:featuredmedia":[{"embeddable":true,"href":"http:\/\/www.tvturk.com\/index.php\/wp-json\/wp\/v2\/media\/198582"}],"wp:attachment":[{"href":"http:\/\/www.tvturk.com\/index.php\/wp-json\/wp\/v2\/media?parent=198581"}],"wp:term":[{"taxonomy":"category","embeddable":true,"href":"http:\/\/www.tvturk.com\/index.php\/wp-json\/wp\/v2\/categories?post=198581"},{"taxonomy":"post_tag","embeddable":true,"href":"http:\/\/www.tvturk.com\/index.php\/wp-json\/wp\/v2\/tags?post=198581"}],"curies":[{"name":"wp","href":"https:\/\/api.w.org\/{rel}","templated":true}]}}