{"id":198611,"date":"2019-09-01T23:16:36","date_gmt":"2019-09-01T20:16:36","guid":{"rendered":"http:\/\/www.tvturk.com\/index.php\/cumhurbaskani-erdogan-is-adami-halil-ibrahim-dagi-ziyaret-etti\/"},"modified":"2019-09-01T23:16:36","modified_gmt":"2019-09-01T20:16:36","slug":"cumhurbaskani-erdogan-is-adami-halil-ibrahim-dagi-ziyaret-etti","status":"publish","type":"post","link":"http:\/\/www.tvturk.com\/index.php\/cumhurbaskani-erdogan-is-adami-halil-ibrahim-dagi-ziyaret-etti\/","title":{"rendered":"Cumhurba\u015fkan\u0131 Erdo\u011fan, i\u015f adam\u0131 Halil \u0130brahim Da\u011f\u2019\u0131 ziyaret etti"},"content":{"rendered":"<p>Cumhurba\u015fkan\u0131 Recep Tayyip Erdo\u011fan, Konya\u2019daki programlar\u0131n\u0131n ard\u0131ndan i\u015f adam\u0131 Halil \u0130brahim Da\u011f\u2019\u0131 ziyaret etti.<\/p>\n<p>Cumhurba\u015fkan\u0131 Erdo\u011fan, AK Parti Konya \u0130l Ba\u015fkanl\u0131\u011f\u0131 taraf\u0131ndan d\u00fczenlenen yemek program\u0131 sonras\u0131 merkez Sel\u00e7uklu il\u00e7esi Erenk\u00f6y Mahallesi\u2019ne ge\u00e7erek i\u015f adam\u0131 Halil \u0130brahim Da\u011f\u2019\u0131n evine misafir oldu. Bas\u0131na kapal\u0131 ger\u00e7ekle\u015fen ziyarette Da\u011f ile bir s\u00fcre g\u00f6r\u00fc\u015fen Cumhurba\u015fkan\u0131 Erdo\u011fan, d\u0131\u015far\u0131da bekleyen vatanda\u015flar\u0131 selamlayarak evden ayr\u0131ld\u0131.<\/p>\n","protected":false},"excerpt":{"rendered":"<p>CUMHURBA\u015eKANI RECEP TAYY\u0130P ERDO\u011eAN, KONYA\u2019DAK\u0130 PROGRAMLARININ ARDINDAN \u0130\u015e ADAMI HAL\u0130L \u0130BRAH\u0130M DA\u011e\u2019I Z\u0130YARET ETT\u0130.<\/p>\n","protected":false},"author":1,"featured_media":198612,"comment_status":"closed","ping_status":"open","sticky":false,"template":"","format":"standard","meta":{"jetpack_post_was_ever_published":false,"_jetpack_newsletter_access":"","_jetpack_dont_email_post_to_subs":false,"_jetpack_newsletter_tier_id":0,"_jetpack_memberships_contains_paywalled_content":false,"_jetpack_memberships_contains_paid_content":false,"footnotes":"","jetpack_publicize_message":"","jetpack_publicize_feature_enabled":true,"jetpack_social_post_already_shared":true,"jetpack_social_options":{"image_generator_settings":{"template":"highway","default_image_id":0,"font":"","enabled":false},"version":2}},"categories":[1],"tags":[433,503,8310,649,207,1396,602,432,150],"class_list":["post-198611","post","type-post","status-publish","format-standard","has-post-thumbnail","hentry","category-genel","tag-adami","tag-cumhurbaskani","tag-dagi","tag-erdogan","tag-etti","tag-halil","tag-ibrahim","tag-is","tag-ziyaret"],"jetpack_publicize_connections":[],"jetpack_featured_media_url":"https:\/\/i0.wp.com\/www.tvturk.com\/wp-content\/uploads\/2019\/09\/cumhurbaskani-erdogan-is-adami-halil-ibrahim-dagi-ziyaret-etti_91e0a65.jpg?fit=1000%2C809","jetpack_sharing_enabled":true,"jetpack_shortlink":"https:\/\/wp.me\/paKIfm-PFp","_links":{"self":[{"href":"http:\/\/www.tvturk.com\/index.php\/wp-json\/wp\/v2\/posts\/198611","targetHints":{"allow":["GET"]}}],"collection":[{"href":"http:\/\/www.tvturk.com\/index.php\/wp-json\/wp\/v2\/posts"}],"about":[{"href":"http:\/\/www.tvturk.com\/index.php\/wp-json\/wp\/v2\/types\/post"}],"author":[{"embeddable":true,"href":"http:\/\/www.tvturk.com\/index.php\/wp-json\/wp\/v2\/users\/1"}],"replies":[{"embeddable":true,"href":"http:\/\/www.tvturk.com\/index.php\/wp-json\/wp\/v2\/comments?post=198611"}],"version-history":[{"count":0,"href":"http:\/\/www.tvturk.com\/index.php\/wp-json\/wp\/v2\/posts\/198611\/revisions"}],"wp:featuredmedia":[{"embeddable":true,"href":"http:\/\/www.tvturk.com\/index.php\/wp-json\/wp\/v2\/media\/198612"}],"wp:attachment":[{"href":"http:\/\/www.tvturk.com\/index.php\/wp-json\/wp\/v2\/media?parent=198611"}],"wp:term":[{"taxonomy":"category","embeddable":true,"href":"http:\/\/www.tvturk.com\/index.php\/wp-json\/wp\/v2\/categories?post=198611"},{"taxonomy":"post_tag","embeddable":true,"href":"http:\/\/www.tvturk.com\/index.php\/wp-json\/wp\/v2\/tags?post=198611"}],"curies":[{"name":"wp","href":"https:\/\/api.w.org\/{rel}","templated":true}]}}