{"id":198697,"date":"2019-09-02T11:02:00","date_gmt":"2019-09-02T08:02:00","guid":{"rendered":"http:\/\/www.tvturk.com\/index.php\/terorun-kokunun-kazindigi-bolgede-dogal-guzellikler-ortaya-cikti\/"},"modified":"2019-09-02T11:02:00","modified_gmt":"2019-09-02T08:02:00","slug":"terorun-kokunun-kazindigi-bolgede-dogal-guzellikler-ortaya-cikti","status":"publish","type":"post","link":"http:\/\/www.tvturk.com\/index.php\/terorun-kokunun-kazindigi-bolgede-dogal-guzellikler-ortaya-cikti\/","title":{"rendered":"Ter\u00f6r\u00fcn k\u00f6k\u00fcn\u00fcn kaz\u0131nd\u0131\u011f\u0131 b\u00f6lgede do\u011fal g\u00fczellikler ortaya \u00e7\u0131kt\u0131"},"content":{"rendered":"<p>D\u0130YARBAKIR (\u0130HA) \u2013 Diyarbak\u0131r\u2019\u0131n Kulp il\u00e7esine ba\u011fl\u0131 \u0130nkaya k\u00f6y\u00fc, ge\u00e7ti\u011fimiz y\u0131llarda ya\u015fanan ter\u00f6r olaylar\u0131 nedeni ile hayalet k\u00f6ye b\u00fcr\u00fcnd\u00fc. Ger\u00e7ekle\u015ftirilen ba\u015far\u0131l\u0131 operasyonlar sonucu ter\u00f6r\u00fcn k\u00f6k\u00fcn\u00fcn kaz\u0131nmas\u0131 ile birlikte tekrar eski g\u00fcnlerine d\u00f6nen ve do\u011fal g\u00fczellikleri ile cennetten bir k\u00f6\u015feyi and\u0131ran \u0130nkaya k\u00f6y\u00fc, kap\u0131lar\u0131n\u0131 turistlere a\u00e7maya haz\u0131rlan\u0131yor.<\/p>\n<p>Yaz\u0131n serin ve k\u0131\u015f\u0131n ise s\u0131cak tarihi ma\u011faralar\u0131 ile bilinen \u0130nkaya k\u00f6y\u00fcnde ya\u015fayan vatanda\u015flar, ge\u00e7ti\u011fimiz y\u0131llarda ya\u015fanan ter\u00f6r olaylar\u0131 nedeni ile k\u00f6ylerini terk etmek zorunda kald\u0131. Y\u0131llarca do\u011fup b\u00fcy\u00fcd\u00fckleri k\u00f6ylerinden uzakta olan vatanda\u015flar, b\u00f6lgede ger\u00e7ekle\u015ftirilen ba\u015far\u0131l\u0131 operasyonlarla ter\u00f6r\u00fcn k\u00f6k\u00fcn\u00fcn kaz\u0131nmas\u0131 ile birlikte tekrar k\u00f6ylerinin yolunu tuttu. Tarihi ma\u011faralar\u0131 ve bal\u0131k \u00e7e\u015fmesi ile \u00fcnl\u00fc olan, do\u011fal g\u00fczelli\u011fi ile cennetten bir k\u00f6\u015feyi and\u0131ran \u0130nkaya k\u00f6y\u00fc, \u015fimdilerde yerli ve yabanc\u0131 turistler taraf\u0131ndan ke\u015ffedilmeyi bekliyor.<\/p>\n<p>Ter\u00f6r olaylar\u0131 k\u00f6y\u00fc bo\u015faltt\u0131<\/p>\n<p>Daha \u00f6nce \u0130nkaya k\u00f6y\u00fcnde ya\u015fayan ve ter\u00f6r olaylar\u0131 nedeni ile il\u00e7e merkezine g\u00f6\u00e7 eden M\u00fcfit Y\u0131ld\u0131z, ter\u00f6r nedeniyle k\u00f6ylerinden g\u00f6\u00e7 ettiklerini ve \u015fimdilerde ise piknik yapmak ve misafirlerine tarihlerini tan\u0131tmak i\u00e7in k\u00f6y\u00fc ziyaret ettiklerini s\u00f6yledi. Y\u0131ld\u0131z, \u201cBuras\u0131 y\u00fczlerce y\u0131ll\u0131k bir ge\u00e7mi\u015fe sahip. Eskiden bizde buralarda tarihle ya\u015f\u0131yorduk. Ter\u00f6r nedeniyle herkes terk etti, biz de Kulp\u2019a yerle\u015ftik. Yava\u015f yava\u015f buralar temizlendi, dedelerimizin ve babalar\u0131m\u0131z\u0131n ya\u015fad\u0131\u011f\u0131 yer, bizde gelip gidiyoruz. Buran\u0131n tarihi, suyu, de\u011firmeni gibi her yerinde farkl\u0131 farkl\u0131 g\u00fczellikler vard\u0131r. Ma\u011faralar \u00e7ok, eskiden burada ya\u015fayan vatanda\u015flar taraf\u0131ndan yap\u0131lm\u0131\u015f ma\u011faralar. Misafirlerimiz geldi\u011finde buraya getirip piknik yap\u0131yoruz. Yerli ve yabanc\u0131 turistleri burada a\u011f\u0131rlamak isteriz\u201d dedi.<\/p>\n<p>Ma\u011faralar ziyaret\u00e7ilerini bekliyor<\/p>\n<p>\u0130l\u00e7e merkezine g\u00f6\u00e7 eden 58 ya\u015f\u0131ndaki Azmi Y\u0131ld\u0131z ise daha \u00f6nce bu tarihi ma\u011faralarda insanlar\u0131n ya\u015fad\u0131\u011f\u0131n\u0131 dile getirdi. Y\u0131ld\u0131z, \u201cEskiden insanlar bu ma\u011faralarda ya\u015f\u0131yormu\u015f, bizim ailemiz de bu ma\u011faralarda ya\u015fam\u0131\u015f. Bu su kayalar\u0131n alt\u0131ndan \u00e7\u0131k\u0131yor, yaz\u0131n \u00e7ok so\u011fuk k\u0131\u015f\u0131n ise duman atarcas\u0131na s\u0131cak su. Daha \u00f6nce kimse buralara gelemezdi, \u015fimdilerde ise normale d\u00f6nd\u00fc, turistleri davet ediyoruz, gelip buralar\u0131 g\u00f6rmelerini istiyoruz. Buralar bo\u015flam\u0131\u015ft\u0131, \u015fimdilerde bah\u00e7e eken, \u00e7ad\u0131r kuran ev yapanlar var, daha sonradan baya bir yerle\u015fim oldu. Ter\u00f6rden temizlendi rahat ya\u015f\u0131yoruz \u015fimdilerde\u201d diye konu\u015ftu.<\/p>\n","protected":false},"excerpt":{"rendered":"<p>TER\u00d6R\u00dcN K\u00d6K\u00dcN\u00dcN KAZINDI\u011eI D\u0130YARBAKIR\u2019IN KULP \u0130L\u00c7ES\u0130NDE BA\u011eLI \u0130NKAYA K\u00d6Y\u00dc, YERL\u0130 VE YABANCI TUR\u0130STLER\u0130 BEKL\u0130YOR<\/p>\n","protected":false},"author":1,"featured_media":198698,"comment_status":"closed","ping_status":"open","sticky":false,"template":"","format":"standard","meta":{"jetpack_post_was_ever_published":false,"_jetpack_newsletter_access":"","_jetpack_dont_email_post_to_subs":false,"_jetpack_newsletter_tier_id":0,"_jetpack_memberships_contains_paywalled_content":false,"_jetpack_memberships_contains_paid_content":false,"footnotes":"","jetpack_publicize_message":"","jetpack_publicize_feature_enabled":true,"jetpack_social_post_already_shared":true,"jetpack_social_options":{"image_generator_settings":{"template":"highway","default_image_id":0,"font":"","enabled":false},"version":2}},"categories":[1],"tags":[21718,6835,1202,1084,49928,49927,18858,1201],"class_list":["post-198697","post","type-post","status-publish","format-standard","has-post-thumbnail","hentry","category-genel","tag-terorun","tag-bolgede","tag-cikti","tag-dogal","tag-guzellikler","tag-kazindigi","tag-kokunun","tag-ortaya"],"jetpack_publicize_connections":[],"jetpack_featured_media_url":"https:\/\/i0.wp.com\/www.tvturk.com\/wp-content\/uploads\/2019\/09\/terorun-kokunun-kazindigi-bolgede-dogal-guzellikler-ortaya-cikti_e8fc195.jpg?fit=1000%2C666","jetpack_sharing_enabled":true,"jetpack_shortlink":"https:\/\/wp.me\/paKIfm-PGN","_links":{"self":[{"href":"http:\/\/www.tvturk.com\/index.php\/wp-json\/wp\/v2\/posts\/198697","targetHints":{"allow":["GET"]}}],"collection":[{"href":"http:\/\/www.tvturk.com\/index.php\/wp-json\/wp\/v2\/posts"}],"about":[{"href":"http:\/\/www.tvturk.com\/index.php\/wp-json\/wp\/v2\/types\/post"}],"author":[{"embeddable":true,"href":"http:\/\/www.tvturk.com\/index.php\/wp-json\/wp\/v2\/users\/1"}],"replies":[{"embeddable":true,"href":"http:\/\/www.tvturk.com\/index.php\/wp-json\/wp\/v2\/comments?post=198697"}],"version-history":[{"count":0,"href":"http:\/\/www.tvturk.com\/index.php\/wp-json\/wp\/v2\/posts\/198697\/revisions"}],"wp:featuredmedia":[{"embeddable":true,"href":"http:\/\/www.tvturk.com\/index.php\/wp-json\/wp\/v2\/media\/198698"}],"wp:attachment":[{"href":"http:\/\/www.tvturk.com\/index.php\/wp-json\/wp\/v2\/media?parent=198697"}],"wp:term":[{"taxonomy":"category","embeddable":true,"href":"http:\/\/www.tvturk.com\/index.php\/wp-json\/wp\/v2\/categories?post=198697"},{"taxonomy":"post_tag","embeddable":true,"href":"http:\/\/www.tvturk.com\/index.php\/wp-json\/wp\/v2\/tags?post=198697"}],"curies":[{"name":"wp","href":"https:\/\/api.w.org\/{rel}","templated":true}]}}