{"id":198715,"date":"2019-09-02T11:16:47","date_gmt":"2019-09-02T08:16:47","guid":{"rendered":"http:\/\/www.tvturk.com\/index.php\/kadin-hizarci-ekmegini-odundan-cikartiyor\/"},"modified":"2019-09-02T11:16:47","modified_gmt":"2019-09-02T08:16:47","slug":"kadin-hizarci-ekmegini-odundan-cikartiyor","status":"publish","type":"post","link":"http:\/\/www.tvturk.com\/index.php\/kadin-hizarci-ekmegini-odundan-cikartiyor\/","title":{"rendered":"Kad\u0131n h\u0131zarc\u0131, ekme\u011fini odundan \u00e7\u0131kart\u0131yor"},"content":{"rendered":"<p>Tokat\u2019ta kocas\u0131na yard\u0131m eden kad\u0131n h\u0131zarc\u0131 ekme\u011fini odundan \u00e7\u0131kart\u0131yor.<\/p>\n<p>Tokat\u2019ta i\u015f\u00e7i emeklisi 4 \u00e7ocuk babas\u0131 Osman Akta\u015f (75) e\u015fi Ay\u015fe Akta\u015f (55) ile birlikte yakla\u015fan k\u0131\u015f mevsimi \u00f6ncesinde seyyar h\u0131zar arac\u0131 ile vatanda\u015fa hizmet veriyor. Emekli olduktan sonra yakla\u015f\u0131k 30 y\u0131ld\u0131r h\u0131zarc\u0131l\u0131k yapan ya\u015fl\u0131 adama en b\u00fcy\u00fck destek\u00e7isi ise e\u015fi. K\u00fct\u00fckleri, dal par\u00e7alar\u0131n\u0131 e\u015fi yard\u0131m\u0131 ile h\u0131zardan ge\u00e7iren Akta\u015f, birikimleri ile Hacca gittiklerini bir y\u0131lda e\u015fini Umre \u2019ye g\u00f6nderdi\u011fini s\u00f6yledi. \u0130\u015f\u00e7i paras\u0131n\u0131n fazla olmas\u0131 nedeniyle e\u015fi ile birlikte \u00e7al\u0131\u015fmaya ba\u015flad\u0131klar\u0131n\u0131 belirten Akta\u015f, \u201cHan\u0131mla beraber \u00e7al\u0131\u015f\u0131yoruz. Amele tutsam 100 lira yevmiye istiyor. Bug\u00fcn 60 lira para ald\u0131k, ne vereyim ona. O nedenle beraber \u00e7al\u0131\u015f\u0131yoruz. E\u015fime de hakk\u0131n\u0131 inkar etmiyorum, bazen veriyorum bazen vermiyorum. Kar\u0131 koca aras\u0131nda ufak tefek olacak o kadar\u201d dedi.<\/p>\n<p>Han\u0131m\u0131n\u0131n iste\u011fi \u00fczerine birlikte \u00e7al\u0131\u015fmaya karar verdiklerini ifade eden Akta\u015f, \u201cEvde \u00e7oluk \u00e7ocuk bizi i\u015fgal edecek kimse yok, \u2019Ameleye para verme birlikte \u00e7al\u0131\u015fal\u0131m hacca gidelim\u2019 dedi. Bir sene \u00e7al\u0131\u015ft\u0131k para biriktirdik. Yaz\u0131ld\u0131k, \u00e7\u0131kmad\u0131. \u0130kinci sene 2009 y\u0131l\u0131nda hac \u00e7\u0131kt\u0131. Hacc\u0131m\u0131z\u0131 yapt\u0131k. Ayr\u0131ca han\u0131m Umre\u2019ye gitti. Ge\u00e7inip gidiyoruz\u201d diye konu\u015ftu.<\/p>\n<p>Ay\u015fe Akta\u015f ise kocas\u0131na kendisinin \u00e7al\u0131\u015fmak i\u00e7in teklifte bulundu\u011funu ifade ederek, \u201cE\u015fime, ba\u015fkas\u0131n\u0131 \u00e7al\u0131\u015ft\u0131rma birlikte \u00e7al\u0131\u015fal\u0131m dedim. Rabbim nasip etti \u00e7al\u0131\u015ft\u0131k, kazand\u0131\u011f\u0131m\u0131zla Hacca gittik. Bu ya\u015fta \u00e7al\u0131\u015fmak zor olsa da ekme\u011fimizi al\u0131n teri ile kazan\u0131yoruz\u201d diye konu\u015ftu.<\/p>\n","protected":false},"excerpt":{"rendered":"<p>TOKAT\u2019TA E\u015e\u0130NE YARDIM EDEN KADIN HIZARCI EKME\u011e\u0130N\u0130 ODUNDAN \u00c7IKARTIYOR.<\/p>\n","protected":false},"author":1,"featured_media":198716,"comment_status":"closed","ping_status":"open","sticky":false,"template":"","format":"standard","meta":{"jetpack_post_was_ever_published":false,"_jetpack_newsletter_access":"","_jetpack_dont_email_post_to_subs":false,"_jetpack_newsletter_tier_id":0,"_jetpack_memberships_contains_paywalled_content":false,"_jetpack_memberships_contains_paid_content":false,"footnotes":"","jetpack_publicize_message":"","jetpack_publicize_feature_enabled":true,"jetpack_social_post_already_shared":true,"jetpack_social_options":{"image_generator_settings":{"template":"highway","default_image_id":0,"font":"","enabled":false},"version":2}},"categories":[1],"tags":[22316,30573,49932,108,49933],"class_list":["post-198715","post","type-post","status-publish","format-standard","has-post-thumbnail","hentry","category-genel","tag-cikartiyor","tag-ekmegini","tag-hizarci","tag-kadin","tag-odundan"],"jetpack_publicize_connections":[],"jetpack_featured_media_url":"https:\/\/i0.wp.com\/www.tvturk.com\/wp-content\/uploads\/2019\/09\/kadin-hizarci-ekmegini-odundan-cikartiyor_aa2750c.jpg?fit=1000%2C671","jetpack_sharing_enabled":true,"jetpack_shortlink":"https:\/\/wp.me\/paKIfm-PH5","_links":{"self":[{"href":"http:\/\/www.tvturk.com\/index.php\/wp-json\/wp\/v2\/posts\/198715","targetHints":{"allow":["GET"]}}],"collection":[{"href":"http:\/\/www.tvturk.com\/index.php\/wp-json\/wp\/v2\/posts"}],"about":[{"href":"http:\/\/www.tvturk.com\/index.php\/wp-json\/wp\/v2\/types\/post"}],"author":[{"embeddable":true,"href":"http:\/\/www.tvturk.com\/index.php\/wp-json\/wp\/v2\/users\/1"}],"replies":[{"embeddable":true,"href":"http:\/\/www.tvturk.com\/index.php\/wp-json\/wp\/v2\/comments?post=198715"}],"version-history":[{"count":0,"href":"http:\/\/www.tvturk.com\/index.php\/wp-json\/wp\/v2\/posts\/198715\/revisions"}],"wp:featuredmedia":[{"embeddable":true,"href":"http:\/\/www.tvturk.com\/index.php\/wp-json\/wp\/v2\/media\/198716"}],"wp:attachment":[{"href":"http:\/\/www.tvturk.com\/index.php\/wp-json\/wp\/v2\/media?parent=198715"}],"wp:term":[{"taxonomy":"category","embeddable":true,"href":"http:\/\/www.tvturk.com\/index.php\/wp-json\/wp\/v2\/categories?post=198715"},{"taxonomy":"post_tag","embeddable":true,"href":"http:\/\/www.tvturk.com\/index.php\/wp-json\/wp\/v2\/tags?post=198715"}],"curies":[{"name":"wp","href":"https:\/\/api.w.org\/{rel}","templated":true}]}}