{"id":198763,"date":"2019-09-02T12:31:24","date_gmt":"2019-09-02T09:31:24","guid":{"rendered":"http:\/\/www.tvturk.com\/index.php\/gurcistan-basbakani-bakhtadze-istifa-etti\/"},"modified":"2019-09-02T12:31:24","modified_gmt":"2019-09-02T09:31:24","slug":"gurcistan-basbakani-bakhtadze-istifa-etti","status":"publish","type":"post","link":"http:\/\/www.tvturk.com\/index.php\/gurcistan-basbakani-bakhtadze-istifa-etti\/","title":{"rendered":"G\u00fcrcistan Ba\u015fbakan\u0131 Bakhtadze istifa etti"},"content":{"rendered":"<p>G\u00fcrcistan Ba\u015fbakan\u0131 Mamuka Bakhtadze g\u00f6revinden istifa etti\u011fini a\u00e7\u0131klad\u0131.<\/p>\n<p>G\u00fcrcistan Ba\u015fbakan\u0131 Mamuka Bakhtadze sosyal medya hesab\u0131ndan yapt\u0131\u011f\u0131 yaz\u0131l\u0131 bir a\u00e7\u0131klamada istifa etti\u011fini duyurdu. Bakhtadze, &#8220;2018\u2019de G\u00fcrcistan Ba\u015fbakan\u0131 g\u00f6revine gelmemin amac\u0131 ve ana hedefi, \u00fclkenin geli\u015fmesi ve gelecek y\u0131llarda ulusal hedeflerimize ula\u015f\u0131lmas\u0131n\u0131 sa\u011flamakt\u0131. Ayn\u0131 zamanda stratejik bir kalk\u0131nma \u00e7er\u00e7evesi olu\u015fturmak ve uygulamakt\u0131. T\u00fcm bunlar ger\u00e7ekle\u015fti. G\u00fcrcistan Ba\u015fbakan\u0131 olarak bu pozisyonda g\u00f6rev yapmak benim i\u00e7in b\u00fcy\u00fck bir onur ve b\u00fcy\u00fck bir sorumluluktu. \u0130stifa etmeye karar verdim. \u00c7\u00fcnk\u00fc bu a\u015famadaki g\u00f6revimi yerine getirdi\u011fimi d\u00fc\u015f\u00fcn\u00fcyorum. \u0130ktidardaki G\u00fcrc\u00fc R\u00fcyas\u0131 Partisindeki \u00fcyeli\u011fim devam edecek&#8221; dedi.<\/p>\n<p>Daha \u00f6nce G\u00fcrcistan Demiryollar\u0131 Genel M\u00fcd\u00fcr\u00fc olarak \u00e7al\u0131\u015fan Bakhtadze, 2017-2018\u2019de Maliye Bakan\u0131 olarak g\u00f6rev yapt\u0131. Bakhtadze, Haziran 2018\u2019den bu yana G\u00fcrcistan Ba\u015fbakan\u0131yd\u0131.<\/p>\n<p>G\u00fcrcistan\u2019\u0131n Anayasas\u0131na g\u00f6re, ba\u015fbakan\u0131n yetkileri istifa etti\u011fi anda sona eriyor. Ancak h\u00fck\u00fcmet yeni bir ba\u015fbakan atanana kadar hizmet vermeye devam edecek. Resmi olmayan bilgilere g\u00f6re, Bakhtadze\u2019nin yerine \u0130\u00e7i\u015fleri Bakan\u0131 Giorgi Gakharia gelecek.<\/p>\n","protected":false},"excerpt":{"rendered":"<p>G\u00dcRC\u0130STAN BA\u015eBAKANI BAKHTADZE \u0130ST\u0130FA ETT\u0130<\/p>\n","protected":false},"author":1,"featured_media":198764,"comment_status":"closed","ping_status":"open","sticky":false,"template":"","format":"standard","meta":{"jetpack_post_was_ever_published":false,"_jetpack_newsletter_access":"","_jetpack_dont_email_post_to_subs":false,"_jetpack_newsletter_tier_id":0,"_jetpack_memberships_contains_paywalled_content":false,"_jetpack_memberships_contains_paid_content":false,"footnotes":"","jetpack_publicize_message":"","jetpack_publicize_feature_enabled":true,"jetpack_social_post_already_shared":true,"jetpack_social_options":{"image_generator_settings":{"template":"highway","default_image_id":0,"font":"","enabled":false},"version":2}},"categories":[10],"tags":[38247,651,207,19289,31],"class_list":["post-198763","post","type-post","status-publish","format-standard","has-post-thumbnail","hentry","category-dunya","tag-bakhtadze","tag-basbakani","tag-etti","tag-gurcistan","tag-istifa"],"jetpack_publicize_connections":[],"jetpack_featured_media_url":"https:\/\/i0.wp.com\/www.tvturk.com\/wp-content\/uploads\/2019\/09\/gurcistan-basbakani-bakhtadze-istifa-etti_89f0cb9.jpg?fit=960%2C639","jetpack_sharing_enabled":true,"jetpack_shortlink":"https:\/\/wp.me\/paKIfm-PHR","_links":{"self":[{"href":"http:\/\/www.tvturk.com\/index.php\/wp-json\/wp\/v2\/posts\/198763","targetHints":{"allow":["GET"]}}],"collection":[{"href":"http:\/\/www.tvturk.com\/index.php\/wp-json\/wp\/v2\/posts"}],"about":[{"href":"http:\/\/www.tvturk.com\/index.php\/wp-json\/wp\/v2\/types\/post"}],"author":[{"embeddable":true,"href":"http:\/\/www.tvturk.com\/index.php\/wp-json\/wp\/v2\/users\/1"}],"replies":[{"embeddable":true,"href":"http:\/\/www.tvturk.com\/index.php\/wp-json\/wp\/v2\/comments?post=198763"}],"version-history":[{"count":0,"href":"http:\/\/www.tvturk.com\/index.php\/wp-json\/wp\/v2\/posts\/198763\/revisions"}],"wp:featuredmedia":[{"embeddable":true,"href":"http:\/\/www.tvturk.com\/index.php\/wp-json\/wp\/v2\/media\/198764"}],"wp:attachment":[{"href":"http:\/\/www.tvturk.com\/index.php\/wp-json\/wp\/v2\/media?parent=198763"}],"wp:term":[{"taxonomy":"category","embeddable":true,"href":"http:\/\/www.tvturk.com\/index.php\/wp-json\/wp\/v2\/categories?post=198763"},{"taxonomy":"post_tag","embeddable":true,"href":"http:\/\/www.tvturk.com\/index.php\/wp-json\/wp\/v2\/tags?post=198763"}],"curies":[{"name":"wp","href":"https:\/\/api.w.org\/{rel}","templated":true}]}}