{"id":198793,"date":"2019-09-02T13:01:55","date_gmt":"2019-09-02T10:01:55","guid":{"rendered":"http:\/\/www.tvturk.com\/index.php\/sahte-mezarlik-yuzunden-iki-kabir-tasindi\/"},"modified":"2019-09-02T13:01:55","modified_gmt":"2019-09-02T10:01:55","slug":"sahte-mezarlik-yuzunden-iki-kabir-tasindi","status":"publish","type":"post","link":"http:\/\/www.tvturk.com\/index.php\/sahte-mezarlik-yuzunden-iki-kabir-tasindi\/","title":{"rendered":"Sahte mezarl\u0131k y\u00fcz\u00fcnden iki kabir ta\u015f\u0131nd\u0131"},"content":{"rendered":"<p>Ey\u00fcp\u2019te bir firma, tarihi eser olarak tescillenmi\u015f binan\u0131n yerine mezar yap\u0131p satt\u0131. 2 ki\u015fiyi defnettirip tescilli bina yerini mezarl\u0131\u011fa \u00e7evirmek isteyen firma, An\u0131tlar Kuruluna giderek tescili kald\u0131rmak i\u00e7in ba\u015fvuruda bulundu. Ancak An\u0131tlar Kurulu tescili kald\u0131rmay\u0131nca g\u00f6m\u00fclen 2 mevta, definden y\u0131llar sonra ba\u015fka mezarlara ta\u015f\u0131nd\u0131.<\/p>\n<p>Ey\u00fcpsultan Mezarl\u0131\u011f\u0131nda T\u00fcrk Barter\u2019a ait mezar yerlerine g\u00f6m\u00fclen Ramazan Akg\u00fcn ve Neriman Ayd\u0131n\u2019\u0131n kabirleri, mezarl\u0131\u011f\u0131n kuruldu\u011fu yerin tarihi eser tescilli alan olmas\u0131 y\u00fcz\u00fcnden ta\u015f\u0131nmak zorunda kald\u0131. \u0130ddiaya g\u00f6re, \u0130stanbul K\u00fclt\u00fcr Varl\u0131klar\u0131n\u0131 Korumu Kurulu taraf\u0131ndan 15 Ocak 1992 senesinde tarihinde tarihi eser bina yeri olarak tescilledi\u011fi Ey\u00fcpsultan\u2019da Ka\u015fgari Dergah\u0131\u2019n\u0131n yan\u0131nda bulunan alan T\u00fcrk Barter taraf\u0131ndan mezarl\u0131k yap\u0131ld\u0131. Mermer olarak yapt\u0131r\u0131lan bu mezar yerlerinin bir\u00e7o\u011fu vatanda\u015flara sat\u0131ld\u0131. \u015eah\u0131slara y\u00fcksek fiyatla sat\u0131lan ancak An\u0131tlar Kurulu taraf\u0131ndan tarihi alan belirlenen b\u00f6lgeye 7 Temmuz 2016 tarihinde Ramazan Akg\u00fcn defnedildi. Defin i\u015fleminden sonra mezarl\u0131\u011f\u0131 satan firma, An\u0131tlar Kuruluna giderek tarihi eser stat\u00fcs\u00fcn\u00fc kald\u0131rmak i\u00e7in ba\u015fvuru yapt\u0131. An\u0131tlar kurulundan ise 2017 May\u0131s ay\u0131nda tarihi alan \u00fczerine yap\u0131lan bo\u015f kabir yerlerinin y\u0131k\u0131lmas\u0131 karar\u0131 \u00e7\u0131kt\u0131. Bunun \u00fczerine mezar yerlerini satan firma ise o alana vefat eden Neriman Ayd\u0131n\u2019\u0131n defnedilmesine izin verdi. Y\u0131k\u0131m karar\u0131n\u0131 bilmelerine ra\u011fmen para kazanmak u\u011fruna yap\u0131lanlar pes dedirtti.<\/p>\n<p>\u0130ki ki\u015finin kabirleri yer de\u011fi\u015ftirilmesi i\u00e7in a\u00e7\u0131ld\u0131<\/p>\n<p>\u0130stanbul K\u00fclt\u00fcr Varl\u0131klar\u0131n\u0131 Koruma Kurulu ise ka\u00e7ak mezar yerlerinin y\u0131k\u0131m karar\u0131n\u0131n i\u015fleme ge\u00e7ece\u011fini duyurmas\u0131n\u0131n ard\u0131ndan, b\u00f6lgeye defin edilen Ramazan Akg\u00fcn ve Neriman Ayd\u0131n\u2019\u0131n kabirlerinin nakli i\u00e7in, mezarlar a\u00e7\u0131ld\u0131. Cenaze sahipleri aileler, kabirler a\u00e7\u0131l\u0131rken sevdiklerinin vefat ac\u0131s\u0131n\u0131 tekrar ya\u015fad\u0131klar\u0131n\u0131 dile getirdiler. \u0130stanbul B\u00fcy\u00fck\u015fehir Belediyesi Mezarl\u0131klar M\u00fcd\u00fcrl\u00fc\u011f\u00fc ise ac\u0131l\u0131 aileler i\u00e7in eski mezar yerlerine en yak\u0131n, uygun mezar yerlerinin verilmesini sa\u011flad\u0131. \u00dcz\u00fcnt\u00fc i\u00e7erisinde olan aileler ise tek tesellilerinin eski mezar yerlerine yak\u0131n bir b\u00f6lgede mevtalar\u0131n defnedilmesi oldu\u011funu belirttiler. Cenaze ta\u015f\u0131ma i\u015flemleri yap\u0131l\u0131rken doktor ve imam da kabirlerin yan\u0131nda bulundu.<\/p>\n<p>\u201cDefnedildikten 3 y\u0131l 1 ay sonra mezar yeri de\u011fi\u015ftiriliyor\u201d<\/p>\n<p>Tarihi eser tescilli binan\u0131n oldu\u011fu alan\u0131n, \u00f6zel mezarl\u0131k diye kendilerine sat\u0131ld\u0131\u011f\u0131n\u0131 ifade eden Ayd\u0131n Arslancan, \u201c2012 y\u0131l\u0131nda T\u00fcrk Barter firmas\u0131ndan kabir yeri ald\u0131k. An\u0131tlar Kurulu taraf\u0131ndan ald\u0131\u011f\u0131m\u0131z kabir yerleri 15 ocak 1992 senesinde tarihi eser olarak tescillenmi\u015f bina yerine yap\u0131lm\u0131\u015f. Biz bu mezar yerini al\u0131rken, b\u00f6lgenin tarihi eser alan\u0131 oldu\u011funu bilmiyorduk. 7 Temmuz 2016 tarihinde kay\u0131npederim Ramazan Akg\u00fcn vefat etti. T\u00fcrk Barter firmas\u0131ndan alm\u0131\u015f oldu\u011fumuz mezar yerine defnettik. Bize \u00f6zel mezar alan\u0131 olan 35\/4 yere defnettirdiler. Bizim cenazemizin defninden sonra T\u00fcrk Barter firmas\u0131 \u0130stanbul K\u00fclt\u00fcr Varl\u0131klar\u0131 Koruma Kurulu\u2019na  giderek tarihi eser alan\u0131 stat\u00fcs\u00fcn\u00fc kald\u0131rmak i\u00e7in ba\u015fvuruda bulunuyor. Ba\u015fvurudan 2,5 ay sonra kuruldan ret karar\u0131 \u00e7\u0131k\u0131yor. Bu y\u0131k\u0131m karar\u0131 2017 May\u0131s ay\u0131nda \u00e7\u0131k\u0131yor. Neriman teyze de 2018 y\u0131l\u0131nda vefat etmi\u015fti. O cenazeyi de o y\u0131k\u0131lma karar\u0131n\u0131n oldu\u011fu yere defnettiriyorlar. 2 mevtan\u0131n defni ile tarihi eser ev alan\u0131 olan yeri, mezarl\u0131k olarak satmaya devam etmek i\u00e7in defin yapt\u0131rd\u0131lar. Mevtalar kullan\u0131larak o alan tarihi eser stat\u00fcs\u00fcnden \u00e7\u0131kart\u0131lmaya \u00e7al\u0131\u015f\u0131l\u0131yor. An\u0131tlar kurulu, bo\u015f mezarlar\u0131n y\u0131k\u0131m\u0131 karar\u0131n\u0131 uygulamak i\u00e7in mevtalar\u0131m\u0131z \u00e7\u0131kart\u0131l\u0131yor. Kay\u0131npederim defnedildikten 3 y\u0131l 1 ay sonra mezar yeri de\u011fi\u015ftiriliyor\u201d ifadelerini kulland\u0131.<\/p>\n<p>\u201cTek tesellimiz eski kabir yerlerine yak\u0131n bir yere defnetmemiz\u201d<\/p>\n<p>Kay\u0131npederini mezarl\u0131ktan \u00e7\u0131kartman\u0131n kendisi i\u00e7in \u00e7ok zor bir durumda oldu\u011funu ifade eden Arslancan, \u201cKay\u0131npederimin mezardan nas\u0131l \u00e7\u0131kaca\u011f\u0131n\u0131 merak ediyorum. Tabutu, kefeni \u00e7\u00fcr\u00fcm\u00fc\u015f m\u00fc? Han\u0131mlar\u0131m\u0131z gelmek istediler. Biz de bu travmay\u0131 b\u0131rak\u0131n sadece biz ya\u015fayal\u0131m diyerek gelmelerine izin vermedik. \u00c7ok zor bir durum Allah kimseye ya\u015fatmas\u0131n. Resmi makamlardan nakil edin emrini duyduktan sonra mezarl\u0131klar m\u00fcd\u00fcrl\u00fc\u011f\u00fcne gittik. Mezarl\u0131klar m\u00fcd\u00fcrl\u00fc\u011f\u00fcne \u00e7ok te\u015fekk\u00fcr ediyorum bizi ma\u011fdur etmediler ve bize defin i\u00e7in hemen uygun bir yer g\u00f6sterdiler. Tek tesellimiz eski kabir yerlerine yak\u0131n bir yere defnetmemiz. Bu yerden al\u0131p daha uzak bir yere g\u00f6t\u00fcrm\u00fc\u015f olsayd\u0131k manevi y\u0131k\u0131m daha fazla olurdu\u201d dedi.<\/p>\n<p>\u201cB\u00fct\u00fcn aile ayn\u0131 ac\u0131y\u0131 tekrar ya\u015fam\u0131\u015f oldu\u201d<\/p>\n<p>Kabir yeri de\u011fi\u015ftirmenin ayn\u0131 ac\u0131lar\u0131 tekrar ya\u015famak oldu\u011funu vurgulayan Musa Sara\u00e7, \u201c3 y\u0131l \u00f6nce kay\u0131npederim vefat etmi\u015fti. Buradan kabir yeri al\u0131nm\u0131\u015ft\u0131. Ancak oras\u0131n\u0131n \u00f6zel vakf\u0131n yeri oldu\u011funu ifade ettiler. Ancak tarihi eser tescilinden haberimiz yoktu. Biz de \u015fimdi nakil i\u015flemlerini ger\u00e7ekle\u015ftirdik. Vefat edeli 3 y\u0131l olmu\u015f, \u00e7ok ac\u0131 bir durum. Bu i\u015flem hem \u00f6len ki\u015fiye eziyet oluyor hem de yak\u0131nlar\u0131na b\u00fcy\u00fck \u00fcz\u00fcnt\u00fc oluyor. E\u015fim bu durumdan dolay\u0131 hasta oldu. B\u00fct\u00fcn aile ayn\u0131 ac\u0131y\u0131 tekrar ya\u015fam\u0131\u015f oldu\u201d diye konu\u015ftu.<\/p>\n","protected":false},"excerpt":{"rendered":"<p>EY\u00dcP&#8217;TE 2 K\u0130\u015e\u0130Y\u0130 DEFNETT\u0130R\u0130P TESC\u0130LL\u0130 B\u0130NA YER\u0130N\u0130 MEZARLI\u011eA \u00c7EV\u0130RMEK \u0130STEYEN F\u0130RMA, ANITLAR KURULUNDAN OLUMSUZ CEVAP ALINCA 2 MEVTA, DEF\u0130NDEN YILLAR SONRA BA\u015eKA MEZARLARA TA\u015eINDI.<\/p>\n","protected":false},"author":1,"featured_media":198794,"comment_status":"closed","ping_status":"open","sticky":false,"template":"","format":"standard","meta":{"jetpack_post_was_ever_published":false,"_jetpack_newsletter_access":"","_jetpack_dont_email_post_to_subs":false,"_jetpack_newsletter_tier_id":0,"_jetpack_memberships_contains_paywalled_content":false,"_jetpack_memberships_contains_paid_content":false,"footnotes":"","jetpack_publicize_message":"","jetpack_publicize_feature_enabled":true,"jetpack_social_post_already_shared":true,"jetpack_social_options":{"image_generator_settings":{"template":"highway","default_image_id":0,"font":"","enabled":false},"version":2}},"categories":[1],"tags":[1220,49421,22047,875,9372,4393],"class_list":["post-198793","post","type-post","status-publish","format-standard","has-post-thumbnail","hentry","category-genel","tag-iki","tag-kabir","tag-mezarlik","tag-sahte","tag-tasindi","tag-yuzunden"],"jetpack_publicize_connections":[],"jetpack_featured_media_url":"https:\/\/i0.wp.com\/www.tvturk.com\/wp-content\/uploads\/2019\/09\/sahte-mezarlik-yuzunden-iki-kabir-tasindi_8fe6ef3.jpg?fit=1000%2C562","jetpack_sharing_enabled":true,"jetpack_shortlink":"https:\/\/wp.me\/paKIfm-PIl","_links":{"self":[{"href":"http:\/\/www.tvturk.com\/index.php\/wp-json\/wp\/v2\/posts\/198793","targetHints":{"allow":["GET"]}}],"collection":[{"href":"http:\/\/www.tvturk.com\/index.php\/wp-json\/wp\/v2\/posts"}],"about":[{"href":"http:\/\/www.tvturk.com\/index.php\/wp-json\/wp\/v2\/types\/post"}],"author":[{"embeddable":true,"href":"http:\/\/www.tvturk.com\/index.php\/wp-json\/wp\/v2\/users\/1"}],"replies":[{"embeddable":true,"href":"http:\/\/www.tvturk.com\/index.php\/wp-json\/wp\/v2\/comments?post=198793"}],"version-history":[{"count":0,"href":"http:\/\/www.tvturk.com\/index.php\/wp-json\/wp\/v2\/posts\/198793\/revisions"}],"wp:featuredmedia":[{"embeddable":true,"href":"http:\/\/www.tvturk.com\/index.php\/wp-json\/wp\/v2\/media\/198794"}],"wp:attachment":[{"href":"http:\/\/www.tvturk.com\/index.php\/wp-json\/wp\/v2\/media?parent=198793"}],"wp:term":[{"taxonomy":"category","embeddable":true,"href":"http:\/\/www.tvturk.com\/index.php\/wp-json\/wp\/v2\/categories?post=198793"},{"taxonomy":"post_tag","embeddable":true,"href":"http:\/\/www.tvturk.com\/index.php\/wp-json\/wp\/v2\/tags?post=198793"}],"curies":[{"name":"wp","href":"https:\/\/api.w.org\/{rel}","templated":true}]}}