{"id":198805,"date":"2019-09-02T13:16:38","date_gmt":"2019-09-02T10:16:38","guid":{"rendered":"http:\/\/www.tvturk.com\/index.php\/kayseride-tarihe-buyuk-saygisizlik\/"},"modified":"2019-09-02T13:16:38","modified_gmt":"2019-09-02T10:16:38","slug":"kayseride-tarihe-buyuk-saygisizlik","status":"publish","type":"post","link":"http:\/\/www.tvturk.com\/index.php\/kayseride-tarihe-buyuk-saygisizlik\/","title":{"rendered":"Kayseri\u2019de tarihe b\u00fcy\u00fck sayg\u0131s\u0131zl\u0131k"},"content":{"rendered":"<p>Kayseri\u2019de bulunan \u00e7ok say\u0131da tarihi yap\u0131n\u0131n d\u0131\u015f cephesine sprey boyalarla yaz\u0131lar yaz\u0131l\u0131yor.<\/p>\n<p>Tarih boyunca bir\u00e7ok k\u00fclt\u00fcrden toplumlar\u0131n ya\u015fad\u0131\u011f\u0131 Kayseri\u2019de, ge\u00e7mi\u015f d\u00f6nemlere ait eserler bulunuyor. Fakat bu tarihi yap\u0131lar\u0131n \u00fczerine son zamanlarda sprey boyalarla yaz\u0131lan yaz\u0131lar vatanda\u015flar taraf\u0131ndan b\u00fcy\u00fck tepki \u00e7ekiyor. Kayseri\u2019nin bir\u00e7ok yerinde \u00e7ok say\u0131da bulunan k\u00fcmbetler, Roma Mezarlar\u0131 ve tarihi camilerin d\u0131\u015f cephesine sprey boyalarla yaz\u0131lan yaz\u0131lar i\u00e7in vatanda\u015flar \u00fczg\u00fcn olduklar\u0131n\u0131 ve bu konuda yetkililerin gerekeni yapmalar\u0131n\u0131 istediklerini dile getirdi.<\/p>\n<p>Tarihi eserlere sayg\u0131 g\u00f6stermenin, ecdada da sayg\u0131 g\u00f6stermek oldu\u011funu s\u00f6yleyen esnaf Erkan Erdo\u011fan, \u201cTarihi eserler bizim tarihimiz. Bunlar bizim ecdad\u0131m\u0131zdan bize kalan miraslar ve sayg\u0131 g\u00f6stermek gerekiyor. Kalan eserlere sayg\u0131 g\u00f6stermek demek, ecdad\u0131m\u0131za ve tarihimize sayg\u0131 g\u00f6stermek demektir. G\u00f6rd\u00fc\u011f\u00fcn\u00fcz gibi arkam\u0131zda bir ta\u015f duvar\u0131m\u0131z var. Tarihi eser say\u0131lan nitelikte bu ta\u015flar. \u00dczerini biz beyaz boyayla boyamaya \u00e7al\u0131\u015ft\u0131k, badana yapmaya \u00e7al\u0131\u015ft\u0131k ki \u00fczerindeki k\u00f6t\u00fc yaz\u0131lar g\u00f6r\u00fcnmesin diye. Bulunmu\u015f oldu\u011fumuz Ser\u00e7e\u00f6n\u00fc mahallesi ve burada bir\u00e7ok tarihi eser var, k\u00fcmbetler ve tarihi eser binalar var. \u00dczerlerine de sprey boyalarla yaz\u0131lar yaz\u0131l\u0131yor ve ger\u00e7ekten bunun yap\u0131lmas\u0131 ahlaken de do\u011fru de\u011fil, tarih a\u00e7\u0131s\u0131ndan da do\u011fru de\u011fil. \u0130nsanlar bunu affetmezler bunlara biraz daha duyarl\u0131 olmak gerekiyor. Bu durumun \u00e7\u00f6z\u00fcm\u00fc de e\u011fitim tabii ki. Vak\u0131flar B\u00f6lge M\u00fcd\u00fcrl\u00fc\u011f\u00fc\u2019n\u00fcn de bu konulara biraz daha duyarl\u0131 olmas\u0131 gerekiyor\u201d dedi.<\/p>\n<p>Tarihi eserlerin \u00fczerindeki yaz\u0131lar\u0131 g\u00f6rd\u00fck\u00e7e k\u00f6t\u00fc hissetti\u011fini belirten, esnaf vatanda\u015flardan Mehmet Demirdo\u011fan, \u201cBunlar bizim tarihimiz. Yap\u0131lanlar da tarihimize ve ecdad\u0131m\u0131za sayg\u0131s\u0131zl\u0131kt\u0131r. Ya\u015fanan durumlar\u0131n \u00f6n\u00fcne ge\u00e7mek i\u00e7in k\u00fclt\u00fcr e\u011fitimi al\u0131nmal\u0131d\u0131r. B\u00f6yle sayg\u0131s\u0131zl\u0131k olmaz. Arkam\u0131zda bulunan mahallemizde \u00e7ok say\u0131da tarihi eserlerimiz var. Oradaki yaz\u0131lar\u0131 g\u00f6rd\u00fck\u00e7e insan k\u00f6t\u00fc oluyor. Buralarda gerekli \u00f6nlemlerin al\u0131nmas\u0131n\u0131 yetkililerden rica ediyoruz\u201d ifadelerini kulland\u0131.<\/p>\n","protected":false},"excerpt":{"rendered":"<p>KAYSER\u0130\u2019DE BULUNAN \u00c7OK SAYIDA TAR\u0130H\u0130 YAPININ DI\u015e CEPHES\u0130NE SPREY BOYALARLA YAZILAR YAZILIYOR<\/p>\n","protected":false},"author":1,"featured_media":198806,"comment_status":"closed","ping_status":"open","sticky":false,"template":"","format":"standard","meta":{"jetpack_post_was_ever_published":false,"_jetpack_newsletter_access":"","_jetpack_dont_email_post_to_subs":false,"_jetpack_newsletter_tier_id":0,"_jetpack_memberships_contains_paywalled_content":false,"_jetpack_memberships_contains_paid_content":false,"footnotes":"","jetpack_publicize_message":"","jetpack_publicize_feature_enabled":true,"jetpack_social_post_already_shared":true,"jetpack_social_options":{"image_generator_settings":{"template":"highway","default_image_id":0,"font":"","enabled":false},"version":2}},"categories":[1],"tags":[545,678,36460,15659],"class_list":["post-198805","post","type-post","status-publish","format-standard","has-post-thumbnail","hentry","category-genel","tag-buyuk","tag-kayseride","tag-saygisizlik","tag-tarihe"],"jetpack_publicize_connections":[],"jetpack_featured_media_url":"https:\/\/i0.wp.com\/www.tvturk.com\/wp-content\/uploads\/2019\/09\/kayseride-tarihe-buyuk-saygisizlik_d07f20b.jpg?fit=1000%2C750","jetpack_sharing_enabled":true,"jetpack_shortlink":"https:\/\/wp.me\/paKIfm-PIx","_links":{"self":[{"href":"http:\/\/www.tvturk.com\/index.php\/wp-json\/wp\/v2\/posts\/198805","targetHints":{"allow":["GET"]}}],"collection":[{"href":"http:\/\/www.tvturk.com\/index.php\/wp-json\/wp\/v2\/posts"}],"about":[{"href":"http:\/\/www.tvturk.com\/index.php\/wp-json\/wp\/v2\/types\/post"}],"author":[{"embeddable":true,"href":"http:\/\/www.tvturk.com\/index.php\/wp-json\/wp\/v2\/users\/1"}],"replies":[{"embeddable":true,"href":"http:\/\/www.tvturk.com\/index.php\/wp-json\/wp\/v2\/comments?post=198805"}],"version-history":[{"count":0,"href":"http:\/\/www.tvturk.com\/index.php\/wp-json\/wp\/v2\/posts\/198805\/revisions"}],"wp:featuredmedia":[{"embeddable":true,"href":"http:\/\/www.tvturk.com\/index.php\/wp-json\/wp\/v2\/media\/198806"}],"wp:attachment":[{"href":"http:\/\/www.tvturk.com\/index.php\/wp-json\/wp\/v2\/media?parent=198805"}],"wp:term":[{"taxonomy":"category","embeddable":true,"href":"http:\/\/www.tvturk.com\/index.php\/wp-json\/wp\/v2\/categories?post=198805"},{"taxonomy":"post_tag","embeddable":true,"href":"http:\/\/www.tvturk.com\/index.php\/wp-json\/wp\/v2\/tags?post=198805"}],"curies":[{"name":"wp","href":"https:\/\/api.w.org\/{rel}","templated":true}]}}