{"id":198817,"date":"2019-09-02T13:17:33","date_gmt":"2019-09-02T10:17:33","guid":{"rendered":"http:\/\/www.tvturk.com\/index.php\/nevzat-ozgorkey-mukemmelin-pesinde-bir-omur-adli-kitabin-lansmani-gerceklestirildi\/"},"modified":"2019-09-02T13:17:33","modified_gmt":"2019-09-02T10:17:33","slug":"nevzat-ozgorkey-mukemmelin-pesinde-bir-omur-adli-kitabin-lansmani-gerceklestirildi","status":"publish","type":"post","link":"http:\/\/www.tvturk.com\/index.php\/nevzat-ozgorkey-mukemmelin-pesinde-bir-omur-adli-kitabin-lansmani-gerceklestirildi\/","title":{"rendered":"\u2018Nevzat \u00d6zg\u00f6rkey: M\u00fckemmelin Pe\u015finde Bir \u00d6m\u00fcr\u2019 adl\u0131 kitab\u0131n lansman\u0131 ger\u00e7ekle\u015ftirildi"},"content":{"rendered":"<p>Nevzat \u00d6zg\u00f6rkey Su (NEVSU) Vakf\u0131 taraf\u0131ndan haz\u0131rlanan &#8220;Nevzat \u00d6zg\u00f6rkey: M\u00fckemmelin Pe\u015finde Bir \u00d6m\u00fcr&#8221; adl\u0131 kitab\u0131n lansman\u0131, \u00d6zg\u00f6rkey Ailesi, NEVSU Vakf\u0131 temsilcileri, dostlar\u0131 ve \u00d6zg\u00f6rkey Holding b\u00fcnyesinde yer alan ETAPAK Ambalaj \u00e7al\u0131\u015fanlar\u0131n\u0131n bir araya geldi\u011fi etkinlikte ger\u00e7ekle\u015ftirildi.<\/p>\n<p>T\u00fcrkiye\u2019nin \u00f6nemli sanayicilerinden merhum Nevzat \u00d6zg\u00f6rkey\u2019in hayat hikayesini anlatan kitab\u0131n tan\u0131t\u0131m etkinli\u011fi, 29 A\u011fustos 2019 tarihinde \u0130zmir \u00c7i\u011fli\u2019de bulunan Etapak Ambalaj Fabrikas\u0131\u2019nda yap\u0131ld\u0131. Cemal \u00d6zg\u00f6rkey, Arma\u011fan \u00d6zg\u00f6rkey ve \u00d6zlem Adal\u0131\u2019n\u0131n ev sahipli\u011fi yapt\u0131\u011f\u0131 etkinlikte Etapak Ambalaj \u00e7al\u0131\u015fanlar\u0131na &#8220;Nevzat \u00d6zg\u00f6rkey: M\u00fckemmelin Pe\u015finde Bir \u00d6m\u00fcr&#8221; adl\u0131 kitap hediye olarak da\u011f\u0131t\u0131ld\u0131. Etkinlik sunumunu Burak Ko\u00e7er ger\u00e7ekle\u015ftirirken, lansmanda NEVSU Vakf\u0131 Y\u00f6netim Kurulu Ba\u015fkan\u0131 \u00d6zlem Adal\u0131, gazeteci ve yazar Volkan Karsan s\u00f6z alarak duygular\u0131n\u0131 ve an\u0131lar\u0131n\u0131 misafirler ile payla\u015ft\u0131.<\/p>\n<p>Kitap T\u00fcrk Sanayisi\u2019nin ge\u00e7mi\u015fine de \u0131\u015f\u0131k tutuyor<\/p>\n<p>Merhum Nevzat \u00d6zg\u00f6rkey\u2019in hayat hikayesini anlatan kitap; aile k\u00f6kenlerini, Nevzat Bey\u2019in \u0130zmir\u2019deki ilk giri\u015fimlerini, Milangaz, Efes Pilsen, Coca-Cola gibi \u00f6nemli markalar\u0131n T\u00fcrkiye\u2019deki kurulu\u015f ve yat\u0131r\u0131m hikayelerini okuyucular ile bulu\u015fturuyor. Gerek ailenin gerek T\u00fcrk ticari hayat\u0131n\u0131n k\u00f6\u015fe ta\u015flar\u0131na dair daha \u00f6nce yay\u0131mlanm\u0131\u015f foto\u011fraflar\u0131n yer ald\u0131\u011f\u0131 kitap, Nevzat \u00d6zg\u00f6rkey\u2019in \u00e7al\u0131\u015fma arkada\u015flar\u0131 ve dostlar\u0131n\u0131n r\u00f6portajlar\u0131n\u0131 da i\u00e7eriyor.<\/p>\n<p>E\u011fitim, sa\u011fl\u0131k ve sanat alan\u0131nda toplumsal projelere destek<\/p>\n<p>Nevzat \u00d6zg\u00f6rkey\u2019in an\u0131s\u0131na kurulan NEVSU Vakf\u0131, faaliyet alan\u0131 olarak Nevzat Bey\u2019in aile k\u00f6klerinden i\u015f hayat\u0131na kadar her konuda hayat\u0131n\u0131n merkezinde yer alan &#8220;su&#8221; temas\u0131n\u0131 belirledi. NEVSU Vakf\u0131, T\u00fcrkiye\u2019nin su kaynaklar\u0131n\u0131 gelecek nesiller i\u00e7in korumaya y\u00f6nelik projeler geli\u015ftiriyor ve bu amaca y\u00f6nelik \u00e7al\u0131\u015fmalar\u0131 destekliyor. NEVSU Vakf\u0131 ayr\u0131ca, 2019 y\u0131l\u0131n\u0131n A\u011fustos ay\u0131nda Stanford \u00dcniversitesi Tasar\u0131m Enstit\u00fcs\u00fc \u00f6\u011fretim \u00fcyeleri taraf\u0131ndan, T\u00fcrkiye\u2019nin \u00e7e\u015fitli illerinden se\u00e7ilen fen, matematik ve bili\u015fim teknolojileri alan\u0131nda g\u00f6revli \u00f6\u011fretmenlere \u201cE\u011fitimde \u0130novasyon \u0130\u00e7in Tasar\u0131m Odakl\u0131 D\u00fc\u015f\u00fcnme\u201d konulu e\u011fitim verilmesi i\u00e7in Milli E\u011fitim Bakanl\u0131\u011f\u0131\u2019na sponsorluk deste\u011fi sa\u011flad\u0131.<\/p>\n<p>Nevzat \u00d6zg\u00f6rkey, i\u015f hayat\u0131na \u00e7ok gen\u00e7 ya\u015flarda motor ithalat\u0131 ticareti ile ba\u015flad\u0131, daha sonra uzun y\u0131llar Milangaz\u2019\u0131n Ege ve Akdeniz distrib\u00fct\u00f6rl\u00fc\u011f\u00fcn\u00fc yapt\u0131. Uzun y\u0131llar Efes Pilsen Y\u00f6netim Kurulu \u00fcyeli\u011fi g\u00f6revinde bulunan Nevzat \u00d6zg\u00f6rkey, ortaklar\u0131 ile birlikte 1967 y\u0131l\u0131nda Coca-Cola\u2019n\u0131n \u0130zmir tesislerini \u0130mbat Me\u015frubat Sanayi ad\u0131 alt\u0131nda kurmu\u015f ve bug\u00fcnk\u00fc ad\u0131yla Coca-Cola \u0130\u00e7ecek \u015firketlerinin temellerini att\u0131.1982 y\u0131l\u0131nda Antalya\u2019da, 1986\u2019de \u0130zmir Kemalpa\u015fa\u2019da, 1990\u2019da I\u015f\u0131kkent\u2019te, 1992 &#8211; 1993\u2019de Romanya\u2019da iki tane olmak \u00fczere 6 fabrikay\u0131 devreye sokarak Coca-Cola\u2019n\u0131n 1968 &#8211; 1998 y\u0131llar\u0131 aras\u0131nda t\u00fcm Ege ve Akdeniz operasyonlar\u0131n\u0131 y\u00fcr\u00fcten \u015firketlerde Ba\u015fkan Vekili g\u00f6revini \u00fcstlendi. Ayr\u0131ca, 1992\u2019de bug\u00fcn \u00d6zg\u00f6rkey Holding A.\u015e.\u2019nin \u00f6nemli i\u015f kollar\u0131ndan olan plastik, 1993\u2019te de meyve suyu konsantresi yat\u0131r\u0131mlar\u0131n\u0131 yapt\u0131.<\/p>\n","protected":false},"excerpt":{"rendered":"<p>\u2018NEVZAT \u00d6ZG\u00d6RKEY: M\u00dcKEMMEL\u0130N PE\u015e\u0130NDE B\u0130R \u00d6M\u00dcR\u2019 ADLI K\u0130TABIN LANSMANI GER\u00c7EKLE\u015eT\u0130R\u0130LD\u0130<\/p>\n","protected":false},"author":1,"featured_media":198818,"comment_status":"closed","ping_status":"open","sticky":false,"template":"","format":"standard","meta":{"jetpack_post_was_ever_published":false,"_jetpack_newsletter_access":"","_jetpack_dont_email_post_to_subs":false,"_jetpack_newsletter_tier_id":0,"_jetpack_memberships_contains_paywalled_content":false,"_jetpack_memberships_contains_paid_content":false,"footnotes":"","jetpack_publicize_message":"","jetpack_publicize_feature_enabled":true,"jetpack_social_post_already_shared":true,"jetpack_social_options":{"image_generator_settings":{"template":"highway","default_image_id":0,"font":"","enabled":false},"version":2}},"categories":[656],"tags":[867,125,412,49966,5477,49965,11059,13452,49964,781],"class_list":["post-198817","post","type-post","status-publish","format-standard","has-post-thumbnail","hentry","category-kultur-sanat","tag-adli","tag-bir","tag-gerceklestirildi","tag-kitabin","tag-lansmani","tag-mukemmelin","tag-nevzat","tag-omur","tag-ozgorkey","tag-pesinde"],"jetpack_publicize_connections":[],"jetpack_featured_media_url":"https:\/\/i0.wp.com\/www.tvturk.com\/wp-content\/uploads\/2019\/09\/nevzat-ozgorkey-mukemmelin-pesinde-bir-omur-adli-kitabin-lansmani-gerceklestirildi_3cfc748.jpg?fit=1000%2C666","jetpack_sharing_enabled":true,"jetpack_shortlink":"https:\/\/wp.me\/paKIfm-PIJ","_links":{"self":[{"href":"http:\/\/www.tvturk.com\/index.php\/wp-json\/wp\/v2\/posts\/198817","targetHints":{"allow":["GET"]}}],"collection":[{"href":"http:\/\/www.tvturk.com\/index.php\/wp-json\/wp\/v2\/posts"}],"about":[{"href":"http:\/\/www.tvturk.com\/index.php\/wp-json\/wp\/v2\/types\/post"}],"author":[{"embeddable":true,"href":"http:\/\/www.tvturk.com\/index.php\/wp-json\/wp\/v2\/users\/1"}],"replies":[{"embeddable":true,"href":"http:\/\/www.tvturk.com\/index.php\/wp-json\/wp\/v2\/comments?post=198817"}],"version-history":[{"count":0,"href":"http:\/\/www.tvturk.com\/index.php\/wp-json\/wp\/v2\/posts\/198817\/revisions"}],"wp:featuredmedia":[{"embeddable":true,"href":"http:\/\/www.tvturk.com\/index.php\/wp-json\/wp\/v2\/media\/198818"}],"wp:attachment":[{"href":"http:\/\/www.tvturk.com\/index.php\/wp-json\/wp\/v2\/media?parent=198817"}],"wp:term":[{"taxonomy":"category","embeddable":true,"href":"http:\/\/www.tvturk.com\/index.php\/wp-json\/wp\/v2\/categories?post=198817"},{"taxonomy":"post_tag","embeddable":true,"href":"http:\/\/www.tvturk.com\/index.php\/wp-json\/wp\/v2\/tags?post=198817"}],"curies":[{"name":"wp","href":"https:\/\/api.w.org\/{rel}","templated":true}]}}