{"id":198835,"date":"2019-09-02T13:46:33","date_gmt":"2019-09-02T10:46:33","guid":{"rendered":"http:\/\/www.tvturk.com\/index.php\/festivalde-zeytin-yagli-yemekler-yaristi\/"},"modified":"2019-09-02T13:46:33","modified_gmt":"2019-09-02T10:46:33","slug":"festivalde-zeytin-yagli-yemekler-yaristi","status":"publish","type":"post","link":"http:\/\/www.tvturk.com\/index.php\/festivalde-zeytin-yagli-yemekler-yaristi\/","title":{"rendered":"Festivalde zeytin ya\u011fl\u0131 yemekler yar\u0131\u015ft\u0131"},"content":{"rendered":"<p>Bursa\u2019n\u0131n Gemlik il\u00e7esinde 5. Uluslararas\u0131 Gemlik Zeytini Festivali \u00e7er\u00e7evesinde d\u00fczenlenen \u201cTencereni kap da gel\u201d adl\u0131 zeytin ve zeytin ya\u011fl\u0131 yemek yar\u0131\u015fmas\u0131 han\u0131mlardan b\u00fcy\u00fck ilgi g\u00f6rd\u00fc.<\/p>\n<p>Yar\u0131\u015fmay\u0131 yemek programlar\u0131ndan tan\u0131nan \u00fcnl\u00fc gurme Emine Beder j\u00fcri \u00fcyesi oldu. Program\u0131 Youtube\u2019da Gez Gez Dola\u015f programlar\u0131 ile tan\u0131nan anne k\u0131z Sude ve \u00c7i\u011fdem \u00d6\u011f\u00fct\u00e7\u00fc sundu.  Festival alan\u0131nda ger\u00e7ekle\u015fen yar\u0131\u015fmaya dokuz kad\u0131n a\u015f\u00e7\u0131 kat\u0131ld\u0131. Ayr\u0131ca Gemlik Belediye Meclis \u00dcyesi Mahmut Solaksuba\u015f\u0131 da yapt\u0131\u011f\u0131 zeytin ya\u011fl\u0131 pilav ile yar\u0131\u015fmaya kat\u0131ld\u0131.<\/p>\n<p>Yar\u0131\u015fma boyunca zeytin ya\u011fl\u0131 yemek yaparken dikkat edilmesi gereken noktalar\u0131 yar\u0131\u015fmac\u0131lar ile payla\u015fan Beder, Gemlikli a\u015f\u00e7\u0131lar\u0131n yemekleri kar\u015f\u0131s\u0131nda hayranl\u0131\u011f\u0131n\u0131 gizleyemedi. En y\u00fcksek puan\u0131 alarak birinci gelen yemek ile poz veren Beder, \u201c\u00d6zenerek haz\u0131rlanmak da yar\u0131\u015fman\u0131n \u00f6nemli bir par\u00e7as\u0131d\u0131r\u201d dedi.<\/p>\n<p>Emine Beder, zeytin ya\u011f\u0131 konusunda bundan sonra tercihinin Gemlik ya\u011f\u0131 olaca\u011f\u0131n\u0131 s\u00f6yledi.<\/p>\n<p>Yar\u0131\u015fmada derece elde eden a\u015f\u00e7\u0131lara \u00f6d\u00fclleri verildi.<\/p>\n","protected":false},"excerpt":{"rendered":"<p>\u201cTENCEREN\u0130 KAP DA GEL\u201d ADLI ZEYT\u0130N VE ZEYT\u0130N YA\u011eLI YEMEK YARI\u015eMASI HANIMLARDAN B\u00dcY\u00dcK \u0130LG\u0130 G\u00d6RD\u00dc.<\/p>\n","protected":false},"author":1,"featured_media":198836,"comment_status":"closed","ping_status":"open","sticky":false,"template":"","format":"standard","meta":{"jetpack_post_was_ever_published":false,"_jetpack_newsletter_access":"","_jetpack_dont_email_post_to_subs":false,"_jetpack_newsletter_tier_id":0,"_jetpack_memberships_contains_paywalled_content":false,"_jetpack_memberships_contains_paid_content":false,"footnotes":"","jetpack_publicize_message":"","jetpack_publicize_feature_enabled":true,"jetpack_social_post_already_shared":true,"jetpack_social_options":{"image_generator_settings":{"template":"highway","default_image_id":0,"font":"","enabled":false},"version":2}},"categories":[1],"tags":[29935,11762,7830,19017,6031],"class_list":["post-198835","post","type-post","status-publish","format-standard","has-post-thumbnail","hentry","category-genel","tag-festivalde","tag-yagli","tag-yaristi","tag-yemekler","tag-zeytin"],"jetpack_publicize_connections":[],"jetpack_featured_media_url":"https:\/\/i0.wp.com\/www.tvturk.com\/wp-content\/uploads\/2019\/09\/festivalde-zeytin-yagli-yemekler-yaristi_b2a746e.jpg?fit=1000%2C662","jetpack_sharing_enabled":true,"jetpack_shortlink":"https:\/\/wp.me\/paKIfm-PJ1","_links":{"self":[{"href":"http:\/\/www.tvturk.com\/index.php\/wp-json\/wp\/v2\/posts\/198835","targetHints":{"allow":["GET"]}}],"collection":[{"href":"http:\/\/www.tvturk.com\/index.php\/wp-json\/wp\/v2\/posts"}],"about":[{"href":"http:\/\/www.tvturk.com\/index.php\/wp-json\/wp\/v2\/types\/post"}],"author":[{"embeddable":true,"href":"http:\/\/www.tvturk.com\/index.php\/wp-json\/wp\/v2\/users\/1"}],"replies":[{"embeddable":true,"href":"http:\/\/www.tvturk.com\/index.php\/wp-json\/wp\/v2\/comments?post=198835"}],"version-history":[{"count":0,"href":"http:\/\/www.tvturk.com\/index.php\/wp-json\/wp\/v2\/posts\/198835\/revisions"}],"wp:featuredmedia":[{"embeddable":true,"href":"http:\/\/www.tvturk.com\/index.php\/wp-json\/wp\/v2\/media\/198836"}],"wp:attachment":[{"href":"http:\/\/www.tvturk.com\/index.php\/wp-json\/wp\/v2\/media?parent=198835"}],"wp:term":[{"taxonomy":"category","embeddable":true,"href":"http:\/\/www.tvturk.com\/index.php\/wp-json\/wp\/v2\/categories?post=198835"},{"taxonomy":"post_tag","embeddable":true,"href":"http:\/\/www.tvturk.com\/index.php\/wp-json\/wp\/v2\/tags?post=198835"}],"curies":[{"name":"wp","href":"https:\/\/api.w.org\/{rel}","templated":true}]}}