{"id":198859,"date":"2019-09-02T14:03:00","date_gmt":"2019-09-02T11:03:00","guid":{"rendered":"http:\/\/www.tvturk.com\/index.php\/fabrikadan-personel-cocuklarina-jest\/"},"modified":"2019-09-02T14:03:00","modified_gmt":"2019-09-02T11:03:00","slug":"fabrikadan-personel-cocuklarina-jest","status":"publish","type":"post","link":"http:\/\/www.tvturk.com\/index.php\/fabrikadan-personel-cocuklarina-jest\/","title":{"rendered":"Fabrikadan personel \u00e7ocuklar\u0131na jest"},"content":{"rendered":"<p>Torbal\u0131\u2019da \u00fcretim g\u00f6steren T\u00fcrkiye\u2019nin \u00f6nemli tar\u0131ma dayal\u0131 sanayi kurulu\u015flar\u0131ndan olan Tat, Torbal\u0131 Belediyesi i\u015fbirli\u011fiyle \u00e7al\u0131\u015fanlar\u0131n\u0131n \u00e7ocuklar\u0131na y\u00f6nelik y\u00fczme kursu projesini tamamlad\u0131.<\/p>\n<p>Torbal\u0131\u2019da \u00fcretim g\u00f6steren T\u00fcrkiye\u2019nin \u00f6nemli tar\u0131ma dayal\u0131 sanayi kurulu\u015flar\u0131ndan olan Tat, Torbal\u0131 Belediyesi i\u015fbirli\u011fiyle \u00e7al\u0131\u015fanlar\u0131n\u0131n \u00e7ocuklar\u0131na y\u00f6nelik y\u00fczme kursu projesini tamamlad\u0131. Tat b\u00fcnyesindeki fabrikada \u00e7al\u0131\u015fan i\u015f\u00e7ilerin ve anla\u015fmal\u0131 \u00e7ift\u00e7ilerin \u00e7ocuklar\u0131na y\u00f6nelik proje geli\u015ftiren Tat, Torbal\u0131 Belediyesi ile y\u00fczme kursu projesini hayata ge\u00e7irdi. Proje kapsam\u0131nda 31 \u00e7ocuk, Torbal\u0131 Belediyesi Aquapark Y\u00fczme Havuzu\u2019nda 15 g\u00fcn boyunca temel y\u00fczme e\u011fitimi ald\u0131. Yaz tatilinde ebeveynlerinden uzak kalan \u00e7ocuklar havuzda keyifli vakit ge\u00e7irirken, hem y\u00fczmeyi \u00f6\u011frendi hem de madalya ve sertifika sahibi oldu. Bug\u00fcn fabrika y\u00f6neticileri ve belediye yetkililerinin bulundu\u011fu t\u00f6renle kursu tamamlay\u0131p sertifika ve madalya almaya hak kazanan \u00e7ocuklar, unutulmaz bir g\u00fcn ya\u015fad\u0131.<\/p>\n<p>\u00d6nce sertifika sonra kutlama<\/p>\n<p>Torbal\u0131 Belediyesi K\u00fclt\u00fcr ve Sosyal \u0130\u015fler M\u00fcd\u00fcr\u00fc Serkan Tekin, Tat Tesis Y\u00f6neticisi Orhan Kanur, Ziraat Y\u00f6neticisi Orhan Duru ve \u0130nsan Kaynaklar Y\u00f6neticisi Yeliz Turan\u2019\u0131n elinden madalyalar\u0131 alan \u00e7ocuklar daha sonra kendileri i\u00e7in haz\u0131rlanan masalara ge\u00e7ip, mini bir kutlama ger\u00e7ekle\u015ftirdi. Proje ile ilgili bilgi veren Tat Tesis Y\u00f6neticisi Orhan Kanur, \u201cBiz \u00e7al\u0131\u015fanlar\u0131m\u0131z ve i\u015fbirli\u011fi yapt\u0131\u011f\u0131m\u0131z \u00e7ift\u00e7ilerimizin \u00e7ocuklar\u0131 i\u00e7in ne yapaca\u011f\u0131m\u0131z\u0131 d\u00fc\u015f\u00fcnd\u00fck. \u00c7\u00fcnk\u00fc bizler \u00f6zellikle bu mevsimde yo\u011fun \u00e7al\u0131\u015f\u0131yoruz. Bu y\u00fczden \u00e7ocuklar\u0131m\u0131za \u00e7ok vakit ay\u0131ram\u0131yoruz. Biz de Torbal\u0131 Belediyesi i\u015fbirli\u011fi ile b\u00f6yle bir kurs d\u00fczenleme karar\u0131 ald\u0131k. Tat grubu olarak bu projeye hizmet vermekten \u00e7ok mutluyuz\u201d  ifadelerini kulland\u0131.<\/p>\n<p>Torbal\u0131 Belediyesi\u2019nden i\u015fbirli\u011fi m\u00fcjdesi<\/p>\n<p>Torbal\u0131 Belediyesi olarak bu t\u00fcr projelerin payda\u015f\u0131 olmaktan mutlu olduklar\u0131n\u0131 ifade eden Torbal\u0131 Belediyesi K\u00fclt\u00fcr ve Sosyal \u0130\u015fler M\u00fcd\u00fcr\u00fc Serkan Tekin, \u201cTorbal\u0131\u2019daki sanayi kurulu\u015flar\u0131 ile iyi ili\u015fkiler i\u00e7erisindeyiz. \u0130stihdam konusunda \u00f6nemli ad\u0131mlar atan bu kurulu\u015flar\u0131m\u0131z\u0131n bu t\u00fcr sosyal \u00e7al\u0131\u015fmalarda yer almas\u0131 ve bizim de buna ortak olmam\u0131z gayet sevindirici. Belediye olarak benzer projelerde yer almaya ve kurulu\u015flarla i\u015fbirli\u011fi i\u00e7erisinde bulunmaya devam edece\u011fiz\u201d ifadelerini kulland\u0131.<\/p>\n","protected":false},"excerpt":{"rendered":"<p>TORBALI\u2019DA \u00dcRET\u0130M G\u00d6STEREN T\u00dcRK\u0130YE\u2019N\u0130N \u00d6NEML\u0130 TARIMA DAYALI SANAY\u0130 KURULU\u015eLARINDAN OLAN TAT, TORBALI BELED\u0130YES\u0130 \u0130\u015eB\u0130RL\u0130\u011e\u0130YLE \u00c7ALI\u015eANLARININ \u00c7OCUKLARINA Y\u00d6NEL\u0130K Y\u00dcZME KURSU PROJES\u0130N\u0130 TAMAMLADI.<\/p>\n","protected":false},"author":1,"featured_media":198860,"comment_status":"closed","ping_status":"open","sticky":false,"template":"","format":"standard","meta":{"jetpack_post_was_ever_published":false,"_jetpack_newsletter_access":"","_jetpack_dont_email_post_to_subs":false,"_jetpack_newsletter_tier_id":0,"_jetpack_memberships_contains_paywalled_content":false,"_jetpack_memberships_contains_paid_content":false,"footnotes":"","jetpack_publicize_message":"","jetpack_publicize_feature_enabled":true,"jetpack_social_post_already_shared":true,"jetpack_social_options":{"image_generator_settings":{"template":"highway","default_image_id":0,"font":"","enabled":false},"version":2}},"categories":[1],"tags":[319,8001,49981,9223],"class_list":["post-198859","post","type-post","status-publish","format-standard","has-post-thumbnail","hentry","category-genel","tag-personel","tag-cocuklarina","tag-fabrikadan","tag-jest"],"jetpack_publicize_connections":[],"jetpack_featured_media_url":"https:\/\/i0.wp.com\/www.tvturk.com\/wp-content\/uploads\/2019\/09\/fabrikadan-personel-cocuklarina-jest_8638c6f.jpg?fit=1000%2C666","jetpack_sharing_enabled":true,"jetpack_shortlink":"https:\/\/wp.me\/paKIfm-PJp","_links":{"self":[{"href":"http:\/\/www.tvturk.com\/index.php\/wp-json\/wp\/v2\/posts\/198859","targetHints":{"allow":["GET"]}}],"collection":[{"href":"http:\/\/www.tvturk.com\/index.php\/wp-json\/wp\/v2\/posts"}],"about":[{"href":"http:\/\/www.tvturk.com\/index.php\/wp-json\/wp\/v2\/types\/post"}],"author":[{"embeddable":true,"href":"http:\/\/www.tvturk.com\/index.php\/wp-json\/wp\/v2\/users\/1"}],"replies":[{"embeddable":true,"href":"http:\/\/www.tvturk.com\/index.php\/wp-json\/wp\/v2\/comments?post=198859"}],"version-history":[{"count":0,"href":"http:\/\/www.tvturk.com\/index.php\/wp-json\/wp\/v2\/posts\/198859\/revisions"}],"wp:featuredmedia":[{"embeddable":true,"href":"http:\/\/www.tvturk.com\/index.php\/wp-json\/wp\/v2\/media\/198860"}],"wp:attachment":[{"href":"http:\/\/www.tvturk.com\/index.php\/wp-json\/wp\/v2\/media?parent=198859"}],"wp:term":[{"taxonomy":"category","embeddable":true,"href":"http:\/\/www.tvturk.com\/index.php\/wp-json\/wp\/v2\/categories?post=198859"},{"taxonomy":"post_tag","embeddable":true,"href":"http:\/\/www.tvturk.com\/index.php\/wp-json\/wp\/v2\/tags?post=198859"}],"curies":[{"name":"wp","href":"https:\/\/api.w.org\/{rel}","templated":true}]}}