{"id":198865,"date":"2019-09-02T14:16:33","date_gmt":"2019-09-02T11:16:33","guid":{"rendered":"http:\/\/www.tvturk.com\/index.php\/kamu-denetcisi-seref-malkoc-insan-haklari-ne-kadar-genislerse-baris-ve-huzur-o-kadar-artacaktir\/"},"modified":"2019-09-02T14:16:33","modified_gmt":"2019-09-02T11:16:33","slug":"kamu-denetcisi-seref-malkoc-insan-haklari-ne-kadar-genislerse-baris-ve-huzur-o-kadar-artacaktir","status":"publish","type":"post","link":"http:\/\/www.tvturk.com\/index.php\/kamu-denetcisi-seref-malkoc-insan-haklari-ne-kadar-genislerse-baris-ve-huzur-o-kadar-artacaktir\/","title":{"rendered":"Kamu Denet\u00e7isi \u015eeref Malko\u00e7: \u0130nsan haklar\u0131 ne kadar geni\u015flerse bar\u0131\u015f ve huzur o kadar artacakt\u0131r."},"content":{"rendered":"<p>Kamu Denet\u00e7ili\u011fi Kurumu (KDK) ile Bulgaristan Cumhuriyeti Ayr\u0131mc\u0131l\u0131\u011fa Kar\u015f\u0131 M\u00fccadele Komisyonu (KZD) aras\u0131nda Mutabakat Muht\u0131ras\u0131 (Memorandum) imzaland\u0131.<\/p>\n<p>Kamu Ba\u015fdenet\u00e7isi \u015eeref Malko\u00e7\u2019la Bulgaristan Cumhuriyeti Ayr\u0131mc\u0131l\u0131\u011fa Kar\u015f\u0131 M\u00fccadele Komisyonu (KZD) Ba\u015fkan\u0131 Ana Cumalieva aras\u0131nda Mutabakat Muht\u0131ras\u0131 (Memorandum) imzaland\u0131. Malko\u00e7 \u0130mza t\u00f6reninde yapt\u0131\u011f\u0131 konu\u015fmada \u201cBu memorandumla, insan\u0131 esas alan, insan haklar\u0131na dayal\u0131, ayr\u0131mc\u0131l\u0131\u011fa kar\u015f\u0131 dayan\u0131\u015fma i\u00e7inde hareket edilmesini sa\u011flayacak bir metni imzal\u0131yoruz. \u0130nsan haklar\u0131 ne kadar geni\u015flerse bar\u0131\u015f ve huzur o kadar artacakt\u0131r. T\u00fcrkiye Ombudsmanl\u0131\u011f\u0131 olarak d\u00fcnyadaki b\u00fct\u00fcn Ombudsmanl\u0131k a\u011flar\u0131na d\u00e2hiliz ve insan haklar\u0131 ile ilgili b\u00fct\u00fcn kurumlarla irtibat halindeyiz. Bu memorandumu imzalamak bize g\u00fc\u00e7 verecek, \u00e7al\u0131\u015fmalar\u0131m\u0131z\u0131 te\u015fvik edecektir. Bu memorandumla e\u011fitim ve benzeri konulardaki i\u015fbirli\u011fi toplant\u0131lar\u0131m\u0131z artacakt\u0131r\u201d diye konu\u015ftu.<\/p>\n<p>Malko\u00e7 konu\u015fmalar\u0131na \u015fu \u015fekilde devam etti:<\/p>\n<p>\u201cBiz \u015funa inan\u0131yoruz, T\u00fcrk halk\u0131n\u0131n huzuru Bulgar halk\u0131n\u0131n huzurudur, Bulgar halk\u0131n\u0131n huzuru T\u00fcrk halk\u0131n\u0131n huzurudur. Bu anlamda hem Balkanlara hem de Avrupa\u2019ya katk\u0131da bulunmak istiyoruz. Ombudsmanl\u0131k kurumlar\u0131n\u0131n dayan\u0131\u015fmas\u0131 insan haklar\u0131 ihlallerini ortadan kald\u0131r\u0131r. Kas\u0131m ay\u0131nda 80 \u00fclkeden gelen Ombudsmanlar\u0131n ve insan haklar\u0131 kurumlar\u0131n\u0131n temsilcileri ile \u0130stanbul\u2019da bir araya gelece\u011fiz. Bulgaristan Cumhuriyeti Ayr\u0131mc\u0131l\u0131\u011fa Kar\u015f\u0131 M\u00fccadele Komisyonu Ba\u015fkan\u0131 Ana Cumalieva\u2019da davetlimizdir.\u201d<\/p>\n<p>Ba\u015fdenet\u00e7i Bulgaristan\u2019da mevlit program\u0131na kat\u0131ld\u0131<\/p>\n<p>Ba\u015fdenet\u00e7i Malko\u00e7, Bulgaristan\u2019\u0131n Sevlievo b\u00f6lgesindeki Malko\u00e7 Bey t\u00fcrbesini ziyaret ederek burada Bursa Osmangazi Belediyesi\u2019yle Veliko T\u0131rnovo B\u00f6lge M\u00fcft\u00fcl\u00fc\u011f\u00fc\u2019n\u00fcn, Malko\u00e7 Bey ad\u0131na d\u00fczenledikleri mevlit program\u0131na kat\u0131ld\u0131, b\u00f6lgedeki T\u00fcrk vatanda\u015flar\u0131 ile bir araya geldi.<\/p>\n","protected":false},"excerpt":{"rendered":"<p>KAMU DENET\u00c7\u0130L\u0130\u011e\u0130 KURUMU \u0130LE BULGAR\u0130STAN CUMHUR\u0130YET\u0130 AYRIMCILI\u011eA KAR\u015eI M\u00dcCADELE KOM\u0130SYONU  ARASINDA MUTABAKAT MUHTIRASI \u0130MZALANDI.<\/p>\n","protected":false},"author":1,"featured_media":198866,"comment_status":"closed","ping_status":"open","sticky":false,"template":"","format":"standard","meta":{"jetpack_post_was_ever_published":false,"_jetpack_newsletter_access":"","_jetpack_dont_email_post_to_subs":false,"_jetpack_newsletter_tier_id":0,"_jetpack_memberships_contains_paywalled_content":false,"_jetpack_memberships_contains_paid_content":false,"footnotes":"","jetpack_publicize_message":"","jetpack_publicize_feature_enabled":true,"jetpack_social_post_already_shared":true,"jetpack_social_options":{"image_generator_settings":{"template":"highway","default_image_id":0,"font":"","enabled":false},"version":2}},"categories":[1],"tags":[49985,4256,49983,49984,271,1987,1381,3702,226,25920,4554],"class_list":["post-198865","post","type-post","status-publish","format-standard","has-post-thumbnail","hentry","category-genel","tag-artacaktir","tag-baris","tag-denetcisi","tag-genislerse","tag-haklari","tag-huzur","tag-insan","tag-kadar","tag-kamu","tag-malkoc","tag-seref"],"jetpack_publicize_connections":[],"jetpack_featured_media_url":"https:\/\/i0.wp.com\/www.tvturk.com\/wp-content\/uploads\/2019\/09\/kamu-denetcisi-seref-malkoc-insan-haklari-ne-kadar-genislerse-baris-ve-huzur-o-kadar-artacaktir_49df56e.jpg?fit=1000%2C666","jetpack_sharing_enabled":true,"jetpack_shortlink":"https:\/\/wp.me\/paKIfm-PJv","_links":{"self":[{"href":"http:\/\/www.tvturk.com\/index.php\/wp-json\/wp\/v2\/posts\/198865","targetHints":{"allow":["GET"]}}],"collection":[{"href":"http:\/\/www.tvturk.com\/index.php\/wp-json\/wp\/v2\/posts"}],"about":[{"href":"http:\/\/www.tvturk.com\/index.php\/wp-json\/wp\/v2\/types\/post"}],"author":[{"embeddable":true,"href":"http:\/\/www.tvturk.com\/index.php\/wp-json\/wp\/v2\/users\/1"}],"replies":[{"embeddable":true,"href":"http:\/\/www.tvturk.com\/index.php\/wp-json\/wp\/v2\/comments?post=198865"}],"version-history":[{"count":0,"href":"http:\/\/www.tvturk.com\/index.php\/wp-json\/wp\/v2\/posts\/198865\/revisions"}],"wp:featuredmedia":[{"embeddable":true,"href":"http:\/\/www.tvturk.com\/index.php\/wp-json\/wp\/v2\/media\/198866"}],"wp:attachment":[{"href":"http:\/\/www.tvturk.com\/index.php\/wp-json\/wp\/v2\/media?parent=198865"}],"wp:term":[{"taxonomy":"category","embeddable":true,"href":"http:\/\/www.tvturk.com\/index.php\/wp-json\/wp\/v2\/categories?post=198865"},{"taxonomy":"post_tag","embeddable":true,"href":"http:\/\/www.tvturk.com\/index.php\/wp-json\/wp\/v2\/tags?post=198865"}],"curies":[{"name":"wp","href":"https:\/\/api.w.org\/{rel}","templated":true}]}}