{"id":198875,"date":"2019-09-02T14:31:56","date_gmt":"2019-09-02T11:31:56","guid":{"rendered":"http:\/\/www.tvturk.com\/index.php\/43-yil-sonra-gelen-sehitlik\/"},"modified":"2019-09-02T14:31:56","modified_gmt":"2019-09-02T11:31:56","slug":"43-yil-sonra-gelen-sehitlik","status":"publish","type":"post","link":"http:\/\/www.tvturk.com\/index.php\/43-yil-sonra-gelen-sehitlik\/","title":{"rendered":"43 y\u0131l sonra gelen \u015fehitlik"},"content":{"rendered":"<p>1976 y\u0131l\u0131nda e\u011fitimde elinde el bombas\u0131n\u0131n patlamas\u0131 sonucu hayat\u0131n\u0131 kaybeden \u00d6\u011frenci Astsubay Cezmi \u00d6zsezer\u2019e 43 y\u0131l aradan sonra \u015fehitlik unvan\u0131 verildi.<\/p>\n<p>\u015eehadetinden 43 y\u0131l sonra \u015fehit say\u0131lan Cezmi \u00d6zsezer\u2019in, Samsun\u2019un Havza il\u00e7esinde bulunan mezar\u0131 ba\u015f\u0131nda, devre arkada\u015flar\u0131 taraf\u0131ndan t\u00f6ren d\u00fczenlendi. 1957 y\u0131l\u0131nda Havza\u2019da do\u011fan Cezmi \u00d6zsezer, ilk ve orta \u00f6\u011frenimini m\u00fcteakip 1971 y\u0131l\u0131nda girdi\u011fi Kuleli Askeri Lisesinden 1974 y\u0131l\u0131nda mezun oldu, ayn\u0131 y\u0131l Kara Harp Okuluna ba\u015flad\u0131. 1976 y\u0131l\u0131ndaki at\u0131\u015fl\u0131 tatbikatlarda, 2 Eyl\u00fcl 1976 tarihindeki el bombas\u0131 at\u0131\u015f\u0131 esnas\u0131nda bomban\u0131n elinde patlamas\u0131 sonucu Cezmi \u00d6zsezer hayat\u0131n\u0131 kaybetti ancak resmi olarak \u015fehit say\u0131lmad\u0131.Y\u0131llar sonra tesad\u00fcfen, Cezmi \u00d6zsezer\u2019in resmi olarak \u015fehitli\u011finin kabul edilmedi\u011fi ortaya \u00e7\u0131kt\u0131. Karde\u015flerinden birinin Kara Kuvvetleri Komutanl\u0131\u011f\u0131na verdi\u011fi dilek\u00e7eye cevaben &#8220;Cezmi \u00d6zsezer\u2019in \u015fehit olmad\u0131\u011f\u0131 ve o y\u0131llardaki yasa ve y\u00f6netmelik gere\u011fi \u015fehit say\u0131lamayaca\u011f\u0131\u201d bildirildi. Devre arkada\u015flar\u0131n\u0131n hukuk\u00ee giri\u015fimleri sonucunda Cezmi \u00d6zsezer\u2019in \u015fehitli\u011fi ilgili makamlarca kabul edildi. Devlet taraf\u0131ndan \u015fehitli\u011fi in\u015fa edilen ve g\u00f6nderine bayrak \u00e7ekilen Cezmi \u00d6zsever\u2019in 43\u2019\u00fcnc\u00fc \u00f6l\u00fcm y\u0131ld\u00f6n\u00fcm\u00fc ol\u00e2n 02 Eyl\u00fcl g\u00fcn\u00fc  mezar\u0131 ba\u015f\u0131nda, Kara Harp Okulu 1978 mezunu devre arkada\u015flar\u0131nca anma program\u0131 yap\u0131ld\u0131.<\/p>\n<p>T\u00f6rende konu\u015fan devre arkada\u015f\u0131 Emekli Orgeneral \u0130hsan Uyar, &#8220;\u015eehitlik unvan\u0131 ald\u0131\u011f\u0131 i\u00e7in bug\u00fcn mutluyuz. Bizler devre arkada\u015flar\u0131 olarak o elim g\u00fcn\u00fcn \u015fahitleriyiz. Bizim nazar\u0131m\u0131zda Cezmi 43 y\u0131ld\u0131r \u015fehittir ama bunun resmile\u015fmesi bug\u00fcne k\u0131smetmi\u015f&#8221; dedi.<\/p>\n<p>Emekli Orgeneral \u0130hsan Uyar\u2019\u0131n ard\u0131ndan k\u00fcrs\u00fcye gelen \u015fehidin ablas\u0131 G\u00fcl\u00fcmser \u00d6zsezer, &#8220;Bu s\u00fcre\u00e7te ayn\u0131 d\u00f6nemdeki arkada\u015flar\u0131 \u00e7ok m\u00fccadele etti.\u015eehit oldu\u011funu \u00f6\u011frendi\u011fimizde ac\u0131lar, travmalar ya\u015fad\u0131k. En b\u00fcy\u00fck ac\u0131y\u0131  annem ve babam  ya\u015fad\u0131.\u015eehitli\u011fin verilmesi \u00e7ok g\u00fczel bir duygu. katk\u0131s\u0131 olan herkese te\u015fekk\u00fcr ediyorum&#8221; diye konu\u015ftu.<\/p>\n<p>T\u00f6rende Emekli Hakim Hasan Us \u015fehitli\u011fin verilmesi s\u00fcreci hakk\u0131nda bilgi verdi. T\u00f6rende Havza Kaymakam\u0131 Metin Y\u0131lmaz da bir konu\u015fma yapt\u0131.<\/p>\n<p>Mezar\u0131n \u00e7evre d\u00fczenlemesini Havza Belediyesi yapt\u0131. Konu ile ilgili a\u00e7\u0131klama yapan Ba\u015fkan Sebahattin \u00d6zdemir, &#8220;\u015eehidimize b\u00f6yle bir hizmeti yapt\u0131\u011f\u0131m\u0131z i\u00e7i mutluyuz. \u015eehitli\u011fin resmile\u015fmesinde eme\u011fi ge\u00e7en herkese te\u015fekk\u00fcr ederim&#8221; \u015feklinde konu\u015ftu.<\/p>\n<p>T\u00f6ren \u015fehidin mezar\u0131n\u0131 ziyaret edilmesi, Kur\u2019an-\u0131 Kerim okunmas\u0131 ve dua yap\u0131lmas\u0131yla sona erdi.<\/p>\n","protected":false},"excerpt":{"rendered":"<p>T\u00d6RENDE KONU\u015eAN DEVRE ARKADA\u015eI EMEKL\u0130 ORGENERAL \u0130HSAN UYAR, &#8220;\u015eEH\u0130TL\u0130K UNVANI ALDI\u011eI \u0130\u00c7\u0130N BUG\u00dcN MUTLUYUZ. B\u0130ZLER DEVRE ARKADA\u015eLARI OLARAK O EL\u0130M G\u00dcN\u00dcN \u015eAH\u0130TLER\u0130Y\u0130Z. B\u0130Z\u0130M NAZARIMIZDA CEZM\u0130 43 YILDIR \u015eEH\u0130TT\u0130R AMA BUNUN RESM\u0130LE\u015eMES\u0130 BUG\u00dcNE KISMETM\u0130\u015e&#8221; DED\u0130.<\/p>\n","protected":false},"author":1,"featured_media":198876,"comment_status":"closed","ping_status":"open","sticky":false,"template":"","format":"standard","meta":{"jetpack_post_was_ever_published":false,"_jetpack_newsletter_access":"","_jetpack_dont_email_post_to_subs":false,"_jetpack_newsletter_tier_id":0,"_jetpack_memberships_contains_paywalled_content":false,"_jetpack_memberships_contains_paid_content":false,"footnotes":"","jetpack_publicize_message":"","jetpack_publicize_feature_enabled":true,"jetpack_social_post_already_shared":true,"jetpack_social_options":{"image_generator_settings":{"template":"highway","default_image_id":0,"font":"","enabled":false},"version":2}},"categories":[1],"tags":[307,21080,2022,231],"class_list":["post-198875","post","type-post","status-publish","format-standard","has-post-thumbnail","hentry","category-genel","tag-gelen","tag-sehitlik","tag-sonra","tag-yil"],"jetpack_publicize_connections":[],"jetpack_featured_media_url":"https:\/\/i0.wp.com\/www.tvturk.com\/wp-content\/uploads\/2019\/09\/43-yil-sonra-gelen-sehitlik_5e8837d.jpg?fit=1000%2C666","jetpack_sharing_enabled":true,"jetpack_shortlink":"https:\/\/wp.me\/paKIfm-PJF","_links":{"self":[{"href":"http:\/\/www.tvturk.com\/index.php\/wp-json\/wp\/v2\/posts\/198875","targetHints":{"allow":["GET"]}}],"collection":[{"href":"http:\/\/www.tvturk.com\/index.php\/wp-json\/wp\/v2\/posts"}],"about":[{"href":"http:\/\/www.tvturk.com\/index.php\/wp-json\/wp\/v2\/types\/post"}],"author":[{"embeddable":true,"href":"http:\/\/www.tvturk.com\/index.php\/wp-json\/wp\/v2\/users\/1"}],"replies":[{"embeddable":true,"href":"http:\/\/www.tvturk.com\/index.php\/wp-json\/wp\/v2\/comments?post=198875"}],"version-history":[{"count":0,"href":"http:\/\/www.tvturk.com\/index.php\/wp-json\/wp\/v2\/posts\/198875\/revisions"}],"wp:featuredmedia":[{"embeddable":true,"href":"http:\/\/www.tvturk.com\/index.php\/wp-json\/wp\/v2\/media\/198876"}],"wp:attachment":[{"href":"http:\/\/www.tvturk.com\/index.php\/wp-json\/wp\/v2\/media?parent=198875"}],"wp:term":[{"taxonomy":"category","embeddable":true,"href":"http:\/\/www.tvturk.com\/index.php\/wp-json\/wp\/v2\/categories?post=198875"},{"taxonomy":"post_tag","embeddable":true,"href":"http:\/\/www.tvturk.com\/index.php\/wp-json\/wp\/v2\/tags?post=198875"}],"curies":[{"name":"wp","href":"https:\/\/api.w.org\/{rel}","templated":true}]}}