{"id":198881,"date":"2019-09-02T14:32:12","date_gmt":"2019-09-02T11:32:12","guid":{"rendered":"http:\/\/www.tvturk.com\/index.php\/baskan-akgunden-imar-plani-mujdesi\/"},"modified":"2019-09-02T14:32:12","modified_gmt":"2019-09-02T11:32:12","slug":"baskan-akgunden-imar-plani-mujdesi","status":"publish","type":"post","link":"http:\/\/www.tvturk.com\/index.php\/baskan-akgunden-imar-plani-mujdesi\/","title":{"rendered":"Ba\u015fkan Akg\u00fcn\u2019den imar plan\u0131 m\u00fcjdesi"},"content":{"rendered":"<p>B\u00fcy\u00fck\u00e7ekmece Belediye Meclis toplant\u0131s\u0131 Eyl\u00fcl ay\u0131 birinci oturumu Kamiloba Mahallesi\u2019ndeki Y\u0131lmazlar K\u0131raathanesi\u2019nde ger\u00e7ekle\u015fti.  Belediye Ba\u015fkan\u0131 Dr. Hasan Akg\u00fcn, B\u00fcy\u00fck\u015fehir Belediye Meclisi\u2019nin Eyl\u00fcl ve Ekim ay\u0131 toplant\u0131lar\u0131nda Celaliye ve Kamiloba mahallerine y\u00f6nelik imar planlar\u0131n\u0131n g\u00f6r\u00fc\u015f\u00fclece\u011fini a\u00e7\u0131klad\u0131.<\/p>\n<p>B\u00fcy\u00fck\u00e7ekmece Belediye Meclis toplant\u0131s\u0131 Eyl\u00fcl ay\u0131 birinci oturumu vatanda\u015flar\u0131n yo\u011fun kat\u0131l\u0131m\u0131yla kahvehanede ger\u00e7ekle\u015ftirildi.  Toplant\u0131da konu\u015fan B\u00fcy\u00fck\u00e7ekmece Belediye Ba\u015fkan\u0131 Dr. Hasan Akg\u00fcn, \u201cVatanda\u015flar\u0131m\u0131z\u0131n aya\u011f\u0131na giderek meclis toplant\u0131lar\u0131n\u0131 halka a\u00e7\u0131k yapmak yerel demokrasi a\u00e7\u0131s\u0131ndan \u00f6rnek bir davran\u0131\u015ft\u0131r. Meclis toplant\u0131lar\u0131n\u0131 halka a\u00e7\u0131k ger\u00e7ekle\u015ftirmek T\u00fcrkiye\u2019de ilk defa B\u00fcy\u00fck\u00e7ekmece Belediyesi taraf\u0131ndan 15 sene \u00f6nce yap\u0131lm\u0131\u015ft\u0131r\u201d ifadesini kulland\u0131.<\/p>\n<p>2 okulun a\u00e7\u0131l\u0131\u015f\u0131 ger\u00e7ekle\u015ftirilecek<\/p>\n<p>Ba\u015fkan Akg\u00fcn, yeni e\u011fitim ve \u00f6\u011fretim y\u0131l\u0131n\u0131n \u00f6\u011frenci, \u00f6\u011fretmen ve veliler i\u00e7in hay\u0131rl\u0131 ve ba\u015far\u0131l\u0131 bir e\u011fitim y\u0131l\u0131 olmas\u0131n\u0131 dileyerek; Kumburgaz Kuva-yi Milliye \u0130lkokulu ve G\u00fczelce Nezihe &#8211; Hasan K\u0131l\u0131\u00e7 Anadolu Lisesi i\u00e7in 10 veya 11 Eyl\u00fcl tarihinde a\u00e7\u0131l\u0131\u015f t\u00f6reni yap\u0131laca\u011f\u0131n\u0131 belirtti. Ba\u015fkan Akg\u00fcn, zab\u0131ta te\u015fkilat\u0131n\u0131n kurulu\u015funun 193\u2019\u00fcnc\u00fc y\u0131l d\u00f6n\u00fcm\u00fcn\u00fc de kutlad\u0131. CHP ve AK Parti grup ba\u015fkanvekillerinin g\u00fcndeme dair yapt\u0131klar\u0131 konu\u015fmalar\u0131n ard\u0131ndan meclis g\u00fcndemine ge\u00e7ildi.<\/p>\n<p>\u201cYapaca\u011f\u0131z ve bitirece\u011fiz, halk\u0131m\u0131z\u0131n \u00f6n\u00fcn\u00fc a\u00e7aca\u011f\u0131z\u201d<\/p>\n<p>G\u00fcndem de yer alan maddeler tek tek g\u00f6r\u00fc\u015f\u00fcl\u00fcp karara ba\u011fland\u0131. Eyl\u00fcl ay\u0131 birinci meclis oturumunu kapatan Belediye Ba\u015fkan\u0131 Dr. Hasan Akg\u00fcn, B\u00fcy\u00fck\u00e7ekmece\u2019deki imar planlar\u0131yla ilgili \u015fu a\u00e7\u0131klamay\u0131 yapt\u0131: \u201c\u0130stanbul B\u00fcy\u00fck\u015fehir Belediye Meclisi\u2019nin Eyl\u00fcl ve Ekim ay\u0131 toplant\u0131lar\u0131nda Celaliye ve Kamiloba ile ilgili imar planlar\u0131 \u00f6zel olarak g\u00fcndeme getirilecek. Bununla ilgili ekip \u00e7al\u0131\u015fmalar\u0131 yap\u0131lacak. Altyap\u0131s\u0131 haz\u0131rlanm\u0131\u015ft\u0131r. Bir an \u00f6nce biraz da budanm\u0131\u015f olan imar planlar\u0131m\u0131z Celaliye, Kamiloba, Kumburgaz ve G\u00fczelce mahallelerinin planlar\u0131 bitecek arkas\u0131ndan da Tepecik ve T\u00fcrkoba planlar\u0131n\u0131n \u00e7al\u0131\u015fmas\u0131 devam edecek. Yapaca\u011f\u0131z ve bitirece\u011fiz, halk\u0131m\u0131z\u0131n \u00f6n\u00fcn\u00fc a\u00e7aca\u011f\u0131z.\u201d<\/p>\n<p>Eyl\u00fcl ay\u0131 meclisi ikinci oturumu \u00c7ar\u015famba g\u00fcn\u00fc saat 10.00\u2019da belediye hizmet binas\u0131ndaki meclis toplant\u0131 salonunda ger\u00e7ekle\u015ftirilecektir.<\/p>\n","protected":false},"excerpt":{"rendered":"<p>BELED\u0130YE BA\u015eKANI DR. HASAN AKG\u00dcN, B\u00dcY\u00dcK\u015eEH\u0130R BELED\u0130YE MECL\u0130S\u0130\u2019N\u0130N EYL\u00dcL VE EK\u0130M AYI TOPLANTILARINDA CELAL\u0130YE VE KAM\u0130LOBA MAHALLER\u0130NE Y\u00d6NEL\u0130K \u0130MAR PLANLARININ G\u00d6R\u00dc\u015e\u00dcLECE\u011e\u0130N\u0130 A\u00c7IKLADI.<\/p>\n","protected":false},"author":1,"featured_media":198882,"comment_status":"closed","ping_status":"open","sticky":false,"template":"","format":"standard","meta":{"jetpack_post_was_ever_published":false,"_jetpack_newsletter_access":"","_jetpack_dont_email_post_to_subs":false,"_jetpack_newsletter_tier_id":0,"_jetpack_memberships_contains_paywalled_content":false,"_jetpack_memberships_contains_paid_content":false,"footnotes":"","jetpack_publicize_message":"","jetpack_publicize_feature_enabled":true,"jetpack_social_post_already_shared":true,"jetpack_social_options":{"image_generator_settings":{"template":"highway","default_image_id":0,"font":"","enabled":false},"version":2}},"categories":[1],"tags":[17589,100,979,5260,6634],"class_list":["post-198881","post","type-post","status-publish","format-standard","has-post-thumbnail","hentry","category-genel","tag-akgunden","tag-baskan","tag-imar","tag-mujdesi","tag-plani"],"jetpack_publicize_connections":[],"jetpack_featured_media_url":"https:\/\/i0.wp.com\/www.tvturk.com\/wp-content\/uploads\/2019\/09\/baskan-akgunden-imar-plani-mujdesi_4bdb65b.jpg?fit=1000%2C676","jetpack_sharing_enabled":true,"jetpack_shortlink":"https:\/\/wp.me\/paKIfm-PJL","_links":{"self":[{"href":"http:\/\/www.tvturk.com\/index.php\/wp-json\/wp\/v2\/posts\/198881","targetHints":{"allow":["GET"]}}],"collection":[{"href":"http:\/\/www.tvturk.com\/index.php\/wp-json\/wp\/v2\/posts"}],"about":[{"href":"http:\/\/www.tvturk.com\/index.php\/wp-json\/wp\/v2\/types\/post"}],"author":[{"embeddable":true,"href":"http:\/\/www.tvturk.com\/index.php\/wp-json\/wp\/v2\/users\/1"}],"replies":[{"embeddable":true,"href":"http:\/\/www.tvturk.com\/index.php\/wp-json\/wp\/v2\/comments?post=198881"}],"version-history":[{"count":0,"href":"http:\/\/www.tvturk.com\/index.php\/wp-json\/wp\/v2\/posts\/198881\/revisions"}],"wp:featuredmedia":[{"embeddable":true,"href":"http:\/\/www.tvturk.com\/index.php\/wp-json\/wp\/v2\/media\/198882"}],"wp:attachment":[{"href":"http:\/\/www.tvturk.com\/index.php\/wp-json\/wp\/v2\/media?parent=198881"}],"wp:term":[{"taxonomy":"category","embeddable":true,"href":"http:\/\/www.tvturk.com\/index.php\/wp-json\/wp\/v2\/categories?post=198881"},{"taxonomy":"post_tag","embeddable":true,"href":"http:\/\/www.tvturk.com\/index.php\/wp-json\/wp\/v2\/tags?post=198881"}],"curies":[{"name":"wp","href":"https:\/\/api.w.org\/{rel}","templated":true}]}}