{"id":19895,"date":"2019-02-11T05:58:44","date_gmt":"2019-02-11T02:58:44","guid":{"rendered":"http:\/\/www.tvturk.com\/index.php\/besiktasta-gece-kulubu-onunde-silahli-kavga-1-yarali\/"},"modified":"2019-02-11T05:58:47","modified_gmt":"2019-02-11T02:58:47","slug":"besiktasta-gece-kulubu-onunde-silahli-kavga-1-yarali","status":"publish","type":"post","link":"http:\/\/www.tvturk.com\/index.php\/besiktasta-gece-kulubu-onunde-silahli-kavga-1-yarali\/","title":{"rendered":"Be\u015fikta\u015f\u2019ta gece kul\u00fcb\u00fc \u00f6n\u00fcnde silahl\u0131 kavga; 1 yaral\u0131"},"content":{"rendered":"<p>Be\u015fikta\u015f\u2019ta bir gece kul\u00fcb\u00fc \u00f6n\u00fcnde \u00e7\u0131kan kavgada silahlar konu\u015ftu. Silahlar\u0131n kullan\u0131ld\u0131\u011f\u0131 kavgada 1 ki\u015fi v\u00fccuduna isabet eden mermi sonucu yaraland\u0131.<\/p>\n<p>Olay, saat 04:00 s\u0131ralar\u0131nda Be\u015fikta\u015f Ortak\u00f6y Mahallesi Muallim Naci Caddesi \u00fczerinde bulunan bir gece kul\u00fcb\u00fc \u00f6n\u00fcnde meydana geldi. Edinilen bilgiye g\u00f6re cadde \u00fczerinde bulunan gece kul\u00fcb\u00fc \u00f6n\u00fcnde hen\u00fcz belirlenmeyen bir nedenle iki grup aras\u0131nda ba\u015flayan tart\u0131\u015fma kavgaya d\u00f6n\u00fc\u015ft\u00fc. Silahlar\u0131n kullan\u0131ld\u0131\u011f\u0131 kavgada 1 ki\u015fi v\u00fccuduna isabet eden mermi sonucu yaraland\u0131. Yaralanan \u015fah\u0131s ara\u00e7la \u015ei\u015fli E\u011fitim ve Ara\u015ft\u0131rma Hastanesine g\u00f6t\u00fcr\u00fcld\u00fc. \u0130hbar \u00fczerine olay yerine polis ve sa\u011fl\u0131k ekipleri sevk edildi.<\/p>\n<p>Olay yeri inceleme ekipleri gece kul\u00fcb\u00fc \u00f6n\u00fcnde inceleme yapmas\u0131n\u0131n ard\u0131ndan bo\u015f mermi kovanlar\u0131n\u0131 toplad\u0131.<\/p>\n<p>Polis, kavga sonras\u0131 olay yerinden ka\u00e7an \u015f\u00fcpheli veya \u015f\u00fcphelileri yakalamak i\u00e7in \u00e7evrede \u00e7al\u0131\u015fma ba\u015flatt\u0131.<div class=\"tiled-gallery type-rectangular tiled-gallery-unresized\" data-original-width=\"500\" data-carousel-extra='null' itemscope itemtype=\"http:\/\/schema.org\/ImageGallery\" > <div class=\"gallery-row\" style=\"width: 500px; height: 142px;\" data-original-width=\"500\" data-original-height=\"142\" > <div class=\"gallery-group images-1\" style=\"width: 250px; height: 142px;\" data-original-width=\"250\" data-original-height=\"142\" > <div class=\"tiled-gallery-item tiled-gallery-item-small\" itemprop=\"associatedMedia\" itemscope itemtype=\"http:\/\/schema.org\/ImageObject\"> <a href=\"http:\/\/www.tvturk.com\/index.php\/besiktasta-gece-kulubu-onunde-silahli-kavga-1-yarali\/besiktasta-gece-kulubu-onunde-silahli-kavga-1-yarali-3\/\" border=\"0\" itemprop=\"url\"> <meta itemprop=\"width\" content=\"246\"> <meta itemprop=\"height\" content=\"138\"> <img decoding=\"async\" class=\"\" data-attachment-id=\"19897\" data-orig-file=\"http:\/\/www.tvturk.com\/wp-content\/uploads\/2019\/02\/besiktasta-gece-kulubu-onunde-silahli-kavga-1-yarali_d76e1ce.jpg\" data-orig-size=\"1000,562\" data-comments-opened=\"\" data-image-meta=\"{&quot;aperture&quot;:&quot;0&quot;,&quot;credit&quot;:&quot;IHA&quot;,&quot;camera&quot;:&quot;&quot;,&quot;caption&quot;:&quot;BE\\u015e\\u0130KTA\\u015e\\u2019TA B\\u0130R GECE KUL\\u00dcB\\u00dc \\u00d6N\\u00dcNDE \\u00c7IKAN KAVGADA S\\u0130LAHLAR KONU\\u015eTU. S\\u0130LAHLARIN KULLANILDI\\u011eI KAVGADA 1 K\\u0130\\u015e\\u0130 V\\u00dcCUDUNA \\u0130SABET EDEN MERM\\u0130 SONUCU YARALANDI. (SEL\\u0130M BAYRAKTAR\\\/\\u0130STANBUL-\\u0130HA)&quot;,&quot;created_timestamp&quot;:&quot;0&quot;,&quot;copyright&quot;:&quot;\\u0130HLAS HABER AJANSI, www.iha.com.tr&quot;,&quot;focal_length&quot;:&quot;0&quot;,&quot;iso&quot;:&quot;0&quot;,&quot;shutter_speed&quot;:&quot;0&quot;,&quot;title&quot;:&quot;BE\\u015e\\u0130KTA\\u015e\\u2019TA GECE KUL\\u00dcB\\u00dc \\u00d6N\\u00dcNDE S\\u0130LAHLI KAVGA; 1 YARALI&quot;,&quot;orientation&quot;:&quot;0&quot;}\" data-image-title=\"Be\u015fikta\u015f\u2019ta gece kul\u00fcb\u00fc \u00f6n\u00fcnde silahl\u0131 kavga; 1 yaral\u0131\" data-image-description=\"&lt;p&gt;Be\u015fikta\u015f\u2019ta gece kul\u00fcb\u00fc \u00f6n\u00fcnde silahl\u0131 kavga; 1 yaral\u0131&lt;\/p&gt; \" data-medium-file=\"https:\/\/i0.wp.com\/www.tvturk.com\/wp-content\/uploads\/2019\/02\/besiktasta-gece-kulubu-onunde-silahli-kavga-1-yarali_d76e1ce.jpg?fit=300%2C169\" data-large-file=\"https:\/\/i0.wp.com\/www.tvturk.com\/wp-content\/uploads\/2019\/02\/besiktasta-gece-kulubu-onunde-silahli-kavga-1-yarali_d76e1ce.jpg?fit=1000%2C562\" src=\"https:\/\/i0.wp.com\/www.tvturk.com\/wp-content\/uploads\/2019\/02\/besiktasta-gece-kulubu-onunde-silahli-kavga-1-yarali_d76e1ce.jpg?w=246&#038;h=138\" srcset=\"https:\/\/i0.wp.com\/www.tvturk.com\/wp-content\/uploads\/2019\/02\/besiktasta-gece-kulubu-onunde-silahli-kavga-1-yarali_d76e1ce.jpg?w=1000 1000w, https:\/\/i0.wp.com\/www.tvturk.com\/wp-content\/uploads\/2019\/02\/besiktasta-gece-kulubu-onunde-silahli-kavga-1-yarali_d76e1ce.jpg?resize=150%2C84 150w, https:\/\/i0.wp.com\/www.tvturk.com\/wp-content\/uploads\/2019\/02\/besiktasta-gece-kulubu-onunde-silahli-kavga-1-yarali_d76e1ce.jpg?resize=300%2C169 300w, https:\/\/i0.wp.com\/www.tvturk.com\/wp-content\/uploads\/2019\/02\/besiktasta-gece-kulubu-onunde-silahli-kavga-1-yarali_d76e1ce.jpg?resize=768%2C432 768w, https:\/\/i0.wp.com\/www.tvturk.com\/wp-content\/uploads\/2019\/02\/besiktasta-gece-kulubu-onunde-silahli-kavga-1-yarali_d76e1ce.jpg?resize=200%2C113 200w\" width=\"246\" height=\"138\" loading=\"lazy\" data-original-width=\"246\" data-original-height=\"138\" itemprop=\"http:\/\/schema.org\/image\" title=\"Be\u015fikta\u015f\u2019ta gece kul\u00fcb\u00fc \u00f6n\u00fcnde silahl\u0131 kavga; 1 yaral\u0131\" alt=\"Be\u015fikta\u015f\u2019ta gece kul\u00fcb\u00fc \u00f6n\u00fcnde silahl\u0131 kavga; 1 yaral\u0131\" style=\"width: 246px; height: 138px;\" \/> <\/a> <\/div> <\/div> <!-- close group --> <div class=\"gallery-group images-1\" style=\"width: 250px; height: 142px;\" data-original-width=\"250\" data-original-height=\"142\" > <div class=\"tiled-gallery-item tiled-gallery-item-small\" itemprop=\"associatedMedia\" itemscope itemtype=\"http:\/\/schema.org\/ImageObject\"> <a href=\"http:\/\/www.tvturk.com\/index.php\/besiktasta-gece-kulubu-onunde-silahli-kavga-1-yarali\/besiktasta-gece-kulubu-onunde-silahli-kavga-1-yarali-4\/\" border=\"0\" itemprop=\"url\"> <meta itemprop=\"width\" content=\"246\"> <meta itemprop=\"height\" content=\"138\"> <img decoding=\"async\" class=\"\" data-attachment-id=\"19898\" data-orig-file=\"http:\/\/www.tvturk.com\/wp-content\/uploads\/2019\/02\/besiktasta-gece-kulubu-onunde-silahli-kavga-1-yarali_b069659.jpg\" data-orig-size=\"1000,562\" data-comments-opened=\"\" data-image-meta=\"{&quot;aperture&quot;:&quot;0&quot;,&quot;credit&quot;:&quot;IHA&quot;,&quot;camera&quot;:&quot;&quot;,&quot;caption&quot;:&quot;BE\\u015e\\u0130KTA\\u015e\\u2019TA B\\u0130R GECE KUL\\u00dcB\\u00dc \\u00d6N\\u00dcNDE \\u00c7IKAN KAVGADA S\\u0130LAHLAR KONU\\u015eTU. S\\u0130LAHLARIN KULLANILDI\\u011eI KAVGADA 1 K\\u0130\\u015e\\u0130 V\\u00dcCUDUNA \\u0130SABET EDEN MERM\\u0130 SONUCU YARALANDI. (SEL\\u0130M BAYRAKTAR\\\/\\u0130STANBUL-\\u0130HA)&quot;,&quot;created_timestamp&quot;:&quot;0&quot;,&quot;copyright&quot;:&quot;\\u0130HLAS HABER AJANSI, www.iha.com.tr&quot;,&quot;focal_length&quot;:&quot;0&quot;,&quot;iso&quot;:&quot;0&quot;,&quot;shutter_speed&quot;:&quot;0&quot;,&quot;title&quot;:&quot;BE\\u015e\\u0130KTA\\u015e\\u2019TA GECE KUL\\u00dcB\\u00dc \\u00d6N\\u00dcNDE S\\u0130LAHLI KAVGA; 1 YARALI&quot;,&quot;orientation&quot;:&quot;0&quot;}\" data-image-title=\"Be\u015fikta\u015f\u2019ta gece kul\u00fcb\u00fc \u00f6n\u00fcnde silahl\u0131 kavga; 1 yaral\u0131\" data-image-description=\"&lt;p&gt;Be\u015fikta\u015f\u2019ta gece kul\u00fcb\u00fc \u00f6n\u00fcnde silahl\u0131 kavga; 1 yaral\u0131&lt;\/p&gt; \" data-medium-file=\"https:\/\/i0.wp.com\/www.tvturk.com\/wp-content\/uploads\/2019\/02\/besiktasta-gece-kulubu-onunde-silahli-kavga-1-yarali_b069659.jpg?fit=300%2C169\" data-large-file=\"https:\/\/i0.wp.com\/www.tvturk.com\/wp-content\/uploads\/2019\/02\/besiktasta-gece-kulubu-onunde-silahli-kavga-1-yarali_b069659.jpg?fit=1000%2C562\" src=\"https:\/\/i0.wp.com\/www.tvturk.com\/wp-content\/uploads\/2019\/02\/besiktasta-gece-kulubu-onunde-silahli-kavga-1-yarali_b069659.jpg?w=246&#038;h=138\" srcset=\"https:\/\/i0.wp.com\/www.tvturk.com\/wp-content\/uploads\/2019\/02\/besiktasta-gece-kulubu-onunde-silahli-kavga-1-yarali_b069659.jpg?w=1000 1000w, https:\/\/i0.wp.com\/www.tvturk.com\/wp-content\/uploads\/2019\/02\/besiktasta-gece-kulubu-onunde-silahli-kavga-1-yarali_b069659.jpg?resize=150%2C84 150w, https:\/\/i0.wp.com\/www.tvturk.com\/wp-content\/uploads\/2019\/02\/besiktasta-gece-kulubu-onunde-silahli-kavga-1-yarali_b069659.jpg?resize=300%2C169 300w, https:\/\/i0.wp.com\/www.tvturk.com\/wp-content\/uploads\/2019\/02\/besiktasta-gece-kulubu-onunde-silahli-kavga-1-yarali_b069659.jpg?resize=768%2C432 768w, https:\/\/i0.wp.com\/www.tvturk.com\/wp-content\/uploads\/2019\/02\/besiktasta-gece-kulubu-onunde-silahli-kavga-1-yarali_b069659.jpg?resize=200%2C113 200w\" width=\"246\" height=\"138\" loading=\"lazy\" data-original-width=\"246\" data-original-height=\"138\" itemprop=\"http:\/\/schema.org\/image\" title=\"Be\u015fikta\u015f\u2019ta gece kul\u00fcb\u00fc \u00f6n\u00fcnde silahl\u0131 kavga; 1 yaral\u0131\" alt=\"Be\u015fikta\u015f\u2019ta gece kul\u00fcb\u00fc \u00f6n\u00fcnde silahl\u0131 kavga; 1 yaral\u0131\" style=\"width: 246px; height: 138px;\" \/> <\/a> <\/div> <\/div> <!-- close group --> <\/div> <!-- close row --> <div class=\"gallery-row\" style=\"width: 500px; height: 283px;\" data-original-width=\"500\" data-original-height=\"283\" > <div class=\"gallery-group images-1\" style=\"width: 500px; height: 283px;\" data-original-width=\"500\" data-original-height=\"283\" > <div class=\"tiled-gallery-item tiled-gallery-item-large\" itemprop=\"associatedMedia\" itemscope itemtype=\"http:\/\/schema.org\/ImageObject\"> <a href=\"http:\/\/www.tvturk.com\/index.php\/besiktasta-gece-kulubu-onunde-silahli-kavga-1-yarali\/besiktasta-gece-kulubu-onunde-silahli-kavga-1-yarali-5\/\" border=\"0\" itemprop=\"url\"> <meta itemprop=\"width\" content=\"496\"> <meta itemprop=\"height\" content=\"279\"> <img decoding=\"async\" class=\"\" data-attachment-id=\"19899\" data-orig-file=\"http:\/\/www.tvturk.com\/wp-content\/uploads\/2019\/02\/besiktasta-gece-kulubu-onunde-silahli-kavga-1-yarali_f8b51c7.jpg\" data-orig-size=\"1000,562\" data-comments-opened=\"\" data-image-meta=\"{&quot;aperture&quot;:&quot;0&quot;,&quot;credit&quot;:&quot;IHA&quot;,&quot;camera&quot;:&quot;&quot;,&quot;caption&quot;:&quot;BE\\u015e\\u0130KTA\\u015e\\u2019TA B\\u0130R GECE KUL\\u00dcB\\u00dc \\u00d6N\\u00dcNDE \\u00c7IKAN KAVGADA S\\u0130LAHLAR KONU\\u015eTU. S\\u0130LAHLARIN KULLANILDI\\u011eI KAVGADA 1 K\\u0130\\u015e\\u0130 V\\u00dcCUDUNA \\u0130SABET EDEN MERM\\u0130 SONUCU YARALANDI. (SEL\\u0130M BAYRAKTAR\\\/\\u0130STANBUL-\\u0130HA)&quot;,&quot;created_timestamp&quot;:&quot;0&quot;,&quot;copyright&quot;:&quot;\\u0130HLAS HABER AJANSI, www.iha.com.tr&quot;,&quot;focal_length&quot;:&quot;0&quot;,&quot;iso&quot;:&quot;0&quot;,&quot;shutter_speed&quot;:&quot;0&quot;,&quot;title&quot;:&quot;BE\\u015e\\u0130KTA\\u015e\\u2019TA GECE KUL\\u00dcB\\u00dc \\u00d6N\\u00dcNDE S\\u0130LAHLI KAVGA; 1 YARALI&quot;,&quot;orientation&quot;:&quot;0&quot;}\" data-image-title=\"Be\u015fikta\u015f\u2019ta gece kul\u00fcb\u00fc \u00f6n\u00fcnde silahl\u0131 kavga; 1 yaral\u0131\" data-image-description=\"&lt;p&gt;Be\u015fikta\u015f\u2019ta gece kul\u00fcb\u00fc \u00f6n\u00fcnde silahl\u0131 kavga; 1 yaral\u0131&lt;\/p&gt; \" data-medium-file=\"https:\/\/i0.wp.com\/www.tvturk.com\/wp-content\/uploads\/2019\/02\/besiktasta-gece-kulubu-onunde-silahli-kavga-1-yarali_f8b51c7.jpg?fit=300%2C169\" data-large-file=\"https:\/\/i0.wp.com\/www.tvturk.com\/wp-content\/uploads\/2019\/02\/besiktasta-gece-kulubu-onunde-silahli-kavga-1-yarali_f8b51c7.jpg?fit=1000%2C562\" src=\"https:\/\/i0.wp.com\/www.tvturk.com\/wp-content\/uploads\/2019\/02\/besiktasta-gece-kulubu-onunde-silahli-kavga-1-yarali_f8b51c7.jpg?w=496&#038;h=279\" srcset=\"https:\/\/i0.wp.com\/www.tvturk.com\/wp-content\/uploads\/2019\/02\/besiktasta-gece-kulubu-onunde-silahli-kavga-1-yarali_f8b51c7.jpg?w=1000 1000w, https:\/\/i0.wp.com\/www.tvturk.com\/wp-content\/uploads\/2019\/02\/besiktasta-gece-kulubu-onunde-silahli-kavga-1-yarali_f8b51c7.jpg?resize=150%2C84 150w, https:\/\/i0.wp.com\/www.tvturk.com\/wp-content\/uploads\/2019\/02\/besiktasta-gece-kulubu-onunde-silahli-kavga-1-yarali_f8b51c7.jpg?resize=300%2C169 300w, https:\/\/i0.wp.com\/www.tvturk.com\/wp-content\/uploads\/2019\/02\/besiktasta-gece-kulubu-onunde-silahli-kavga-1-yarali_f8b51c7.jpg?resize=768%2C432 768w, https:\/\/i0.wp.com\/www.tvturk.com\/wp-content\/uploads\/2019\/02\/besiktasta-gece-kulubu-onunde-silahli-kavga-1-yarali_f8b51c7.jpg?resize=200%2C113 200w\" width=\"496\" height=\"279\" loading=\"lazy\" data-original-width=\"496\" data-original-height=\"279\" itemprop=\"http:\/\/schema.org\/image\" title=\"Be\u015fikta\u015f\u2019ta gece kul\u00fcb\u00fc \u00f6n\u00fcnde silahl\u0131 kavga; 1 yaral\u0131\" alt=\"Be\u015fikta\u015f\u2019ta gece kul\u00fcb\u00fc \u00f6n\u00fcnde silahl\u0131 kavga; 1 yaral\u0131\" style=\"width: 496px; height: 279px;\" \/> <\/a> <\/div> <\/div> <!-- close group --> <\/div> <!-- close row --> <\/div><\/p>\n","protected":false},"excerpt":{"rendered":"<p>BE\u015e\u0130KTA\u015e\u2019TA B\u0130R GECE KUL\u00dcB\u00dc \u00d6N\u00dcNDE \u00c7IKAN KAVGADA S\u0130LAHLAR KONU\u015eTU. S\u0130LAHLARIN KULLANILDI\u011eI KAVGADA 1 K\u0130\u015e\u0130 V\u00dcCUDUNA \u0130SABET EDEN MERM\u0130 SONUCU YARALANDI.<\/p>\n","protected":false},"author":1,"featured_media":19896,"comment_status":"closed","ping_status":"open","sticky":false,"template":"","format":"standard","meta":{"jetpack_post_was_ever_published":false,"_jetpack_newsletter_access":"","_jetpack_dont_email_post_to_subs":false,"_jetpack_newsletter_tier_id":0,"_jetpack_memberships_contains_paywalled_content":false,"_jetpack_memberships_contains_paid_content":false,"footnotes":"","jetpack_publicize_message":"","jetpack_publicize_feature_enabled":true,"jetpack_social_post_already_shared":false,"jetpack_social_options":{"image_generator_settings":{"template":"highway","default_image_id":0,"font":"","enabled":false},"version":2}},"categories":[655],"tags":[3383,1501,5198,4029,3565,998,774],"class_list":["post-19895","post","type-post","status-publish","format-standard","has-post-thumbnail","hentry","category-son-dakika","tag-besiktasta","tag-gece","tag-kavga","tag-kulubu","tag-onunde","tag-silahli","tag-yarali"],"jetpack_publicize_connections":[],"jetpack_featured_media_url":"https:\/\/i0.wp.com\/www.tvturk.com\/wp-content\/uploads\/2019\/02\/besiktasta-gece-kulubu-onunde-silahli-kavga-1-yarali_7dd3139.jpg?fit=1000%2C562","jetpack_sharing_enabled":true,"jetpack_shortlink":"https:\/\/wp.me\/paKIfm-5aT","_links":{"self":[{"href":"http:\/\/www.tvturk.com\/index.php\/wp-json\/wp\/v2\/posts\/19895","targetHints":{"allow":["GET"]}}],"collection":[{"href":"http:\/\/www.tvturk.com\/index.php\/wp-json\/wp\/v2\/posts"}],"about":[{"href":"http:\/\/www.tvturk.com\/index.php\/wp-json\/wp\/v2\/types\/post"}],"author":[{"embeddable":true,"href":"http:\/\/www.tvturk.com\/index.php\/wp-json\/wp\/v2\/users\/1"}],"replies":[{"embeddable":true,"href":"http:\/\/www.tvturk.com\/index.php\/wp-json\/wp\/v2\/comments?post=19895"}],"version-history":[{"count":1,"href":"http:\/\/www.tvturk.com\/index.php\/wp-json\/wp\/v2\/posts\/19895\/revisions"}],"predecessor-version":[{"id":19900,"href":"http:\/\/www.tvturk.com\/index.php\/wp-json\/wp\/v2\/posts\/19895\/revisions\/19900"}],"wp:featuredmedia":[{"embeddable":true,"href":"http:\/\/www.tvturk.com\/index.php\/wp-json\/wp\/v2\/media\/19896"}],"wp:attachment":[{"href":"http:\/\/www.tvturk.com\/index.php\/wp-json\/wp\/v2\/media?parent=19895"}],"wp:term":[{"taxonomy":"category","embeddable":true,"href":"http:\/\/www.tvturk.com\/index.php\/wp-json\/wp\/v2\/categories?post=19895"},{"taxonomy":"post_tag","embeddable":true,"href":"http:\/\/www.tvturk.com\/index.php\/wp-json\/wp\/v2\/tags?post=19895"}],"curies":[{"name":"wp","href":"https:\/\/api.w.org\/{rel}","templated":true}]}}