{"id":198963,"date":"2019-09-02T17:02:08","date_gmt":"2019-09-02T14:02:08","guid":{"rendered":"http:\/\/www.tvturk.com\/index.php\/festival-finaline-ziynet-sali-damga-vurdu\/"},"modified":"2019-09-02T17:02:08","modified_gmt":"2019-09-02T14:02:08","slug":"festival-finaline-ziynet-sali-damga-vurdu","status":"publish","type":"post","link":"http:\/\/www.tvturk.com\/index.php\/festival-finaline-ziynet-sali-damga-vurdu\/","title":{"rendered":"Festival finaline Ziynet Sali damga vurdu"},"content":{"rendered":"<p>Gemlik Belediyesi ile pek \u00e7ok kurum ve kurulu\u015fun sponsorlu\u011funda ger\u00e7ekle\u015fen 5. Uluslararas\u0131 Zeytin Festivali, Ziynet Sali\u2019nin konseri ile sona erdi.<\/p>\n<p>30 A\u011fustos\u2019ta ba\u015flayan festival, zeytin, zeytincilik, Gemlik\u2019te 30 A\u011fustos kutlamalar\u0131 foto\u011fraf sergileri, zeytin tarihi sergisi, \u00e7ocuklara y\u00f6nelik e\u011flenceler, Zeytin ve Zeytinya\u011f\u0131 M\u00fczesi a\u00e7\u0131l\u0131\u015f\u0131, en iyi zeytin bah\u00e7esi, en kaliteli zeytin \u00f6d\u00fclleri, zeytinya\u011fl\u0131 yemek yar\u0131\u015fmas\u0131, kahvalt\u0131 ve d\u00fcnyan\u0131n en b\u00fcy\u00fck zeytin taba\u011f\u0131 gibi pek \u00e7ok faaliyete ev sahipli\u011fi yapt\u0131. Festivalde kapan\u0131\u015f konserini Ziynet Sali verdi.<\/p>\n<p>Sali\u2019den \u00f6nce Gemlikli gen\u00e7 m\u00fczisyenlerden olu\u015fan Pick-Up grubu sevilen \u015fark\u0131lar\u0131 seslendirdi. Bir saati a\u015fk\u0131n sahnede kalan Pick-Up izleyenlere keyifli anlar ya\u015fatt\u0131. Ard\u0131ndan Ziynet Sali\u2019nin sahneye \u00e7\u0131kmas\u0131yla alanda co\u015fku zirve yapt\u0131. Repertuar\u0131nda bilinen \u015fark\u0131lar\u0131n yan\u0131 s\u0131ra Rumca, \u0130spanyolca, Yunanca \u015fark\u0131lar ile geceye renk katan Sali, unutulmaz bir gece ya\u015fatt\u0131. Sanat\u00e7\u0131ya hediyelerini Gemlik Belediye Ba\u015fkan\u0131 Mehmet U\u011fur Sertaslan takdim etti. Ba\u015fkan Sertaslan Sali\u2019ye zeytin fidan\u0131, zeytin ve zeytinya\u011f\u0131 hediye ederken \u00d6zkaleli ise \u00e7i\u00e7ek verdi.<\/p>\n<p>Yakla\u015f\u0131k iki saat s\u00fcren konsere e\u015flik eden Gemlikliler zaman zaman telefon \u0131\u015f\u0131klar\u0131 ile ortaya etkileyici g\u00f6r\u00fcnt\u00fclerin \u00e7\u0131kmas\u0131n\u0131 sa\u011flad\u0131. 1 Eyl\u00fcl D\u00fcnya Bar\u0131\u015f G\u00fcn\u00fc m\u00fcnasebetiyle bar\u0131\u015f mesajlar\u0131 da dile getirildi.<\/p>\n","protected":false},"excerpt":{"rendered":"<p>GEML\u0130K BELED\u0130YES\u0130 \u0130LE PEK \u00c7OK KURUM VE KURULU\u015eUN SPONSORLU\u011eUNDA GER\u00c7EKLE\u015eEN 5. ULUSLARARASI ZEYT\u0130N FEST\u0130VAL\u0130, Z\u0130YNET SAL\u0130\u2019N\u0130N KONSER\u0130 \u0130LE SONA ERD\u0130.<\/p>\n","protected":false},"author":1,"featured_media":198964,"comment_status":"closed","ping_status":"open","sticky":false,"template":"","format":"standard","meta":{"jetpack_post_was_ever_published":false,"_jetpack_newsletter_access":"","_jetpack_dont_email_post_to_subs":false,"_jetpack_newsletter_tier_id":0,"_jetpack_memberships_contains_paywalled_content":false,"_jetpack_memberships_contains_paid_content":false,"footnotes":"","jetpack_publicize_message":"","jetpack_publicize_feature_enabled":true,"jetpack_social_post_already_shared":true,"jetpack_social_options":{"image_generator_settings":{"template":"highway","default_image_id":0,"font":"","enabled":false},"version":2}},"categories":[1],"tags":[2179,12116,48684,447,2180,1159],"class_list":["post-198963","post","type-post","status-publish","format-standard","has-post-thumbnail","hentry","category-genel","tag-damga","tag-festival","tag-finaline","tag-sali","tag-vurdu","tag-ziynet"],"jetpack_publicize_connections":[],"jetpack_featured_media_url":"https:\/\/i0.wp.com\/www.tvturk.com\/wp-content\/uploads\/2019\/09\/festival-finaline-ziynet-sali-damga-vurdu_f10e8fc.jpg?fit=1000%2C668","jetpack_sharing_enabled":true,"jetpack_shortlink":"https:\/\/wp.me\/paKIfm-PL5","_links":{"self":[{"href":"http:\/\/www.tvturk.com\/index.php\/wp-json\/wp\/v2\/posts\/198963","targetHints":{"allow":["GET"]}}],"collection":[{"href":"http:\/\/www.tvturk.com\/index.php\/wp-json\/wp\/v2\/posts"}],"about":[{"href":"http:\/\/www.tvturk.com\/index.php\/wp-json\/wp\/v2\/types\/post"}],"author":[{"embeddable":true,"href":"http:\/\/www.tvturk.com\/index.php\/wp-json\/wp\/v2\/users\/1"}],"replies":[{"embeddable":true,"href":"http:\/\/www.tvturk.com\/index.php\/wp-json\/wp\/v2\/comments?post=198963"}],"version-history":[{"count":0,"href":"http:\/\/www.tvturk.com\/index.php\/wp-json\/wp\/v2\/posts\/198963\/revisions"}],"wp:featuredmedia":[{"embeddable":true,"href":"http:\/\/www.tvturk.com\/index.php\/wp-json\/wp\/v2\/media\/198964"}],"wp:attachment":[{"href":"http:\/\/www.tvturk.com\/index.php\/wp-json\/wp\/v2\/media?parent=198963"}],"wp:term":[{"taxonomy":"category","embeddable":true,"href":"http:\/\/www.tvturk.com\/index.php\/wp-json\/wp\/v2\/categories?post=198963"},{"taxonomy":"post_tag","embeddable":true,"href":"http:\/\/www.tvturk.com\/index.php\/wp-json\/wp\/v2\/tags?post=198963"}],"curies":[{"name":"wp","href":"https:\/\/api.w.org\/{rel}","templated":true}]}}