{"id":198971,"date":"2019-09-02T17:02:50","date_gmt":"2019-09-02T14:02:50","guid":{"rendered":"http:\/\/www.tvturk.com\/index.php\/martin-skrtel-basaksehirde\/"},"modified":"2019-09-02T17:02:50","modified_gmt":"2019-09-02T14:02:50","slug":"martin-skrtel-basaksehirde","status":"publish","type":"post","link":"http:\/\/www.tvturk.com\/index.php\/martin-skrtel-basaksehirde\/","title":{"rendered":"Martin Skrtel Ba\u015fak\u015fehir\u2019de"},"content":{"rendered":"<p>Medipol Ba\u015fak\u015fehir, Atalanta ile s\u00f6zle\u015fmesini fesheden eski Fenerbah\u00e7eli futbolcu Martin Skrtrel\u2019i kadrosuna katt\u0131.<\/p>\n<p>Transferin son g\u00fcn\u00fcnde Ba\u015fak\u015fehir, savunma hatt\u0131na \u00f6nemli bir takviye yapt\u0131. Turuncu-lacivertliler, \u00fc\u00e7 sezon Fenerbah\u00e7e formas\u0131 giydikten sonra yaz transfer d\u00f6neminde Atalanta\u2019ya transfer olan ancak ya\u015fad\u0131\u011f\u0131 problemler sebebiyle yeni kul\u00fcb\u00fcyle s\u00f6zle\u015fmesini fesheden Skrtel\u2019i kadrosuna katt\u0131. Ba\u015fak\u015fehir, g\u00fcn i\u00e7inde 34 ya\u015f\u0131ndaki futbolcunun transferini duyuracak.<\/p>\n","protected":false},"excerpt":{"rendered":"<p>MED\u0130POL BA\u015eAK\u015eEH\u0130R, ATALANTA \u0130LE S\u00d6ZLE\u015eMES\u0130N\u0130 FESHEDEN ESK\u0130 FENERBAH\u00c7EL\u0130 FUTBOLCU MART\u0130N SKRTREL&#8217;\u0130 KADROSUNA KATTI.<\/p>\n","protected":false},"author":1,"featured_media":198972,"comment_status":"closed","ping_status":"open","sticky":false,"template":"","format":"standard","meta":{"jetpack_post_was_ever_published":false,"_jetpack_newsletter_access":"","_jetpack_dont_email_post_to_subs":false,"_jetpack_newsletter_tier_id":0,"_jetpack_memberships_contains_paywalled_content":false,"_jetpack_memberships_contains_paid_content":false,"footnotes":"","jetpack_publicize_message":"","jetpack_publicize_feature_enabled":true,"jetpack_social_post_already_shared":true,"jetpack_social_options":{"image_generator_settings":{"template":"highway","default_image_id":0,"font":"","enabled":false},"version":2}},"categories":[657],"tags":[7852,22515,18832],"class_list":["post-198971","post","type-post","status-publish","format-standard","has-post-thumbnail","hentry","category-spor","tag-basaksehirde","tag-martin","tag-skrtel"],"jetpack_publicize_connections":[],"jetpack_featured_media_url":"https:\/\/i0.wp.com\/www.tvturk.com\/wp-content\/uploads\/2019\/09\/martin-skrtel-basaksehirde_e8fc195.jpg?fit=1000%2C897","jetpack_sharing_enabled":true,"jetpack_shortlink":"https:\/\/wp.me\/paKIfm-PLd","_links":{"self":[{"href":"http:\/\/www.tvturk.com\/index.php\/wp-json\/wp\/v2\/posts\/198971","targetHints":{"allow":["GET"]}}],"collection":[{"href":"http:\/\/www.tvturk.com\/index.php\/wp-json\/wp\/v2\/posts"}],"about":[{"href":"http:\/\/www.tvturk.com\/index.php\/wp-json\/wp\/v2\/types\/post"}],"author":[{"embeddable":true,"href":"http:\/\/www.tvturk.com\/index.php\/wp-json\/wp\/v2\/users\/1"}],"replies":[{"embeddable":true,"href":"http:\/\/www.tvturk.com\/index.php\/wp-json\/wp\/v2\/comments?post=198971"}],"version-history":[{"count":0,"href":"http:\/\/www.tvturk.com\/index.php\/wp-json\/wp\/v2\/posts\/198971\/revisions"}],"wp:featuredmedia":[{"embeddable":true,"href":"http:\/\/www.tvturk.com\/index.php\/wp-json\/wp\/v2\/media\/198972"}],"wp:attachment":[{"href":"http:\/\/www.tvturk.com\/index.php\/wp-json\/wp\/v2\/media?parent=198971"}],"wp:term":[{"taxonomy":"category","embeddable":true,"href":"http:\/\/www.tvturk.com\/index.php\/wp-json\/wp\/v2\/categories?post=198971"},{"taxonomy":"post_tag","embeddable":true,"href":"http:\/\/www.tvturk.com\/index.php\/wp-json\/wp\/v2\/tags?post=198971"}],"curies":[{"name":"wp","href":"https:\/\/api.w.org\/{rel}","templated":true}]}}