{"id":198989,"date":"2019-09-02T17:31:50","date_gmt":"2019-09-02T14:31:50","guid":{"rendered":"http:\/\/www.tvturk.com\/index.php\/3-ordu-komutani-korgeneral-ongay-ilk-ziyaretini-erzuruma-yapti\/"},"modified":"2019-09-02T17:31:50","modified_gmt":"2019-09-02T14:31:50","slug":"3-ordu-komutani-korgeneral-ongay-ilk-ziyaretini-erzuruma-yapti","status":"publish","type":"post","link":"http:\/\/www.tvturk.com\/index.php\/3-ordu-komutani-korgeneral-ongay-ilk-ziyaretini-erzuruma-yapti\/","title":{"rendered":"3. Ordu Komutan\u0131 Korgeneral \u00d6ngay, ilk ziyaretini Erzurum\u2019a yapt\u0131"},"content":{"rendered":"<p>3. Ordu Komutanl\u0131\u011f\u0131na atanan Korgeneral \u015eeref \u00d6ngay ilk ziyaretini Erzurum\u2019a ger\u00e7ekle\u015ftirdi.<\/p>\n<p>22 Temmuz\u2019da Kara Kuvvetleri EDOK Komutanl\u0131\u011f\u0131ndan, 3. Ordu Komutanl\u0131\u011f\u0131na atanan Korgeneral \u015eeref \u00d6ngay Erzurum Valili\u011fini ziyaret etti. \u00d6ngay \u015feref defterini imzalad\u0131ktan sonra Erzurum Valisi Okay Memi\u015f\u2019le bir s\u00fcre sohbet etti.<\/p>\n<p>Bas\u0131n mensuplar\u0131n\u0131n sorular\u0131n\u0131 yan\u0131tlayan \u00d6ngay ter\u00f6rle m\u00fccadelede kararl\u0131 olduklar\u0131n\u0131 ifade ederek, \u201cG\u00f6reve ba\u015flad\u0131ktan sonra ilk ziyaretim Erzurum\u2019a oldu. Anadolu\u2019nun kadim \u015fehrine gelmek benim i\u00e7in \u00e7ok \u00f6nemli. \u0130n\u015fallah hep birlikte \u00fclkemizin g\u00fcvenli\u011fi i\u00e7in \u00e7al\u0131\u015fmalara devam edece\u011fiz. Ter\u00f6rle m\u00fccadelede kararl\u0131y\u0131z milletimizi sonsuza kadar huzurlu ya\u015fatmak i\u00e7in elimizden geleni yapaca\u011f\u0131z\u201d \u015feklinde konu\u015ftu.<\/p>\n<p>Erzurum Valisi Okay Memi\u015f ise \u00d6ngay\u2019\u0131n ilk ziyaretini Erzurum\u2019a ger\u00e7ekle\u015ftirdi\u011fi i\u00e7in memnun olduklar\u0131n\u0131 belirterek, \u201cYeni atand\u0131ktan sonra k\u0131sa s\u00fcrede buraya ziyaret eden komutan\u0131m\u0131za \u00e7ok te\u015fekk\u00fcr ederiz. Bizler g\u00fcvenlik g\u00fc\u00e7lerimiz ile burada \u00e7ok uyum i\u00e7erisinde \u00e7al\u0131\u015f\u0131yoruz. Kolordu komutan\u0131m\u0131zla birlikte \u00e7al\u0131\u015fmalar\u0131m\u0131z devam ediyor. Erzurum stratejik bir \u015fehir.  Erzurum kongresinin 100. Y\u0131l\u0131n\u0131 kutlad\u0131k bu sene t\u00fcm dada\u015flar\u0131n ilgisi gayet g\u00fczeldi. Biz inan\u0131yoruz ki Erzurum Cumhuriyetin temelinin at\u0131ld\u0131\u011f\u0131 \u015fehir. Erzurum\u2019da bundan \u00f6nce oldu\u011fu gibi bundan sonrada baz\u0131 kesimlerde ter\u00f6rle m\u00fccadelemiz devam edecektir. Sizlerin de g\u00f6reve ba\u015flar ba\u015flamaz Erzurum\u2019u ziyaret etmeniz bizi ziyadesiyle mutlu etmi\u015ftir\u201d dedi.<\/p>\n<p>Konu\u015fmalar\u0131n ard\u0131ndan Vali Memi\u015f 3. Ordu Komutan\u0131 Korgeneral \u015eeref \u00d6ngay\u2019a Oltu ta\u015f\u0131 tespih hediye etti.<\/p>\n","protected":false},"excerpt":{"rendered":"<p>3. ORDU KOMUTANLI\u011eINA ATANAN KORGENERAL \u015eEREF \u00d6NGAY \u0130LK Z\u0130YARET\u0130N\u0130 ERZURUM\u2019A GER\u00c7EKLE\u015eT\u0130RD\u0130.<\/p>\n","protected":false},"author":1,"featured_media":198990,"comment_status":"closed","ping_status":"open","sticky":false,"template":"","format":"standard","meta":{"jetpack_post_was_ever_published":false,"_jetpack_newsletter_access":"","_jetpack_dont_email_post_to_subs":false,"_jetpack_newsletter_tier_id":0,"_jetpack_memberships_contains_paywalled_content":false,"_jetpack_memberships_contains_paid_content":false,"footnotes":"","jetpack_publicize_message":"","jetpack_publicize_feature_enabled":true,"jetpack_social_post_already_shared":true,"jetpack_social_options":{"image_generator_settings":{"template":"highway","default_image_id":0,"font":"","enabled":false},"version":2}},"categories":[1],"tags":[14922,37,943,6886,50012,10801,292,29134],"class_list":["post-198989","post","type-post","status-publish","format-standard","has-post-thumbnail","hentry","category-genel","tag-erzuruma","tag-ilk","tag-komutani","tag-korgeneral","tag-ongay","tag-ordu","tag-yapti","tag-ziyaretini"],"jetpack_publicize_connections":[],"jetpack_featured_media_url":"https:\/\/i0.wp.com\/www.tvturk.com\/wp-content\/uploads\/2019\/09\/3-ordu-komutani-korgeneral-ongay-ilk-ziyaretini-erzuruma-yapti_173d08e.jpg?fit=1000%2C666","jetpack_sharing_enabled":true,"jetpack_shortlink":"https:\/\/wp.me\/paKIfm-PLv","_links":{"self":[{"href":"http:\/\/www.tvturk.com\/index.php\/wp-json\/wp\/v2\/posts\/198989","targetHints":{"allow":["GET"]}}],"collection":[{"href":"http:\/\/www.tvturk.com\/index.php\/wp-json\/wp\/v2\/posts"}],"about":[{"href":"http:\/\/www.tvturk.com\/index.php\/wp-json\/wp\/v2\/types\/post"}],"author":[{"embeddable":true,"href":"http:\/\/www.tvturk.com\/index.php\/wp-json\/wp\/v2\/users\/1"}],"replies":[{"embeddable":true,"href":"http:\/\/www.tvturk.com\/index.php\/wp-json\/wp\/v2\/comments?post=198989"}],"version-history":[{"count":0,"href":"http:\/\/www.tvturk.com\/index.php\/wp-json\/wp\/v2\/posts\/198989\/revisions"}],"wp:featuredmedia":[{"embeddable":true,"href":"http:\/\/www.tvturk.com\/index.php\/wp-json\/wp\/v2\/media\/198990"}],"wp:attachment":[{"href":"http:\/\/www.tvturk.com\/index.php\/wp-json\/wp\/v2\/media?parent=198989"}],"wp:term":[{"taxonomy":"category","embeddable":true,"href":"http:\/\/www.tvturk.com\/index.php\/wp-json\/wp\/v2\/categories?post=198989"},{"taxonomy":"post_tag","embeddable":true,"href":"http:\/\/www.tvturk.com\/index.php\/wp-json\/wp\/v2\/tags?post=198989"}],"curies":[{"name":"wp","href":"https:\/\/api.w.org\/{rel}","templated":true}]}}