{"id":198991,"date":"2019-09-02T17:46:36","date_gmt":"2019-09-02T14:46:36","guid":{"rendered":"http:\/\/www.tvturk.com\/index.php\/yenisehirde-altin-biber-festivali\/"},"modified":"2019-09-02T17:46:36","modified_gmt":"2019-09-02T14:46:36","slug":"yenisehirde-altin-biber-festivali","status":"publish","type":"post","link":"http:\/\/www.tvturk.com\/index.php\/yenisehirde-altin-biber-festivali\/","title":{"rendered":"Yeni\u015fehir\u2019de Alt\u0131n Biber Festivali"},"content":{"rendered":"<p>Yeni\u015fehir Belediye Ba\u015fkan\u0131 Davut Ayd\u0131n, il\u00e7ezde faaliyet g\u00f6steren ihracat\u00e7\u0131 firma sahipleriyle bir araya gelerek 6. Uluslararas\u0131 Alt\u0131n Biber, K\u00fclt\u00fcr, Tar\u0131m ve Hayvanc\u0131l\u0131k Festivali hakk\u0131nda konu\u015ftu.<\/p>\n<p>Yakla\u015fan festival program\u0131 ve d\u00fczenlenecek faaliyetler hakk\u0131nda firma sahiplerini bilgilendiren Ayd\u0131n, Osmanl\u0131\u2019n\u0131n ilk ba\u015fkenti il\u00e7emizin \u00f6nemli bir ge\u00e7im kayna\u011f\u0131 ve simgesi haline gelen tar\u0131m \u00fcr\u00fcnlerimizden biberin, \u00fclkemizde ve d\u00fcnya pazarlar\u0131nda tan\u0131t\u0131m\u0131na katk\u0131 sa\u011flamak maksad\u0131yla kurum, kurulu\u015f, \u00fcretici birlikleri, sivil toplum kurulu\u015flar\u0131 ve ihracat\u00e7\u0131lara \u00f6nemli g\u00f6revler d\u00fc\u015ft\u00fc\u011f\u00fcn\u00fc ifade etti.<\/p>\n<p>Ayd\u0131n, \u201cFestival \u00e7er\u00e7evesinde bu y\u0131l il\u00e7emizde ilk kez yap\u0131lacak olan T\u00fcrkiye \u00c7obanlar\u0131 3. K\u00fc\u00e7\u00fckba\u015f Hayvan ve Ekipmanlar\u0131 Tan\u0131t\u0131m G\u00fcnleri, ko\u00e7 ihalesi, k\u00fc\u00e7\u00fckba\u015f \u0131rklar\u0131 g\u00fczellik ge\u00e7idi, cins k\u00f6pek yar\u0131\u015fmas\u0131, k\u00fc\u00e7\u00fckba\u015f yeti\u015ftiricilik seminerleri, atl\u0131 ve yaya ok\u00e7uluk g\u00f6sterileri, halk ko\u015fusu ve toplu s\u00fcnnet cemiyeti festivalimize renk ve canl\u0131l\u0131k katacakt\u0131r. Ahmet \u015eafak konseri ve Halil \u00d6z\u00e7elik konseri de yap\u0131lacak\u201d dedi.<\/p>\n","protected":false},"excerpt":{"rendered":"<p>YEN\u0130\u015eEH\u0130R BELED\u0130YE BA\u015eKANI DAVUT AYDIN, \u0130L\u00c7EZDE FAAL\u0130YET G\u00d6STEREN \u0130HRACAT\u00c7I F\u0130RMA SAH\u0130PLER\u0130YLE B\u0130R ARAYA GELEREK 6. ULUSLARARASI ALTIN B\u0130BER, K\u00dcLT\u00dcR, TARIM VE HAYVANCILIK FEST\u0130VAL\u0130 HAKKINDA KONU\u015eTU.<\/p>\n","protected":false},"author":1,"featured_media":198992,"comment_status":"closed","ping_status":"open","sticky":false,"template":"","format":"standard","meta":{"jetpack_post_was_ever_published":false,"_jetpack_newsletter_access":"","_jetpack_dont_email_post_to_subs":false,"_jetpack_newsletter_tier_id":0,"_jetpack_memberships_contains_paywalled_content":false,"_jetpack_memberships_contains_paid_content":false,"footnotes":"","jetpack_publicize_message":"","jetpack_publicize_feature_enabled":true,"jetpack_social_post_already_shared":true,"jetpack_social_options":{"image_generator_settings":{"template":"highway","default_image_id":0,"font":"","enabled":false},"version":2}},"categories":[1],"tags":[596,4593,3400,3204],"class_list":["post-198991","post","type-post","status-publish","format-standard","has-post-thumbnail","hentry","category-genel","tag-altin","tag-biber","tag-festivali","tag-yenisehirde"],"jetpack_publicize_connections":[],"jetpack_featured_media_url":"https:\/\/i0.wp.com\/www.tvturk.com\/wp-content\/uploads\/2019\/09\/yenisehirde-altin-biber-festivali_15416f7.jpg?fit=%2C","jetpack_sharing_enabled":true,"jetpack_shortlink":"https:\/\/wp.me\/paKIfm-PLx","_links":{"self":[{"href":"http:\/\/www.tvturk.com\/index.php\/wp-json\/wp\/v2\/posts\/198991","targetHints":{"allow":["GET"]}}],"collection":[{"href":"http:\/\/www.tvturk.com\/index.php\/wp-json\/wp\/v2\/posts"}],"about":[{"href":"http:\/\/www.tvturk.com\/index.php\/wp-json\/wp\/v2\/types\/post"}],"author":[{"embeddable":true,"href":"http:\/\/www.tvturk.com\/index.php\/wp-json\/wp\/v2\/users\/1"}],"replies":[{"embeddable":true,"href":"http:\/\/www.tvturk.com\/index.php\/wp-json\/wp\/v2\/comments?post=198991"}],"version-history":[{"count":0,"href":"http:\/\/www.tvturk.com\/index.php\/wp-json\/wp\/v2\/posts\/198991\/revisions"}],"wp:featuredmedia":[{"embeddable":true,"href":"http:\/\/www.tvturk.com\/index.php\/wp-json\/wp\/v2\/media\/198992"}],"wp:attachment":[{"href":"http:\/\/www.tvturk.com\/index.php\/wp-json\/wp\/v2\/media?parent=198991"}],"wp:term":[{"taxonomy":"category","embeddable":true,"href":"http:\/\/www.tvturk.com\/index.php\/wp-json\/wp\/v2\/categories?post=198991"},{"taxonomy":"post_tag","embeddable":true,"href":"http:\/\/www.tvturk.com\/index.php\/wp-json\/wp\/v2\/tags?post=198991"}],"curies":[{"name":"wp","href":"https:\/\/api.w.org\/{rel}","templated":true}]}}