{"id":198995,"date":"2019-09-02T18:17:13","date_gmt":"2019-09-02T15:17:13","guid":{"rendered":"http:\/\/www.tvturk.com\/index.php\/berkay-ozcan-basaksehirde\/"},"modified":"2019-09-02T18:17:13","modified_gmt":"2019-09-02T15:17:13","slug":"berkay-ozcan-basaksehirde","status":"publish","type":"post","link":"http:\/\/www.tvturk.com\/index.php\/berkay-ozcan-basaksehirde\/","title":{"rendered":"Berkay \u00d6zcan Ba\u015fak\u015fehir\u2019de"},"content":{"rendered":"<p>Ba\u015fak\u015fehir Kul\u00fcb\u00fc, milli futbolcu Berkay \u00d6zcan\u2019\u0131 1 y\u0131ll\u0131\u011f\u0131na kadrosuna katt\u0131.<\/p>\n<p>Transfer d\u00f6neminin son g\u00fcn\u00fcnde Ba\u015fak\u015fehir, Berkay \u00d6zcan\u2019\u0131 kadrosuna katt\u0131. Kul\u00fcpten yap\u0131lan a\u00e7\u0131klamada, &#8220;Kul\u00fcb\u00fcm\u00fcz, milli futbolcu Berkay \u00d6zcan\u2019\u0131 sat\u0131n alma opsiyonuyla bir y\u0131ll\u0131\u011f\u0131na kiralad\u0131. Sezon ba\u015f\u0131nda Stuttgart\u2019tan Hamburg\u2019a transfer olan ba\u015far\u0131l\u0131 orta saha oyuncusunun imza t\u00f6reninde CEO\u2019muz Mustafa Er\u00f6\u011f\u00fct yer ald\u0131. \u00dcmit milli tak\u0131m\u0131m\u0131z\u0131n kaptanl\u0131\u011f\u0131n\u0131 yapan Berkay \u00d6zcan\u2019a ailemize ho\u015f geldin diyor, turuncu-lacivertli formam\u0131zla ba\u015far\u0131lar diliyoruz&#8221; denildi.<\/p>\n","protected":false},"excerpt":{"rendered":"<p>BA\u015eAK\u015eEH\u0130R KUL\u00dcB\u00dc, M\u0130LL\u0130 FUTBOLCU BERKAY \u00d6ZCAN\u2019I 1 YILLI\u011eINA KADROSUNA KATTI.<\/p>\n","protected":false},"author":1,"featured_media":198996,"comment_status":"closed","ping_status":"open","sticky":false,"template":"","format":"standard","meta":{"jetpack_post_was_ever_published":false,"_jetpack_newsletter_access":"","_jetpack_dont_email_post_to_subs":false,"_jetpack_newsletter_tier_id":0,"_jetpack_memberships_contains_paywalled_content":false,"_jetpack_memberships_contains_paid_content":false,"footnotes":"","jetpack_publicize_message":"","jetpack_publicize_feature_enabled":true,"jetpack_social_post_already_shared":true,"jetpack_social_options":{"image_generator_settings":{"template":"highway","default_image_id":0,"font":"","enabled":false},"version":2}},"categories":[657],"tags":[7852,5538,19923],"class_list":["post-198995","post","type-post","status-publish","format-standard","has-post-thumbnail","hentry","category-spor","tag-basaksehirde","tag-berkay","tag-ozcan"],"jetpack_publicize_connections":[],"jetpack_featured_media_url":"https:\/\/i0.wp.com\/www.tvturk.com\/wp-content\/uploads\/2019\/09\/berkay-ozcan-basaksehirde_5925884.jpg?fit=1000%2C665","jetpack_sharing_enabled":true,"jetpack_shortlink":"https:\/\/wp.me\/paKIfm-PLB","_links":{"self":[{"href":"http:\/\/www.tvturk.com\/index.php\/wp-json\/wp\/v2\/posts\/198995","targetHints":{"allow":["GET"]}}],"collection":[{"href":"http:\/\/www.tvturk.com\/index.php\/wp-json\/wp\/v2\/posts"}],"about":[{"href":"http:\/\/www.tvturk.com\/index.php\/wp-json\/wp\/v2\/types\/post"}],"author":[{"embeddable":true,"href":"http:\/\/www.tvturk.com\/index.php\/wp-json\/wp\/v2\/users\/1"}],"replies":[{"embeddable":true,"href":"http:\/\/www.tvturk.com\/index.php\/wp-json\/wp\/v2\/comments?post=198995"}],"version-history":[{"count":0,"href":"http:\/\/www.tvturk.com\/index.php\/wp-json\/wp\/v2\/posts\/198995\/revisions"}],"wp:featuredmedia":[{"embeddable":true,"href":"http:\/\/www.tvturk.com\/index.php\/wp-json\/wp\/v2\/media\/198996"}],"wp:attachment":[{"href":"http:\/\/www.tvturk.com\/index.php\/wp-json\/wp\/v2\/media?parent=198995"}],"wp:term":[{"taxonomy":"category","embeddable":true,"href":"http:\/\/www.tvturk.com\/index.php\/wp-json\/wp\/v2\/categories?post=198995"},{"taxonomy":"post_tag","embeddable":true,"href":"http:\/\/www.tvturk.com\/index.php\/wp-json\/wp\/v2\/tags?post=198995"}],"curies":[{"name":"wp","href":"https:\/\/api.w.org\/{rel}","templated":true}]}}