{"id":199003,"date":"2019-09-02T18:47:20","date_gmt":"2019-09-02T15:47:20","guid":{"rendered":"http:\/\/www.tvturk.com\/index.php\/milli-boksor-guneri-hep-sampiyonluk-hep-istiklal-marsi-hedefim-var\/"},"modified":"2019-09-02T18:47:20","modified_gmt":"2019-09-02T15:47:20","slug":"milli-boksor-guneri-hep-sampiyonluk-hep-istiklal-marsi-hedefim-var","status":"publish","type":"post","link":"http:\/\/www.tvturk.com\/index.php\/milli-boksor-guneri-hep-sampiyonluk-hep-istiklal-marsi-hedefim-var\/","title":{"rendered":"Milli Boks\u00f6r G\u00fcneri: &#8220;Hep \u015fampiyonluk, hep \u0130stiklal Mar\u015f\u0131 hedefim var&#8221;"},"content":{"rendered":"<p>\u0130spanya\u2019n\u0131n ba\u015fkenti Madrid\u2019de d\u00fczenlenen B\u00fcy\u00fck Kad\u0131nlar Avrupa Boks \u015eampiyonas\u0131\u2019nda Avrupa \u015eampiyonu olan Elif G\u00fcneri, hep final, hep \u015fampiyonluk, hep \u0130stiklal Mar\u015f\u0131 hedefinin oldu\u011funu s\u00f6yledi.<\/p>\n<p>Karab\u00fck Valisi Fuat G\u00fcrel, Valilik Toplant\u0131 Salonu\u2019nda 81 kiloda Avrupa \u015eampiyonu olan milli boks\u00f6r Elif G\u00fcneri\u2019yi kabul etti.<\/p>\n<p>G\u00fcneri ve ailesini tebrik eden G\u00fcrel, bu ba\u015far\u0131n\u0131n sadece Karab\u00fck\u2019\u00fcn de\u011fil, T\u00fcrkiye\u2019nin ba\u015far\u0131s\u0131 oldu\u011funu s\u00f6yledi.<\/p>\n<p>Elif G\u00fcneri\u2019nin hem \u0130stiklal Mar\u015f\u0131\u2019n\u0131 orada \u00e7al\u0131nmas\u0131n\u0131 hem T\u00fcrk bayra\u011f\u0131n\u0131n g\u00f6ndere \u00e7ekilmesini sa\u011flamas\u0131n\u0131n kendilerini gururland\u0131rd\u0131\u011f\u0131n\u0131 ifade eden G\u00fcrel, \u201cElif G\u00fcneri ve antren\u00f6r\u00fcm\u00fcz\u00fc tebrik ediyoruz. Sadece aile meselesi de\u011fil, b\u00fct\u00fcn Karab\u00fck ve T\u00fcrkiye olarak sevin\u00e7liyiz. Burada bir\u00e7ok boks\u00f6r aday\u0131 arkada\u015f\u0131m\u0131z olar onlar\u0131n \u00e7al\u0131\u015fmalar\u0131n\u0131 g\u00f6r\u00fcyorum. Onlarda \u00f6rnek bir ablay\u0131 g\u00f6rmekten mutluluk duyuyorlar. Her ba\u015far\u0131 asl\u0131nda bir ba\u015fka rol modelle geli\u015fir, o manada Elif G\u00fcneri\u2019nin di\u011fer karde\u015flerimize rol model olmas\u0131 \u00e7ok \u00f6nemli. 67 milli sporcumuz mevcut, Karab\u00fck olarak \u00fclke sporuna \u00e7ok \u00f6nemli katk\u0131lar\u0131m\u0131z var\u201d dedi.<\/p>\n<p>Milli boks\u00f6r G\u00fcneri de Avrupa \u015fampiyonu oldu\u011fu i\u00e7in mutlu ve gururlu oldu\u011funu belirtti.<\/p>\n<p>Daha \u00f6nce bu mutlulu\u011fu ya\u015fad\u0131\u011f\u0131n\u0131 tekrar ya\u015faman\u0131n ayr\u0131 bir tat verdi\u011fini anlatan G\u00fcneri, \u015funlar\u0131 kaydetti:<\/p>\n<p>\u201c\u015eampiyona \u00e7ok iyi bir \u015fekilde haz\u0131rland\u0131m. Sonu\u00e7 odakl\u0131 \u00e7al\u0131\u015f\u0131yorum. Bir\u00e7ok ba\u015far\u0131m var, kaybetti\u011fim zaman \u00e7ok \u00fcz\u00fcl\u00fcyorum veya o \u015fekilde d\u00fc\u015f\u00fcnmek istemiyorum. Hep final, hep \u015fampiyonluk, hep \u0130stiklal Mar\u015f\u0131 hedefim var.\u201d<\/p>\n<p>\u015eampiyonaya seri ba\u015f\u0131 gitti\u011fini, ilk turu bay ge\u00e7ti\u011fini aktaran G\u00fcneri, \u201c\u0130kinci tur Litvanyal\u0131 arkada\u015f\u0131mla oynad\u0131m, \u00fc\u00e7\u00fcnc\u00fc turu kolay ge\u00e7ecek diye bekliyordum, daha \u00f6nce iki defa yendi\u011fim arkada\u015f\u0131mdan ma\u00e7\u0131 zor ald\u0131m. Final daha \u00e7ok ak\u0131l ve ayak oyunlar\u0131yla ge\u00e7ti. Sonu\u00e7ta \u015fampiyon oldum, \u00e7ok gururluyum. Karab\u00fck\u2019e, \u00fclkeme bir madalya daha kazand\u0131rd\u0131\u011f\u0131m i\u00e7in mutluyum\u201d diye konu\u015ftu.<\/p>\n<p>\u015eampiyon olmas\u0131n\u0131n ard\u0131ndan asker selam\u0131 vermesiyle ilgili sorulan soruya G\u00fcneri, \u015f\u00f6yle cevap verdi:<\/p>\n<p>\u201cO g\u00fcn \u00fc\u00e7 \u015fehidimiz vard\u0131. Yurt d\u0131\u015f\u0131na gitti\u011fimiz zaman T\u00fcrkiye\u2019deki haberlerden etkileniyoruz. Ben psikolojik olarak \u00e7abuk demoralize olabilen biriyim. Biraz duygusall\u0131\u011f\u0131m var. Ukrayna ma\u00e7\u0131 da 30 A\u011fustos\u2019a geliyordu, o g\u00fcn kesinlikle kazanmak zorundayd\u0131m. O nedenle kendimi s\u0131kt\u0131m. \u015eehitlerimiz oldu\u011fu zaman \u00f6zel g\u00fcnlerimiz oldu\u011fu zaman onlar\u0131 da atlam\u0131yoruz. 30 A\u011fustos\u2019ta da g\u00fczel bir zafer elde ettim.\u201d<\/p>\n<p>Konu\u015fman\u0131n ard\u0131ndan Vali G\u00fcrel, G\u00fcneri\u2019ye madalya ve kemerini takarak, hediye takdim etti. Ziyarette, G\u00fcneri\u2019nin ailesi ve sporcu arkada\u015flar\u0131 e\u015flik etti.<\/p>\n","protected":false},"excerpt":{"rendered":"<p>\u0130SPANYA&#8217;NIN BA\u015eKENT\u0130 MADR\u0130D&#8217;DE D\u00dcZENLENEN B\u00dcY\u00dcK KADINLAR AVRUPA BOKS \u015eAMP\u0130YONASI&#8217;NDA AVRUPA \u015eAMP\u0130YONU OLAN EL\u0130F G\u00dcNER\u0130, HEP F\u0130NAL, HEP \u015eAMP\u0130YONLUK, HEP \u0130ST\u0130KLAL MAR\u015eI HEDEF\u0130N\u0130N OLDU\u011eUNU S\u00d6YLED\u0130.<\/p>\n","protected":false},"author":1,"featured_media":199004,"comment_status":"closed","ping_status":"open","sticky":false,"template":"","format":"standard","meta":{"jetpack_post_was_ever_published":false,"_jetpack_newsletter_access":"","_jetpack_dont_email_post_to_subs":false,"_jetpack_newsletter_tier_id":0,"_jetpack_memberships_contains_paywalled_content":false,"_jetpack_memberships_contains_paid_content":false,"footnotes":"","jetpack_publicize_message":"","jetpack_publicize_feature_enabled":true,"jetpack_social_post_already_shared":true,"jetpack_social_options":{"image_generator_settings":{"template":"highway","default_image_id":0,"font":"","enabled":false},"version":2}},"categories":[657],"tags":[19900,50016,7396,4864,14044,17734,429,4694,181],"class_list":["post-199003","post","type-post","status-publish","format-standard","has-post-thumbnail","hentry","category-spor","tag-boksor","tag-guneri","tag-hedefim","tag-hep","tag-istiklal","tag-marsi","tag-milli","tag-sampiyonluk","tag-var"],"jetpack_publicize_connections":[],"jetpack_featured_media_url":"https:\/\/i0.wp.com\/www.tvturk.com\/wp-content\/uploads\/2019\/09\/milli-boksor-guneri-hep-sampiyonluk-hep-istiklal-marsi-hedefim-var_8ffa703.jpg?fit=1000%2C666","jetpack_sharing_enabled":true,"jetpack_shortlink":"https:\/\/wp.me\/paKIfm-PLJ","_links":{"self":[{"href":"http:\/\/www.tvturk.com\/index.php\/wp-json\/wp\/v2\/posts\/199003","targetHints":{"allow":["GET"]}}],"collection":[{"href":"http:\/\/www.tvturk.com\/index.php\/wp-json\/wp\/v2\/posts"}],"about":[{"href":"http:\/\/www.tvturk.com\/index.php\/wp-json\/wp\/v2\/types\/post"}],"author":[{"embeddable":true,"href":"http:\/\/www.tvturk.com\/index.php\/wp-json\/wp\/v2\/users\/1"}],"replies":[{"embeddable":true,"href":"http:\/\/www.tvturk.com\/index.php\/wp-json\/wp\/v2\/comments?post=199003"}],"version-history":[{"count":0,"href":"http:\/\/www.tvturk.com\/index.php\/wp-json\/wp\/v2\/posts\/199003\/revisions"}],"wp:featuredmedia":[{"embeddable":true,"href":"http:\/\/www.tvturk.com\/index.php\/wp-json\/wp\/v2\/media\/199004"}],"wp:attachment":[{"href":"http:\/\/www.tvturk.com\/index.php\/wp-json\/wp\/v2\/media?parent=199003"}],"wp:term":[{"taxonomy":"category","embeddable":true,"href":"http:\/\/www.tvturk.com\/index.php\/wp-json\/wp\/v2\/categories?post=199003"},{"taxonomy":"post_tag","embeddable":true,"href":"http:\/\/www.tvturk.com\/index.php\/wp-json\/wp\/v2\/tags?post=199003"}],"curies":[{"name":"wp","href":"https:\/\/api.w.org\/{rel}","templated":true}]}}