{"id":199019,"date":"2019-09-02T20:16:34","date_gmt":"2019-09-02T17:16:34","guid":{"rendered":"http:\/\/www.tvturk.com\/index.php\/isale-hattinda-yasanan-ariza-sehri-hasta-etti\/"},"modified":"2019-09-02T20:16:34","modified_gmt":"2019-09-02T17:16:34","slug":"isale-hattinda-yasanan-ariza-sehri-hasta-etti","status":"publish","type":"post","link":"http:\/\/www.tvturk.com\/index.php\/isale-hattinda-yasanan-ariza-sehri-hasta-etti\/","title":{"rendered":"\u0130sale hatt\u0131nda ya\u015fanan ar\u0131za \u015fehri hasta etti"},"content":{"rendered":"<p>Kastamonu\u2019nun b\u00fcy\u00fck oranda i\u00e7me suyunu kar\u015f\u0131layan Ilgaz Da\u011f\u0131 isale hatt\u0131ndaki ar\u0131za nedeniyle hastal\u0131k oranlar\u0131nda art\u0131\u015f ya\u015fand\u0131. \u00c7ok say\u0131da ki\u015fi mide bulant\u0131s\u0131, ishal, kusma \u015fikayetleriyle hastanenin aciline m\u00fcracaat etti.<\/p>\n<p>Kastamonu\u2019nun i\u00e7me suyunun kar\u015f\u0131land\u0131\u011f\u0131 Ilgaz isale hatt\u0131nda 29 A\u011fustos g\u00fcn\u00fc ar\u0131za meydana geldi. Zeminin yakla\u015f\u0131k 20 metre alt\u0131nda kalan isale hakk\u0131ndaki ar\u0131za KASK\u0130 M\u00fcd\u00fcrl\u00fc\u011f\u00fcne ba\u011fl\u0131 ekipler taraf\u0131ndan yakla\u015f\u0131k 1,5 g\u00fcnl\u00fck bir \u00e7al\u0131\u015fma sonucunda giderildi. Ar\u0131zan\u0131n giderilmesiyle birlikte Ilgaz isale hatt\u0131ndan tekrar i\u00e7me suyu verilmesiyle birlikte hastal\u0131k oranlar\u0131nda da art\u0131\u015f ya\u015fand\u0131. Musluk suyunu kullanan \u00e7ok say\u0131da aile, Kastamonu Devlet Hastanesi ile \u00f6zel hastanelerin acillerine m\u00fcracaat etti. Ilgaz isale hatt\u0131nda onar\u0131m s\u0131ras\u0131nda i\u00e7me suyuna kar\u0131\u015fan kirli su nedeniyle \u00e7ok say\u0131da ki\u015fi hasta oldu. \u00c7o\u011funlukla mide bulant\u0131s\u0131, ishal, kar\u0131n a\u011fr\u0131s\u0131, halsizlik, ba\u015f a\u011fr\u0131s\u0131 ve ate\u015flenme \u015fikayetleri nedeniyle ba\u015fta \u00e7ocuklar olmak \u00fczere \u00e7ok say\u0131da ki\u015fi, hastanenin acillerine m\u00fcracaat etti. Acilde ya\u015fanan yo\u011funluk nedeniyle sa\u011fl\u0131k personelleri hastalar\u0131 muayene etmekte zorluk \u00e7ekti. Fenala\u015fan baz\u0131 \u00e7ocuklara ise serum tedavisi uygulanarak, m\u00fc\u015fahede alt\u0131nda tutuldu.<\/p>\n<p>Artan hastal\u0131klar nedeniyle sa\u011fl\u0131k g\u00f6revlileri, bir s\u00fcre musluk sular\u0131n\u0131n kullan\u0131lmamas\u0131 tavsiyesinde bulundu.<\/p>\n","protected":false},"excerpt":{"rendered":"<p>KASTAMONU\u2019NUN B\u00dcY\u00dcK ORANDA \u0130\u00c7ME SUYUNU KAR\u015eILAYAN ILGAZ DA\u011eI \u0130SALE HATTINDAK\u0130 ARIZA NEDEN\u0130YLE HASTALIK ORANLARINDA ARTI\u015e YA\u015eANDI.<\/p>\n","protected":false},"author":1,"featured_media":199020,"comment_status":"closed","ping_status":"open","sticky":false,"template":"","format":"standard","meta":{"jetpack_post_was_ever_published":false,"_jetpack_newsletter_access":"","_jetpack_dont_email_post_to_subs":false,"_jetpack_newsletter_tier_id":0,"_jetpack_memberships_contains_paywalled_content":false,"_jetpack_memberships_contains_paid_content":false,"footnotes":"","jetpack_publicize_message":"","jetpack_publicize_feature_enabled":true,"jetpack_social_post_already_shared":true,"jetpack_social_options":{"image_generator_settings":{"template":"highway","default_image_id":0,"font":"","enabled":false},"version":2}},"categories":[1],"tags":[7385,26428,207,4166,1415,45420,5775],"class_list":["post-199019","post","type-post","status-publish","format-standard","has-post-thumbnail","hentry","category-genel","tag-sehri","tag-ariza","tag-etti","tag-hasta","tag-hattinda","tag-isale","tag-yasanan"],"jetpack_publicize_connections":[],"jetpack_featured_media_url":"https:\/\/i0.wp.com\/www.tvturk.com\/wp-content\/uploads\/2019\/09\/isale-hattinda-yasanan-ariza-sehri-hasta-etti_074f5b3.jpg?fit=1000%2C666","jetpack_sharing_enabled":true,"jetpack_shortlink":"https:\/\/wp.me\/paKIfm-PLZ","_links":{"self":[{"href":"http:\/\/www.tvturk.com\/index.php\/wp-json\/wp\/v2\/posts\/199019","targetHints":{"allow":["GET"]}}],"collection":[{"href":"http:\/\/www.tvturk.com\/index.php\/wp-json\/wp\/v2\/posts"}],"about":[{"href":"http:\/\/www.tvturk.com\/index.php\/wp-json\/wp\/v2\/types\/post"}],"author":[{"embeddable":true,"href":"http:\/\/www.tvturk.com\/index.php\/wp-json\/wp\/v2\/users\/1"}],"replies":[{"embeddable":true,"href":"http:\/\/www.tvturk.com\/index.php\/wp-json\/wp\/v2\/comments?post=199019"}],"version-history":[{"count":0,"href":"http:\/\/www.tvturk.com\/index.php\/wp-json\/wp\/v2\/posts\/199019\/revisions"}],"wp:featuredmedia":[{"embeddable":true,"href":"http:\/\/www.tvturk.com\/index.php\/wp-json\/wp\/v2\/media\/199020"}],"wp:attachment":[{"href":"http:\/\/www.tvturk.com\/index.php\/wp-json\/wp\/v2\/media?parent=199019"}],"wp:term":[{"taxonomy":"category","embeddable":true,"href":"http:\/\/www.tvturk.com\/index.php\/wp-json\/wp\/v2\/categories?post=199019"},{"taxonomy":"post_tag","embeddable":true,"href":"http:\/\/www.tvturk.com\/index.php\/wp-json\/wp\/v2\/tags?post=199019"}],"curies":[{"name":"wp","href":"https:\/\/api.w.org\/{rel}","templated":true}]}}