{"id":199033,"date":"2019-09-02T21:16:36","date_gmt":"2019-09-02T18:16:36","guid":{"rendered":"http:\/\/www.tvturk.com\/index.php\/sivas-kongresinin-100-yilinda-ataturkun-sivasa-gelisi-canlandirildi\/"},"modified":"2019-09-02T21:16:36","modified_gmt":"2019-09-02T18:16:36","slug":"sivas-kongresinin-100-yilinda-ataturkun-sivasa-gelisi-canlandirildi","status":"publish","type":"post","link":"http:\/\/www.tvturk.com\/index.php\/sivas-kongresinin-100-yilinda-ataturkun-sivasa-gelisi-canlandirildi\/","title":{"rendered":"Sivas Kongresi\u2019nin 100. y\u0131l\u0131nda Atat\u00fcrk\u2019\u00fcn Sivas\u2019a geli\u015fi canland\u0131r\u0131ld\u0131"},"content":{"rendered":"<p>Sivas Kongresi\u2019nin 100. y\u0131l d\u00f6n\u00fcm\u00fc etkinlikleri kapsam\u0131nda Mustafa Kemal Atat\u00fcrk\u2019\u00fcn Sivas\u2019a geli\u015fi temsili olarak canland\u0131r\u0131ld\u0131.<\/p>\n<p>Kep\u00e7eli Kav\u015fak\u2019tan ba\u015flayarak Atat\u00fcrk Caddesi \u00fczerinden Atat\u00fcrk Kongre ve Etnografya M\u00fczesi \u00f6n\u00fcne gelen temsili Atat\u00fcrk ve silah arkada\u015flar\u0131, Vali Salih Ayhan, Belediye Ba\u015fkan\u0131 Hilmi Bilgin, AK Parti Sivas Milletvekili Semiha Ekinci, \u0130l Emniyet M\u00fcd\u00fcr\u00fc Kenan Aydo\u011fan, il protokol\u00fc ve Sivasl\u0131lar taraf\u0131ndan kar\u015f\u0131land\u0131. Atat\u00fcrk\u2019\u00fc canland\u0131ran Devlet Tiyatrosu oyuncusu Samet S\u00fcmb\u00fcl, atl\u0131 birlikler \u00f6nc\u00fcl\u00fc\u011f\u00fcnde Atat\u00fcrk Caddesi\u2019ne \u00fcst\u00fc a\u00e7\u0131k arabayla gelip halk\u0131 selamlad\u0131. G\u00fczergah boyunca vatanda\u015flar\u0131n sevgi g\u00f6sterisinde bulundu\u011fu temsili Atat\u00fcrk, kent meydan\u0131ndaki Atat\u00fcrk An\u0131t\u0131 \u00f6n\u00fcnde il protokol\u00fcyle hat\u0131ra foto\u011fraf\u0131 \u00e7ektirdi. Y\u00fcr\u00fcy\u00fc\u015f, Atat\u00fcrk Kongre ve Etnografya M\u00fczesi \u00f6n\u00fcnde sona erdi.<\/p>\n","protected":false},"excerpt":{"rendered":"<p>S\u0130VAS KONGRES\u0130\u2019N\u0130N 100. YIL D\u00d6N\u00dcM\u00dc ETK\u0130NL\u0130KLER\u0130 KAPSAMINDA B\u00dcY\u00dcK \u00d6NDER MUSTAFA KEMAL ATAT\u00dcRK\u2019\u00dcN S\u0130VAS\u2019A GEL\u0130\u015e\u0130 TEMS\u0130L\u0130 CANLANDIRILDI. CANLANDIRMA ESNASINDA VATANDA\u015eLAR MUSTAFA KEMAL ATAT\u00dcRK\u2019E B\u00dcY\u00dcK \u0130LG\u0130 G\u00d6STERD\u0130.<\/p>\n","protected":false},"author":1,"featured_media":199034,"comment_status":"closed","ping_status":"open","sticky":false,"template":"","format":"standard","meta":{"jetpack_post_was_ever_published":false,"_jetpack_newsletter_access":"","_jetpack_dont_email_post_to_subs":false,"_jetpack_newsletter_tier_id":0,"_jetpack_memberships_contains_paywalled_content":false,"_jetpack_memberships_contains_paid_content":false,"footnotes":"","jetpack_publicize_message":"","jetpack_publicize_feature_enabled":true,"jetpack_social_post_already_shared":true,"jetpack_social_options":{"image_generator_settings":{"template":"highway","default_image_id":0,"font":"","enabled":false},"version":2}},"categories":[1],"tags":[2127,2818,9540,40425,23010,4247,17459,6266],"class_list":["post-199033","post","type-post","status-publish","format-standard","has-post-thumbnail","hentry","category-genel","tag-2127","tag-ataturkun","tag-canlandirildi","tag-gelisi","tag-kongresinin","tag-sivas","tag-sivasa","tag-yilinda"],"jetpack_publicize_connections":[],"jetpack_featured_media_url":"https:\/\/i0.wp.com\/www.tvturk.com\/wp-content\/uploads\/2019\/09\/sivas-kongresinin-100-yilinda-ataturkun-sivasa-gelisi-canlandirildi_6b1f610.jpg?fit=1000%2C681","jetpack_sharing_enabled":true,"jetpack_shortlink":"https:\/\/wp.me\/paKIfm-PMd","_links":{"self":[{"href":"http:\/\/www.tvturk.com\/index.php\/wp-json\/wp\/v2\/posts\/199033","targetHints":{"allow":["GET"]}}],"collection":[{"href":"http:\/\/www.tvturk.com\/index.php\/wp-json\/wp\/v2\/posts"}],"about":[{"href":"http:\/\/www.tvturk.com\/index.php\/wp-json\/wp\/v2\/types\/post"}],"author":[{"embeddable":true,"href":"http:\/\/www.tvturk.com\/index.php\/wp-json\/wp\/v2\/users\/1"}],"replies":[{"embeddable":true,"href":"http:\/\/www.tvturk.com\/index.php\/wp-json\/wp\/v2\/comments?post=199033"}],"version-history":[{"count":0,"href":"http:\/\/www.tvturk.com\/index.php\/wp-json\/wp\/v2\/posts\/199033\/revisions"}],"wp:featuredmedia":[{"embeddable":true,"href":"http:\/\/www.tvturk.com\/index.php\/wp-json\/wp\/v2\/media\/199034"}],"wp:attachment":[{"href":"http:\/\/www.tvturk.com\/index.php\/wp-json\/wp\/v2\/media?parent=199033"}],"wp:term":[{"taxonomy":"category","embeddable":true,"href":"http:\/\/www.tvturk.com\/index.php\/wp-json\/wp\/v2\/categories?post=199033"},{"taxonomy":"post_tag","embeddable":true,"href":"http:\/\/www.tvturk.com\/index.php\/wp-json\/wp\/v2\/tags?post=199033"}],"curies":[{"name":"wp","href":"https:\/\/api.w.org\/{rel}","templated":true}]}}