{"id":199037,"date":"2019-09-02T22:17:20","date_gmt":"2019-09-02T19:17:20","guid":{"rendered":"http:\/\/www.tvturk.com\/index.php\/abdoulay-diaby-besiktasta\/"},"modified":"2019-09-02T22:17:20","modified_gmt":"2019-09-02T19:17:20","slug":"abdoulay-diaby-besiktasta","status":"publish","type":"post","link":"http:\/\/www.tvturk.com\/index.php\/abdoulay-diaby-besiktasta\/","title":{"rendered":"Abdoulay Diaby Be\u015fikta\u015f\u2019ta"},"content":{"rendered":"<p>Be\u015fikta\u015f Kul\u00fcb\u00fc, Malili futbolcu Abdoulay Diaby\u2019i 1 y\u0131ll\u0131\u011f\u0131na kiral\u0131k olarak kadrosuna katt\u0131.<\/p>\n<p>Siyah-beyazl\u0131 kul\u00fcpten yap\u0131lan yaz\u0131l\u0131 a\u00e7\u0131klamada, &#8220;Kul\u00fcb\u00fcm\u00fcz, Abdoulay Diaby\u2019nin bir y\u0131ll\u0131\u011f\u0131na kiral\u0131k olarak kadromuza kat\u0131lmas\u0131 i\u00e7in Sporting CP kul\u00fcb\u00fc ile sat\u0131n alma opsiyonlu olarak anla\u015fmaya varm\u0131\u015ft\u0131r. Be\u015fikta\u015f\u0131m\u0131za \u00f6nemli hizmetlerde bulunaca\u011f\u0131na inand\u0131\u011f\u0131m\u0131z Abdoulay Diaby\u2019ye Be\u015fikta\u015f Ailesi\u2019ne ho\u015f geldin der, ba\u015far\u0131lar dileriz&#8221; denildi.<\/p>\n","protected":false},"excerpt":{"rendered":"<p>BE\u015e\u0130KTA\u015e KUL\u00dcB\u00dc, MAL\u0130L\u0130 FUTBOLCU ABDOULAY D\u0130ABY&#8217;\u0130 1 YILLI\u011eINA K\u0130RALIK OLARAK KADROSUNA KATTI.<\/p>\n","protected":false},"author":1,"featured_media":199038,"comment_status":"closed","ping_status":"open","sticky":false,"template":"","format":"standard","meta":{"jetpack_post_was_ever_published":false,"_jetpack_newsletter_access":"","_jetpack_dont_email_post_to_subs":false,"_jetpack_newsletter_tier_id":0,"_jetpack_memberships_contains_paywalled_content":false,"_jetpack_memberships_contains_paid_content":false,"footnotes":"","jetpack_publicize_message":"","jetpack_publicize_feature_enabled":true,"jetpack_social_post_already_shared":true,"jetpack_social_options":{"image_generator_settings":{"template":"highway","default_image_id":0,"font":"","enabled":false},"version":2}},"categories":[657],"tags":[50029,3383,50030],"class_list":["post-199037","post","type-post","status-publish","format-standard","has-post-thumbnail","hentry","category-spor","tag-abdoulay","tag-besiktasta","tag-diaby"],"jetpack_publicize_connections":[],"jetpack_featured_media_url":"https:\/\/i0.wp.com\/www.tvturk.com\/wp-content\/uploads\/2019\/09\/abdoulay-diaby-besiktasta_60fb512.jpg?fit=1000%2C663","jetpack_sharing_enabled":true,"jetpack_shortlink":"https:\/\/wp.me\/paKIfm-PMh","_links":{"self":[{"href":"http:\/\/www.tvturk.com\/index.php\/wp-json\/wp\/v2\/posts\/199037","targetHints":{"allow":["GET"]}}],"collection":[{"href":"http:\/\/www.tvturk.com\/index.php\/wp-json\/wp\/v2\/posts"}],"about":[{"href":"http:\/\/www.tvturk.com\/index.php\/wp-json\/wp\/v2\/types\/post"}],"author":[{"embeddable":true,"href":"http:\/\/www.tvturk.com\/index.php\/wp-json\/wp\/v2\/users\/1"}],"replies":[{"embeddable":true,"href":"http:\/\/www.tvturk.com\/index.php\/wp-json\/wp\/v2\/comments?post=199037"}],"version-history":[{"count":0,"href":"http:\/\/www.tvturk.com\/index.php\/wp-json\/wp\/v2\/posts\/199037\/revisions"}],"wp:featuredmedia":[{"embeddable":true,"href":"http:\/\/www.tvturk.com\/index.php\/wp-json\/wp\/v2\/media\/199038"}],"wp:attachment":[{"href":"http:\/\/www.tvturk.com\/index.php\/wp-json\/wp\/v2\/media?parent=199037"}],"wp:term":[{"taxonomy":"category","embeddable":true,"href":"http:\/\/www.tvturk.com\/index.php\/wp-json\/wp\/v2\/categories?post=199037"},{"taxonomy":"post_tag","embeddable":true,"href":"http:\/\/www.tvturk.com\/index.php\/wp-json\/wp\/v2\/tags?post=199037"}],"curies":[{"name":"wp","href":"https:\/\/api.w.org\/{rel}","templated":true}]}}