{"id":199055,"date":"2019-09-03T09:16:11","date_gmt":"2019-09-03T06:16:11","guid":{"rendered":"http:\/\/www.tvturk.com\/index.php\/ozel-vanda-kahvehanelere-kadin-eli\/"},"modified":"2019-09-03T09:16:11","modified_gmt":"2019-09-03T06:16:11","slug":"ozel-vanda-kahvehanelere-kadin-eli","status":"publish","type":"post","link":"http:\/\/www.tvturk.com\/index.php\/ozel-vanda-kahvehanelere-kadin-eli\/","title":{"rendered":"(\u00d6zel) Van\u2019da kahvehanelere kad\u0131n eli"},"content":{"rendered":"<p>Van\u2019da kad\u0131nlar, erkeklerin bo\u015f vakitlerini ge\u00e7irmesinin yan\u0131 s\u0131ra sosyal ya\u015famlar\u0131n bir par\u00e7as\u0131 olan kahvehanelere el att\u0131.<\/p>\n<p>Van\u2019da kad\u0131nlar kahvehanelere el att\u0131. Kad\u0131nlar\u0131n i\u015fletmecili\u011fini yapt\u0131\u011f\u0131 kahvehanelere kad\u0131n m\u00fc\u015fteriler de gelmeye ba\u015flarken, do\u011fuda ilk defa kar\u015f\u0131la\u015f\u0131lan durum kar\u015f\u0131s\u0131nda erkekler ise \u015fa\u015fk\u0131nl\u0131klar\u0131n\u0131 gizleyemedi. Ge\u00e7en sene ilk defa bir kad\u0131n eleman \u00e7al\u0131\u015ft\u0131rd\u0131\u011f\u0131n\u0131 ifade eden Zap \u00c7ay Evi sahibi Nevzat Tatar, \u201cBu fikir iki sene \u00f6nce akl\u0131ma geldi. Ge\u00e7en sene bir eleman\u0131m vard\u0131, bu sene iki eleman\u0131m oldu. \u00c7ok memnunum. Kahvede kad\u0131n eleman \u00e7al\u0131\u015ft\u0131rman\u0131n \u00e7ok olumlu y\u00f6nleri oldu. Kad\u0131n elemanlar hem m\u00fc\u015fteri \u00e7ekmesine hem de cironun artmas\u0131na neden oldu. Daha \u00f6nce hi\u00e7 gelemeyen kad\u0131n m\u00fc\u015fteriler, her sabah gelip burada kahvalt\u0131lar\u0131n\u0131 yap\u0131p gidiyorlar. Bunun yan\u0131nda k\u0131z \u00f6\u011frenciler de gelmeye ba\u015flad\u0131. Dolay\u0131s\u0131yla m\u00fc\u015fterilerimizin artmas\u0131 bizleri memnun ediyor\u201d dedi.<\/p>\n<p>Macit \u00c7ay Evi sahibi Halil \u0130brahim Macit ise okullar\u0131n kapanmas\u0131ndan sonra k\u0131z \u00f6\u011frencilerin kendisinden i\u015f istedi\u011fini ifade ederek, \u201cBenden i\u015f istediler, ben de onlara i\u015f imkan\u0131 sa\u011flad\u0131m. Kahvede m\u00fckemmel \u015feyler ya\u015fad\u0131k. Kad\u0131n i\u015fletmecilerimiz, m\u00fc\u015fterilerimizin artmas\u0131na sebep oldu. Ayr\u0131ca kad\u0131nlar erkeklere g\u00f6re daha temiz ve daha g\u00fcvenilir. Burada kad\u0131nlar\u0131 g\u00f6ren aileler gelip kahvalt\u0131 yap\u0131yorlar. Do\u011fuda kahvelerde kad\u0131nlar\u0131n \u00e7al\u0131\u015fmas\u0131 hi\u00e7 olmad\u0131\u011f\u0131 i\u00e7in baz\u0131 aileler merak ediyorlar ve onlar\u0131 g\u00f6r\u00fcnce onlarda gelip oturuyorlar\u201d diye konu\u015ftu.<\/p>\n<p>Yakla\u015f\u0131k 4 ayd\u0131r kahvehanede \u00e7al\u0131\u015ft\u0131\u011f\u0131n\u0131 dile getiren H\u00fclya I\u015f\u0131k isimli \u00f6\u011frenci, \u201cKahvede \u00e7al\u0131\u015fmak zor de\u011fil, severek yap\u0131yorum. Farkl\u0131 m\u00fc\u015fterilerimiz, s\u0131k s\u0131k gelen m\u00fc\u015fterilerimiz oldu. Onlar bizi sevdiler. Biz de i\u015fimizi seviyoruz\u201d ifadelerini kullan\u0131rken Rojin Bulut isimli \u00f6\u011frenci de, \u201cDaha \u00f6nce lokantada \u00e7al\u0131\u015f\u0131yordum. Kahvede \u00e7al\u0131\u015fmay\u0131, m\u00fc\u015fterilere \u00e7ay vermeyi ben istedim. Yoldan ge\u00e7en kad\u0131nlar bizi g\u00f6rd\u00fckten sonra aileleriyle birlikte gelmeye ba\u015flad\u0131lar. \u00c7ok \u015fa\u015f\u0131ranlar, hatta kahveyi bizim i\u015fletti\u011fimizi soranlar bile oldu\u201d dedi.<\/p>\n","protected":false},"excerpt":{"rendered":"<p>VAN&#8217;DA KADINLAR, ERKEKLER\u0130N BO\u015e VAK\u0130TLER\u0130N\u0130 GE\u00c7\u0130RMES\u0130N\u0130N YANI SIRA SOSYAL YA\u015eAMLARIN B\u0130R PAR\u00c7ASI OLAN KAHVEHANELERE EL ATTI.<\/p>\n","protected":false},"author":1,"featured_media":199056,"comment_status":"closed","ping_status":"open","sticky":false,"template":"","format":"standard","meta":{"jetpack_post_was_ever_published":false,"_jetpack_newsletter_access":"","_jetpack_dont_email_post_to_subs":false,"_jetpack_newsletter_tier_id":0,"_jetpack_memberships_contains_paywalled_content":false,"_jetpack_memberships_contains_paid_content":false,"footnotes":"","jetpack_publicize_message":"","jetpack_publicize_feature_enabled":true,"jetpack_social_post_already_shared":true,"jetpack_social_options":{"image_generator_settings":{"template":"highway","default_image_id":0,"font":"","enabled":false},"version":2}},"categories":[1],"tags":[1073,4118,108,22034,1203],"class_list":["post-199055","post","type-post","status-publish","format-standard","has-post-thumbnail","hentry","category-genel","tag-ozel","tag-eli","tag-kadin","tag-kahvehanelere","tag-vanda"],"jetpack_publicize_connections":[],"jetpack_featured_media_url":"https:\/\/i0.wp.com\/www.tvturk.com\/wp-content\/uploads\/2019\/09\/ozel-vanda-kahvehanelere-kadin-eli_c289c3f.jpg?fit=1000%2C666","jetpack_sharing_enabled":true,"jetpack_shortlink":"https:\/\/wp.me\/paKIfm-PMz","_links":{"self":[{"href":"http:\/\/www.tvturk.com\/index.php\/wp-json\/wp\/v2\/posts\/199055","targetHints":{"allow":["GET"]}}],"collection":[{"href":"http:\/\/www.tvturk.com\/index.php\/wp-json\/wp\/v2\/posts"}],"about":[{"href":"http:\/\/www.tvturk.com\/index.php\/wp-json\/wp\/v2\/types\/post"}],"author":[{"embeddable":true,"href":"http:\/\/www.tvturk.com\/index.php\/wp-json\/wp\/v2\/users\/1"}],"replies":[{"embeddable":true,"href":"http:\/\/www.tvturk.com\/index.php\/wp-json\/wp\/v2\/comments?post=199055"}],"version-history":[{"count":0,"href":"http:\/\/www.tvturk.com\/index.php\/wp-json\/wp\/v2\/posts\/199055\/revisions"}],"wp:featuredmedia":[{"embeddable":true,"href":"http:\/\/www.tvturk.com\/index.php\/wp-json\/wp\/v2\/media\/199056"}],"wp:attachment":[{"href":"http:\/\/www.tvturk.com\/index.php\/wp-json\/wp\/v2\/media?parent=199055"}],"wp:term":[{"taxonomy":"category","embeddable":true,"href":"http:\/\/www.tvturk.com\/index.php\/wp-json\/wp\/v2\/categories?post=199055"},{"taxonomy":"post_tag","embeddable":true,"href":"http:\/\/www.tvturk.com\/index.php\/wp-json\/wp\/v2\/tags?post=199055"}],"curies":[{"name":"wp","href":"https:\/\/api.w.org\/{rel}","templated":true}]}}