{"id":199073,"date":"2019-09-03T09:32:20","date_gmt":"2019-09-03T06:32:20","guid":{"rendered":"http:\/\/www.tvturk.com\/index.php\/15-ayvalik-kultur-sanat-festivalinde-mesut-duran-coskusu\/"},"modified":"2019-09-03T09:32:20","modified_gmt":"2019-09-03T06:32:20","slug":"15-ayvalik-kultur-sanat-festivalinde-mesut-duran-coskusu","status":"publish","type":"post","link":"http:\/\/www.tvturk.com\/index.php\/15-ayvalik-kultur-sanat-festivalinde-mesut-duran-coskusu\/","title":{"rendered":"15. Ayval\u0131k K\u00fclt\u00fcr Sanat Festivali\u2019nde \u201cMesut Duran\u201d co\u015fkusu"},"content":{"rendered":"<p>Bal\u0131kesir\u2019in Ayval\u0131k il\u00e7esinde; Ayval\u0131k Belediyesi taraf\u0131ndan d\u00fczenlenen 15. Ayval\u0131k K\u00fclt\u00fcr ve Sanat G\u00fcnleri etkinliklerinin 5. g\u00fcn\u00fcnde; Mesut Duran T\u00fcrk Sanat M\u00fczi\u011fi korosu binlerce TSM sever unutamayacaklar\u0131 bir gece ya\u015fatt\u0131lar.<\/p>\n<p>Ayval\u0131k A\u00e7\u0131khava Tiyatrosu\u2019nda ger\u00e7ekle\u015fen \u00fccretsiz konserde; TRT Sanat\u00e7\u0131s\u0131 \u015eef Selim G\u00f6n\u00fclda\u015f y\u00f6netiminde TSM\u2019nin en sevilen eserlerini b\u00fcy\u00fck bir ba\u015far\u0131yla seslendiren sanat\u00e7\u0131lar, kendilerini dinleyen yakla\u015f\u0131k 3 bin ki\u015fiye tam anlam\u0131yla m\u00fczik ziyafeti \u00e7ektiler.<\/p>\n<p>Sunuculu\u011funu derne\u011fin ba\u015fkan\u0131 Funda \u00d6ztolan\u2019\u0131n \u00fcstlendi\u011fi konserde; \u00d6ztolan korist ve solist olarak icra etti\u011fi \u015fark\u0131larla co\u015fkuyu zirveye ta\u015f\u0131d\u0131.<\/p>\n<p>Ayval\u0131k Belediye Ba\u015fkan\u0131 Mesut Ergin\u2019in e\u015fi Canan Ergin ile birlikte \u00f6n s\u0131ralardan izledi\u011fi konserde; 96 ya\u015f\u0131ndaki Yal\u00e7\u0131n Dokuzo\u011fuz\u2019un seslendirdi\u011fi solo \u015fark\u0131 binlerce seyirci taraf\u0131ndan ayakta alk\u0131\u015fland\u0131.<\/p>\n<p>Zaman zaman koronun i\u00e7indeki sanat\u00e7\u0131lar\u0131n solo olarak g\u00f6rev al\u0131p seslendirdikleri \u015fark\u0131lar, binlerce TSM hayran\u0131ndan olu\u015fan dev seyirci korosuyla ta\u00e7land\u0131r\u0131ld\u0131.<\/p>\n<p>Konser sonunda TRT Sanat\u00e7\u0131s\u0131 \u015eef Selim G\u00f6n\u00fclda\u015f\u2019a sahnedeki sanat\u00e7\u0131lar ad\u0131na bir plaket veren Ayval\u0131k Belediye Ba\u015fkan\u0131 Mesut Ergin, \u201cHep \u015funu s\u00f6ylemi\u015fizdir; Ayval\u0131k\u2019\u0131n de\u011ferlerini sayd\u0131\u011f\u0131n\u0131z zaman, \u2018insan\u2019 kavram\u0131 \u00e7ok \u00f6nemlidir. Ne mutlu bize ki;  insan kalitemiz var.  \u2018Biz; K\u00fclt\u00fcr ve Sanat etkinliklerimizi bu insanlar\u0131m\u0131zla, halk\u0131m\u0131zla yapar\u0131z\u2019 dedik ve bu d\u00fc\u015f\u00fcnceyle yola \u00e7\u0131kt\u0131k. \u015eu an memnuniyetle g\u00f6r\u00fcyorum ki, amac\u0131m\u0131za da ula\u015fm\u0131\u015f durumday\u0131z. Bu duygularla etkinliklerimize katk\u0131lar\u0131ndan dolay\u0131 Mesut Duran Derne\u011fi sanat\u00e7\u0131lar\u0131na \u015f\u00fckranlar\u0131m\u0131 sunuyorum\u201d diye konu\u015ftu.<\/p>\n","protected":false},"excerpt":{"rendered":"<p>15. AYVALIK K\u00dcLT\u00dcR SANAT FEST\u0130VAL\u0130\u2019NDE \u201cMESUT DURAN\u201d CO\u015eKUSU<\/p>\n","protected":false},"author":1,"featured_media":199074,"comment_status":"closed","ping_status":"open","sticky":false,"template":"","format":"standard","meta":{"jetpack_post_was_ever_published":false,"_jetpack_newsletter_access":"","_jetpack_dont_email_post_to_subs":false,"_jetpack_newsletter_tier_id":0,"_jetpack_memberships_contains_paywalled_content":false,"_jetpack_memberships_contains_paid_content":false,"footnotes":"","jetpack_publicize_message":"","jetpack_publicize_feature_enabled":true,"jetpack_social_post_already_shared":true,"jetpack_social_options":{"image_generator_settings":{"template":"highway","default_image_id":0,"font":"","enabled":false},"version":2}},"categories":[656],"tags":[16899,14474,6596,7919,7453,630,8820,4854],"class_list":["post-199073","post","type-post","status-publish","format-standard","has-post-thumbnail","hentry","category-kultur-sanat","tag-16899","tag-ayvalik","tag-coskusu","tag-duran","tag-festivalinde","tag-kultur","tag-mesut","tag-sanat"],"jetpack_publicize_connections":[],"jetpack_featured_media_url":"https:\/\/i0.wp.com\/www.tvturk.com\/wp-content\/uploads\/2019\/09\/15-ayvalik-kultur-sanat-festivalinde-mesut-duran-coskusu_e4c1d7c.jpg?fit=1000%2C666","jetpack_sharing_enabled":true,"jetpack_shortlink":"https:\/\/wp.me\/paKIfm-PMR","_links":{"self":[{"href":"http:\/\/www.tvturk.com\/index.php\/wp-json\/wp\/v2\/posts\/199073","targetHints":{"allow":["GET"]}}],"collection":[{"href":"http:\/\/www.tvturk.com\/index.php\/wp-json\/wp\/v2\/posts"}],"about":[{"href":"http:\/\/www.tvturk.com\/index.php\/wp-json\/wp\/v2\/types\/post"}],"author":[{"embeddable":true,"href":"http:\/\/www.tvturk.com\/index.php\/wp-json\/wp\/v2\/users\/1"}],"replies":[{"embeddable":true,"href":"http:\/\/www.tvturk.com\/index.php\/wp-json\/wp\/v2\/comments?post=199073"}],"version-history":[{"count":0,"href":"http:\/\/www.tvturk.com\/index.php\/wp-json\/wp\/v2\/posts\/199073\/revisions"}],"wp:featuredmedia":[{"embeddable":true,"href":"http:\/\/www.tvturk.com\/index.php\/wp-json\/wp\/v2\/media\/199074"}],"wp:attachment":[{"href":"http:\/\/www.tvturk.com\/index.php\/wp-json\/wp\/v2\/media?parent=199073"}],"wp:term":[{"taxonomy":"category","embeddable":true,"href":"http:\/\/www.tvturk.com\/index.php\/wp-json\/wp\/v2\/categories?post=199073"},{"taxonomy":"post_tag","embeddable":true,"href":"http:\/\/www.tvturk.com\/index.php\/wp-json\/wp\/v2\/tags?post=199073"}],"curies":[{"name":"wp","href":"https:\/\/api.w.org\/{rel}","templated":true}]}}