{"id":199083,"date":"2019-09-03T09:46:46","date_gmt":"2019-09-03T06:46:46","guid":{"rendered":"http:\/\/www.tvturk.com\/index.php\/okullar-aciliyor-goz-problemlerine-dikkat\/"},"modified":"2019-09-03T09:46:46","modified_gmt":"2019-09-03T06:46:46","slug":"okullar-aciliyor-goz-problemlerine-dikkat","status":"publish","type":"post","link":"http:\/\/www.tvturk.com\/index.php\/okullar-aciliyor-goz-problemlerine-dikkat\/","title":{"rendered":"Okullar a\u00e7\u0131l\u0131yor, g\u00f6z problemlerine dikkat"},"content":{"rendered":"<p>G\u00f6z Hastal\u0131klar\u0131 Uzman\u0131 Op. Dr. Zeynep B\u00fcy\u00fckba\u015f, okullar\u0131n a\u00e7\u0131ld\u0131\u011f\u0131 d\u00f6nemlerde g\u00f6z problemlerinde art\u0131\u015f g\u00f6zlediklerini belirtti.<\/p>\n<p>Medicana Sivas Hastanesi G\u00f6z Hastal\u0131klar\u0131 Uzman\u0131 Op. Dr. Zeynep B\u00fcy\u00fckba\u015f, \u00e7ocukluk \u00e7a\u011f\u0131, \u00f6nleyici ve koruyucu g\u00f6z sa\u011fl\u0131\u011f\u0131 muayenesinin en \u00f6nemli d\u00f6nemlerinden oldu\u011funu s\u00f6yledi. B\u00fcy\u00fckba\u015f, \u201cBu d\u00f6nemdeki g\u00f6rme kay\u0131plar\u0131, uzun bir hayat\u0131n g\u00f6rme hissi olmadan ya\u015fanmas\u0131na yol a\u00e7abilece\u011finden, ki\u015fi ve toplum a\u00e7\u0131s\u0131ndan \u00f6nemli maddi ve manevi kay\u0131plara neden olabilir. \u00c7ocukluk \u00e7a\u011f\u0131, g\u00f6rme kay\u0131plar\u0131n\u0131n azalt\u0131labilmesi konunun daha da \u00f6nemini artt\u0131rmaktad\u0131r\u201d dedi.<\/p>\n<p>5 Ya\u015f \u00f6nemi<\/p>\n<p>Op. Dr. Zeynep B\u00fcy\u00fckba\u015f, epidemiolojik ara\u015ft\u0131rmalarla her y\u0131l yakla\u015f\u0131k 2-3 bin \u00e7ocu\u011fun \u00f6nemli g\u00f6rme kayb\u0131na neden olan bir hastal\u0131\u011fa yakaland\u0131\u011f\u0131 ifade ederek, \u201cAmerika Pediatrik Oftalmoloji Birli\u011fi ile Amerika Oftalmotoloji Akademisi, \u00e7ocukta g\u00f6rme sisteminin sa\u011fl\u0131\u011f\u0131, g\u00f6rme keskinli\u011fi muayenesi en ge\u00e7 5 ya\u015f\u0131na kadar yap\u0131lmas\u0131n\u0131 \u00f6nermektedir\u201d dedi.<\/p>\n<p>Okul ba\u015far\u0131s\u0131n\u0131 etkiliyor<\/p>\n<p>G\u00f6z muayenelerini \u00e7ocuk okula ba\u015flamadan \u00f6nce ger\u00e7ekle\u015ftirmenin, g\u00f6rmeyle ilgili bir sorun oldu\u011funda \u00e7ocu\u011fun okula adaptasyonunu etkilemesine mani olmamas\u0131 a\u00e7\u0131s\u0131ndan \u00f6nemli oldu\u011funu kaydeden B\u00fcy\u00fckba\u015f, \u201cOkul ba\u015far\u0131s\u0131 d\u00fc\u015f\u00fck ve okula uyumsuz \u00e7ocuk olarak d\u00fc\u015f\u00fcnd\u00fc\u011f\u00fcm\u00fcz \u00e7ocuklarda, g\u00f6rme problemi mutlak ak\u0131lda tutulmal\u0131d\u0131r. Bu ve benzeri sebeplerle okul \u00e7a\u011f\u0131nda g\u00f6z muayenelerinin sa\u011flam oldu\u011fu d\u00fc\u015f\u00fcn\u00fclen \u00e7ocuklarda en az 2 y\u0131l da bir yap\u0131lmal\u0131d\u0131r. Okul \u00f6ncesi g\u00f6rme bozukluklar\u0131n\u0131n tedavi edilmemesi halinde \u00e7ocuklar\u0131n okul uyumu, \u00f6\u011frenme yetisi ve ki\u015fili\u011fini olumsuz y\u00f6nde etkilenmesi s\u00f6z konusudur\u201d \u015feklinde konu\u015ftu.<\/p>\n","protected":false},"excerpt":{"rendered":"<p>G\u00d6Z HASTALIKLARI UZMANI OP. DR. ZEYNEP B\u00dcY\u00dcKBA\u015e, OKULLARIN A\u00c7ILDI\u011eI D\u00d6NEMLERDE G\u00d6Z PROBLEMLER\u0130NDE ARTI\u015e G\u00d6ZLED\u0130KLER\u0130N\u0130 BEL\u0130RTT\u0130<\/p>\n","protected":false},"author":1,"featured_media":199084,"comment_status":"closed","ping_status":"open","sticky":false,"template":"","format":"standard","meta":{"jetpack_post_was_ever_published":false,"_jetpack_newsletter_access":"","_jetpack_dont_email_post_to_subs":false,"_jetpack_newsletter_tier_id":0,"_jetpack_memberships_contains_paywalled_content":false,"_jetpack_memberships_contains_paid_content":false,"footnotes":"","jetpack_publicize_message":"","jetpack_publicize_feature_enabled":true,"jetpack_social_post_already_shared":true,"jetpack_social_options":{"image_generator_settings":{"template":"highway","default_image_id":0,"font":"","enabled":false},"version":2}},"categories":[1],"tags":[3105,1440,1126,3574,15900],"class_list":["post-199083","post","type-post","status-publish","format-standard","has-post-thumbnail","hentry","category-genel","tag-aciliyor","tag-dikkat","tag-goz","tag-okullar","tag-problemlerine"],"jetpack_publicize_connections":[],"jetpack_featured_media_url":"https:\/\/i0.wp.com\/www.tvturk.com\/wp-content\/uploads\/2019\/09\/okullar-aciliyor-goz-problemlerine-dikkat_a74b50b.jpg?fit=666%2C1000","jetpack_sharing_enabled":true,"jetpack_shortlink":"https:\/\/wp.me\/paKIfm-PN1","_links":{"self":[{"href":"http:\/\/www.tvturk.com\/index.php\/wp-json\/wp\/v2\/posts\/199083","targetHints":{"allow":["GET"]}}],"collection":[{"href":"http:\/\/www.tvturk.com\/index.php\/wp-json\/wp\/v2\/posts"}],"about":[{"href":"http:\/\/www.tvturk.com\/index.php\/wp-json\/wp\/v2\/types\/post"}],"author":[{"embeddable":true,"href":"http:\/\/www.tvturk.com\/index.php\/wp-json\/wp\/v2\/users\/1"}],"replies":[{"embeddable":true,"href":"http:\/\/www.tvturk.com\/index.php\/wp-json\/wp\/v2\/comments?post=199083"}],"version-history":[{"count":0,"href":"http:\/\/www.tvturk.com\/index.php\/wp-json\/wp\/v2\/posts\/199083\/revisions"}],"wp:featuredmedia":[{"embeddable":true,"href":"http:\/\/www.tvturk.com\/index.php\/wp-json\/wp\/v2\/media\/199084"}],"wp:attachment":[{"href":"http:\/\/www.tvturk.com\/index.php\/wp-json\/wp\/v2\/media?parent=199083"}],"wp:term":[{"taxonomy":"category","embeddable":true,"href":"http:\/\/www.tvturk.com\/index.php\/wp-json\/wp\/v2\/categories?post=199083"},{"taxonomy":"post_tag","embeddable":true,"href":"http:\/\/www.tvturk.com\/index.php\/wp-json\/wp\/v2\/tags?post=199083"}],"curies":[{"name":"wp","href":"https:\/\/api.w.org\/{rel}","templated":true}]}}