{"id":199085,"date":"2019-09-03T10:01:43","date_gmt":"2019-09-03T07:01:43","guid":{"rendered":"http:\/\/www.tvturk.com\/index.php\/palandoken-kamyoncu-esnafi-destek-bekliyor\/"},"modified":"2019-09-03T10:01:43","modified_gmt":"2019-09-03T07:01:43","slug":"palandoken-kamyoncu-esnafi-destek-bekliyor","status":"publish","type":"post","link":"http:\/\/www.tvturk.com\/index.php\/palandoken-kamyoncu-esnafi-destek-bekliyor\/","title":{"rendered":"Paland\u00f6ken: \u201cKamyoncu esnaf\u0131 destek bekliyor\u201d"},"content":{"rendered":"<p>Tar\u0131mda ve sanayide oldu\u011fu gibi kamyoncu ve nakliyeci esnaf\u0131na da destek verilmesi gerekti\u011fini belirten TESK Genel Ba\u015fkan\u0131 Bendevi Paland\u00f6ken,  \u201cGe\u00e7ti\u011fimiz y\u0131ldan bu yana maliyetlerinde ciddi bir art\u0131\u015f olan kamyoncu, nakliyeci esnaf\u0131m\u0131z\u0131n deste\u011fe ihtiyac\u0131 var. Tar\u0131mda, sanayide, bal\u0131k\u00e7\u0131l\u0131kta verilen destekler gibi kamyoncu, nakliyeci esnaf\u0131m\u0131za da ayakta kalabilmesi i\u00e7in \u00f6zellikle akaryak\u0131tta destek sa\u011flanmal\u0131\u201d dedi.<\/p>\n<p>\u201cKamyoncu ve nakliyeci esnaf\u0131n\u0131n desteklenmesi laz\u0131m\u201d<\/p>\n<p>Artan maliyetlerle birlikte kamyoncu ve nakliyeci esnaf\u0131na destek verilmesi gerekti\u011fini vurgulayan T\u00fcrkiye Esnaf ve Sanatkarlar Konfederasyonu (TESK) Genel Ba\u015fkan\u0131 Bendevi Paland\u00f6ken, \u201cUzun zamand\u0131r nakliyeci, kamyoncu esnaf\u0131m\u0131z mazot paras\u0131na i\u015f yapmak zorunda kald\u0131\u011f\u0131 i\u00e7in ayakta durmakta zorlan\u0131yor. \u00c7ift\u00e7iye, bal\u0131k\u00e7\u0131ya, sanayiciye ve bir\u00e7ok sekt\u00f6re destek verildi\u011fi gibi kamyoncu ve nakliyeci esnaf\u0131m\u0131za da destek verilmeli. Kamyoncu esnaf\u0131m\u0131z\u0131n maliyetlerinin son d\u00f6nemde y\u00fcksek oranda artmas\u0131 en \u00e7ok bizim esnaf\u0131m\u0131z\u0131n belini b\u00fck\u00fcyor. Bununla birlikte \u00f6zellikle b\u00fcy\u00fck\u015fehirlerde kamyon ve t\u0131rlar i\u00e7in garajlar\u0131n olmamas\u0131 da b\u00fcy\u00fck eksiklik. \u00fclkemizde ta\u015f\u0131mac\u0131l\u0131\u011f\u0131n y\u00fczde 94\u2019\u00fc karayolu ile yap\u0131lmaktad\u0131r. Maliyet kaleminde en b\u00fcy\u00fck pay akaryak\u0131t\u0131n. Bu y\u00fczden ticari akaryak\u0131t ba\u015fta olmak \u00fczere destek verilmesi kamyoncu ve nakliyeci esnaf\u0131m\u0131za nefes ald\u0131racakt\u0131r. En \u00f6nemlisi mutlaka akaryak\u0131tta indirime girilmelidir\u201d diye konu\u015ftu.<\/p>\n","protected":false},"excerpt":{"rendered":"<p>TESK GENEL BA\u015eKANI BENDEV\u0130 PALAND\u00d6KEN, TARIMDA VE SANAY\u0130DE OLDU\u011eU G\u0130B\u0130 KAMYONCU VE NAKL\u0130YEC\u0130 ESNAFINA DA DESTEK VER\u0130LMES\u0130 GEREKT\u0130\u011e\u0130N\u0130 BEL\u0130RTT\u0130.<\/p>\n","protected":false},"author":1,"featured_media":199086,"comment_status":"closed","ping_status":"open","sticky":false,"template":"","format":"standard","meta":{"jetpack_post_was_ever_published":false,"_jetpack_newsletter_access":"","_jetpack_dont_email_post_to_subs":false,"_jetpack_newsletter_tier_id":0,"_jetpack_memberships_contains_paywalled_content":false,"_jetpack_memberships_contains_paid_content":false,"footnotes":"","jetpack_publicize_message":"","jetpack_publicize_feature_enabled":true,"jetpack_social_post_already_shared":true,"jetpack_social_options":{"image_generator_settings":{"template":"highway","default_image_id":0,"font":"","enabled":false},"version":2}},"categories":[1],"tags":[50048,4378,61,443,8073],"class_list":["post-199085","post","type-post","status-publish","format-standard","has-post-thumbnail","hentry","category-genel","tag-kamyoncu","tag-bekliyor","tag-destek","tag-esnafi","tag-palandoken"],"jetpack_publicize_connections":[],"jetpack_featured_media_url":"https:\/\/i0.wp.com\/www.tvturk.com\/wp-content\/uploads\/2019\/09\/palandoken-kamyoncu-esnafi-destek-bekliyor_ee44e45.jpg?fit=1000%2C667","jetpack_sharing_enabled":true,"jetpack_shortlink":"https:\/\/wp.me\/paKIfm-PN3","_links":{"self":[{"href":"http:\/\/www.tvturk.com\/index.php\/wp-json\/wp\/v2\/posts\/199085","targetHints":{"allow":["GET"]}}],"collection":[{"href":"http:\/\/www.tvturk.com\/index.php\/wp-json\/wp\/v2\/posts"}],"about":[{"href":"http:\/\/www.tvturk.com\/index.php\/wp-json\/wp\/v2\/types\/post"}],"author":[{"embeddable":true,"href":"http:\/\/www.tvturk.com\/index.php\/wp-json\/wp\/v2\/users\/1"}],"replies":[{"embeddable":true,"href":"http:\/\/www.tvturk.com\/index.php\/wp-json\/wp\/v2\/comments?post=199085"}],"version-history":[{"count":0,"href":"http:\/\/www.tvturk.com\/index.php\/wp-json\/wp\/v2\/posts\/199085\/revisions"}],"wp:featuredmedia":[{"embeddable":true,"href":"http:\/\/www.tvturk.com\/index.php\/wp-json\/wp\/v2\/media\/199086"}],"wp:attachment":[{"href":"http:\/\/www.tvturk.com\/index.php\/wp-json\/wp\/v2\/media?parent=199085"}],"wp:term":[{"taxonomy":"category","embeddable":true,"href":"http:\/\/www.tvturk.com\/index.php\/wp-json\/wp\/v2\/categories?post=199085"},{"taxonomy":"post_tag","embeddable":true,"href":"http:\/\/www.tvturk.com\/index.php\/wp-json\/wp\/v2\/tags?post=199085"}],"curies":[{"name":"wp","href":"https:\/\/api.w.org\/{rel}","templated":true}]}}