{"id":199109,"date":"2019-09-03T10:46:07","date_gmt":"2019-09-03T07:46:07","guid":{"rendered":"http:\/\/www.tvturk.com\/index.php\/kaliforniyadaki-tekne-kazasinda-25-kisinin-cesedi-bulundu\/"},"modified":"2019-09-03T10:46:07","modified_gmt":"2019-09-03T07:46:07","slug":"kaliforniyadaki-tekne-kazasinda-25-kisinin-cesedi-bulundu","status":"publish","type":"post","link":"http:\/\/www.tvturk.com\/index.php\/kaliforniyadaki-tekne-kazasinda-25-kisinin-cesedi-bulundu\/","title":{"rendered":"Kaliforniya\u2019daki tekne kazas\u0131nda 25 ki\u015finin cesedi bulundu"},"content":{"rendered":"<p>ABD\u2019nin Kaliforniya eyaletine ba\u011fl\u0131 Ventura il\u00e7esi k\u0131y\u0131lar\u0131nda bulunan dal\u0131\u015f teknesinde \u00e7\u0131kan yang\u0131nda hayat\u0131n\u0131 kaybeden 25 ki\u015finin cesedi bulunurken, 9 ki\u015finin ise kay\u0131p oldu\u011fu bildirildi.<\/p>\n<p>ABD Sahil G\u00fcvenli\u011finden yap\u0131lan a\u00e7\u0131klamada, Kaliforniya eyaletine ba\u011fl\u0131 Ventura il\u00e7esi a\u00e7\u0131klar\u0131nda bulunan dal\u0131\u015f teknesinde \u00e7\u0131kan yang\u0131n\u0131n ard\u0131ndan okyanus taban\u0131nda 25 ki\u015finin cesedinin bulundu\u011fu bildirildi. Yetkililer, teknedeki 5 m\u00fcrettebat\u0131n erkenden ka\u00e7arak kurtuldu\u011funu, 9 ki\u015finin ise kay\u0131p oldu\u011funu belirtti.<\/p>\n<p>Teknede yang\u0131n d\u00fcn erken saatlerde ba\u015flam\u0131\u015ft\u0131. Tekne, Los Angeles\u2019\u0131n yakla\u015f\u0131k 145 kilometre bat\u0131s\u0131ndaki Santa Cruz Adas\u0131\u2019n\u0131n biraz uza\u011f\u0131ndayd\u0131. B\u00f6lge Polisi Bill Brown yang\u0131n \u00e7\u0131kt\u0131\u011f\u0131nda gemide 39 ki\u015finin oldu\u011funu s\u00f6yledi.<\/p>\n<p>G\u00f6rg\u00fc tan\u0131\u011f\u0131 bir tekne sahibi yapt\u0131\u011f\u0131 a\u00e7\u0131klamada, teknenin k\u0131\u00e7 taraf\u0131ndan ba\u015f taraf\u0131na do\u011fru alevlerle sar\u0131ld\u0131\u011f\u0131n\u0131 s\u00f6yleyerek, &#8220;Yang\u0131n\u0131n, teknenin yan taraf\u0131ndaki deliklerden geldi\u011fini g\u00f6rebiliyordum. Patlamalar oluyordu. Kendinizi bunun i\u00e7in haz\u0131rlayamazs\u0131n\u0131z. \u00c7ok korkun\u00e7tu&#8221; dedi.<\/p>\n<p>Yang\u0131n\u0131n nedeni hen\u00fcz bilinmiyor.<\/p>\n","protected":false},"excerpt":{"rendered":"<p>ABD&#8217;N\u0130N  KAL\u0130FORN\u0130YA EYALET\u0130NE BA\u011eLI VENTURA \u0130L\u00c7ES\u0130 KIYILARINDA BULUNAN DALI\u015e TEKNES\u0130NDE \u00c7IKAN YANGINDA HAYATINI KAYBEDEN 25 K\u0130\u015e\u0130N\u0130N CESETLER\u0130, 9 K\u0130\u015e\u0130 \u0130SE KAYIP.<\/p>\n","protected":false},"author":1,"featured_media":199110,"comment_status":"closed","ping_status":"open","sticky":false,"template":"","format":"standard","meta":{"jetpack_post_was_ever_published":false,"_jetpack_newsletter_access":"","_jetpack_dont_email_post_to_subs":false,"_jetpack_newsletter_tier_id":0,"_jetpack_memberships_contains_paywalled_content":false,"_jetpack_memberships_contains_paid_content":false,"footnotes":"","jetpack_publicize_message":"","jetpack_publicize_feature_enabled":true,"jetpack_social_post_already_shared":true,"jetpack_social_options":{"image_generator_settings":{"template":"highway","default_image_id":0,"font":"","enabled":false},"version":2}},"categories":[10],"tags":[204,1321,50056,7568,6893,18325],"class_list":["post-199109","post","type-post","status-publish","format-standard","has-post-thumbnail","hentry","category-dunya","tag-bulundu","tag-cesedi","tag-kaliforniyadaki","tag-kazasinda","tag-kisinin","tag-tekne"],"jetpack_publicize_connections":[],"jetpack_featured_media_url":"https:\/\/i0.wp.com\/www.tvturk.com\/wp-content\/uploads\/2019\/09\/kaliforniyadaki-tekne-kazasinda-25-kisinin-cesedi-bulundu_629fc3a.jpg?fit=1000%2C750","jetpack_sharing_enabled":true,"jetpack_shortlink":"https:\/\/wp.me\/paKIfm-PNr","_links":{"self":[{"href":"http:\/\/www.tvturk.com\/index.php\/wp-json\/wp\/v2\/posts\/199109","targetHints":{"allow":["GET"]}}],"collection":[{"href":"http:\/\/www.tvturk.com\/index.php\/wp-json\/wp\/v2\/posts"}],"about":[{"href":"http:\/\/www.tvturk.com\/index.php\/wp-json\/wp\/v2\/types\/post"}],"author":[{"embeddable":true,"href":"http:\/\/www.tvturk.com\/index.php\/wp-json\/wp\/v2\/users\/1"}],"replies":[{"embeddable":true,"href":"http:\/\/www.tvturk.com\/index.php\/wp-json\/wp\/v2\/comments?post=199109"}],"version-history":[{"count":0,"href":"http:\/\/www.tvturk.com\/index.php\/wp-json\/wp\/v2\/posts\/199109\/revisions"}],"wp:featuredmedia":[{"embeddable":true,"href":"http:\/\/www.tvturk.com\/index.php\/wp-json\/wp\/v2\/media\/199110"}],"wp:attachment":[{"href":"http:\/\/www.tvturk.com\/index.php\/wp-json\/wp\/v2\/media?parent=199109"}],"wp:term":[{"taxonomy":"category","embeddable":true,"href":"http:\/\/www.tvturk.com\/index.php\/wp-json\/wp\/v2\/categories?post=199109"},{"taxonomy":"post_tag","embeddable":true,"href":"http:\/\/www.tvturk.com\/index.php\/wp-json\/wp\/v2\/tags?post=199109"}],"curies":[{"name":"wp","href":"https:\/\/api.w.org\/{rel}","templated":true}]}}