{"id":199127,"date":"2019-09-03T10:47:11","date_gmt":"2019-09-03T07:47:11","guid":{"rendered":"http:\/\/www.tvturk.com\/index.php\/4-katli-bina-sarmasikla-kaplaninca-bir-anda-ilgi-odagi-haline-geldi\/"},"modified":"2019-09-03T10:47:11","modified_gmt":"2019-09-03T07:47:11","slug":"4-katli-bina-sarmasikla-kaplaninca-bir-anda-ilgi-odagi-haline-geldi","status":"publish","type":"post","link":"http:\/\/www.tvturk.com\/index.php\/4-katli-bina-sarmasikla-kaplaninca-bir-anda-ilgi-odagi-haline-geldi\/","title":{"rendered":"4 katl\u0131 bina sarma\u015f\u0131kla kaplan\u0131nca bir anda ilgi oda\u011f\u0131 haline geldi"},"content":{"rendered":"<p>Giresun\u2019un G\u00f6rele il\u00e7esinde 4 katl\u0131 s\u0131radan bir bina sarma\u015f\u0131kla kaplan\u0131nca ilgi oda\u011f\u0131 oldu. Sarma\u015f\u0131kl\u0131 binay\u0131 g\u00f6renler \u00f6n\u00fcnde foto\u011fraf \u00e7ektirmeden ge\u00e7miyor.<\/p>\n<p>Giresun\u2019un G\u00f6rele il\u00e7esinde yakla\u015f\u0131k 20 y\u0131l \u00f6nce dikilen sarma\u015f\u0131k, apartman\u0131n camlar\u0131 hari\u00e7 her yerini ye\u015file b\u00fcr\u00fcd\u00fc. Beton binalar aras\u0131nda yemye\u015fil apartman\u0131 g\u00f6renler \u015fa\u015fk\u0131nl\u0131\u011f\u0131n\u0131 gizleyemiyor.<\/p>\n<p>\u0130l\u00e7enin So\u011fuksu Mahallesi\u2019ndeki bina ise gurbet\u00e7i H\u00fcseyin Dural\u2019a ait. \u00c7evre dostu olarak da bilinen Dural\u2019\u0131n evinin d\u0131\u015f\u0131n\u0131 kaplayan sarma\u015f\u0131k fidan\u0131n\u0131 yurt d\u0131\u015f\u0131ndan getirdi\u011fini belirten So\u011fuksu Mahalle Muhtar\u0131 \u0130lhan Fuat Tavac\u0131, evin mahallenin adeta sembol\u00fc haline geldi\u011fini s\u00f6yledi.<\/p>\n<p>Mahalle Muhtar\u0131 Tavac\u0131, \u201cHer ge\u00e7en g\u00fcn \u00e7arp\u0131k yap\u0131la\u015fmayla betonla\u015fan mahallemizin sembol\u00fc haline gelen sarma\u015f\u0131kl\u0131 ev gurbet\u00e7i arkada\u015f\u0131m\u0131z H\u00fcseyin Dural\u2019a aittir. Kendisi yurt d\u0131\u015f\u0131nda ya\u015fad\u0131\u011f\u0131 i\u00e7in sadece yazdan yaza memlekete gelir bu evde kal\u0131r ve gider. Bu evin etraf\u0131n\u0131 kaplayan sarma\u015f\u0131k tohumunu dahi yurt d\u0131\u015f\u0131ndan getirmi\u015ftir. Bu tohumu dikerken evin sarma\u015f\u0131klarla kaplanaca\u011f\u0131n\u0131 s\u00f6ylemi\u015fti ama bu kadar\u0131n\u0131 beklemiyorduk. Hatta yurt d\u0131\u015f\u0131ndan il\u00e7enin park ve bah\u00e7elerinde bulunan baz\u0131 \u00e7i\u00e7ek ve bitki tohumlar\u0131 da getirip kendi elleriyle dikmi\u015ftir. \u00c7evreci ve do\u011fay\u0131 seven bir insand\u0131r. Do\u011fa sevgisini de kendi evine yans\u0131tm\u0131\u015ft\u0131r. Bu bina mahallemizin sembol\u00fc haline gelmi\u015ftir. Sosyal medyadan g\u00f6renler \u00f6zellikle geliyorlar. Ya da buradan ge\u00e7erken g\u00f6renler durup foto\u011fraf \u00e7ektirmeden ge\u00e7miyorlar\u201d dedi.<\/p>\n","protected":false},"excerpt":{"rendered":"<p>G\u0130RESUN\u2019DA 4 KATLI SIRADAN B\u0130R B\u0130NA SARMA\u015eIKLA KAPLANINCA \u0130LG\u0130 ODA\u011eI OLDU<\/p>\n","protected":false},"author":1,"featured_media":199128,"comment_status":"closed","ping_status":"open","sticky":false,"template":"","format":"standard","meta":{"jetpack_post_was_ever_published":false,"_jetpack_newsletter_access":"","_jetpack_dont_email_post_to_subs":false,"_jetpack_newsletter_tier_id":0,"_jetpack_memberships_contains_paywalled_content":false,"_jetpack_memberships_contains_paid_content":false,"footnotes":"","jetpack_publicize_message":"","jetpack_publicize_feature_enabled":true,"jetpack_social_post_already_shared":true,"jetpack_social_options":{"image_generator_settings":{"template":"highway","default_image_id":0,"font":"","enabled":false},"version":2}},"categories":[1],"tags":[1241,2945,125,127,2101,1726,50064,3318,9382,50063],"class_list":["post-199127","post","type-post","status-publish","format-standard","has-post-thumbnail","hentry","category-genel","tag-anda","tag-bina","tag-bir","tag-geldi","tag-haline","tag-ilgi","tag-kaplaninca","tag-katli","tag-odagi","tag-sarmasikla"],"jetpack_publicize_connections":[],"jetpack_featured_media_url":"https:\/\/i0.wp.com\/www.tvturk.com\/wp-content\/uploads\/2019\/09\/4-katli-bina-sarmasikla-kaplaninca-bir-anda-ilgi-odagi-haline-geldi_315b128.jpg?fit=1000%2C562","jetpack_sharing_enabled":true,"jetpack_shortlink":"https:\/\/wp.me\/paKIfm-PNJ","_links":{"self":[{"href":"http:\/\/www.tvturk.com\/index.php\/wp-json\/wp\/v2\/posts\/199127","targetHints":{"allow":["GET"]}}],"collection":[{"href":"http:\/\/www.tvturk.com\/index.php\/wp-json\/wp\/v2\/posts"}],"about":[{"href":"http:\/\/www.tvturk.com\/index.php\/wp-json\/wp\/v2\/types\/post"}],"author":[{"embeddable":true,"href":"http:\/\/www.tvturk.com\/index.php\/wp-json\/wp\/v2\/users\/1"}],"replies":[{"embeddable":true,"href":"http:\/\/www.tvturk.com\/index.php\/wp-json\/wp\/v2\/comments?post=199127"}],"version-history":[{"count":0,"href":"http:\/\/www.tvturk.com\/index.php\/wp-json\/wp\/v2\/posts\/199127\/revisions"}],"wp:featuredmedia":[{"embeddable":true,"href":"http:\/\/www.tvturk.com\/index.php\/wp-json\/wp\/v2\/media\/199128"}],"wp:attachment":[{"href":"http:\/\/www.tvturk.com\/index.php\/wp-json\/wp\/v2\/media?parent=199127"}],"wp:term":[{"taxonomy":"category","embeddable":true,"href":"http:\/\/www.tvturk.com\/index.php\/wp-json\/wp\/v2\/categories?post=199127"},{"taxonomy":"post_tag","embeddable":true,"href":"http:\/\/www.tvturk.com\/index.php\/wp-json\/wp\/v2\/tags?post=199127"}],"curies":[{"name":"wp","href":"https:\/\/api.w.org\/{rel}","templated":true}]}}