{"id":199157,"date":"2019-09-03T11:31:43","date_gmt":"2019-09-03T08:31:43","guid":{"rendered":"http:\/\/www.tvturk.com\/index.php\/isadamlari\/"},"modified":"2019-09-03T11:31:43","modified_gmt":"2019-09-03T08:31:43","slug":"isadamlari","status":"publish","type":"post","link":"http:\/\/www.tvturk.com\/index.php\/isadamlari\/","title":{"rendered":"\u0130\u015fadamlar\u0131:"},"content":{"rendered":"<p>Bursa Sanayicileri ve \u0130\u015fadamlar\u0131 Y\u00f6netim Kurulu Ba\u015fkan\u0131 (BUS\u0130AD) Ergun Hadi T\u00fcrkay, \u201c2018 A\u011fustos ay\u0131nda ba\u015flayan ekonomik t\u00fcrb\u00fclanstan \u00e7\u0131kmaya \u00e7al\u0131\u015f\u0131rken, ba\u015fta do\u011fal gaz ve elektrik fiyatlar\u0131ndaki art\u0131\u015f i\u015f d\u00fcnyas\u0131n\u0131n enerjisini d\u00fc\u015f\u00fcr\u00fcyor\u201d dedi.<\/p>\n<p>BUS\u0130AD Ba\u015fkan\u0131 T\u00fcrkay, d\u00fcn a\u00e7\u0131klanan b\u00fcy\u00fcme rakamlar\u0131na ve do\u011fal gaz zamm\u0131na dair a\u00e7\u0131klama yapt\u0131. T\u00fcrkay, II. \u00e7eyrekte b\u00fcy\u00fcmenin beklendi\u011fi gibi eksi ger\u00e7ekle\u015fti\u011fini belirterek, pazar g\u00fcn\u00fcnden ge\u00e7erli olan do\u011fal gaz zamm\u0131n\u0131n da b\u00fcy\u00fcmeye olumsuz etkisi olaca\u011f\u0131n\u0131 s\u00f6yledi. T\u00fcrkay, \u015funlar\u0131 kaydetti:<\/p>\n<p>\u201cA\u011fustos ba\u015f\u0131nda y\u00fczde 15\u2019lere yak\u0131n bir zam yap\u0131lm\u0131\u015ft\u0131. 1 Eyl\u00fcl\u2019den ge\u00e7erli olarak konut ve 300 bin metrek\u00fcpten az do\u011fal gaz kullanan yerler i\u00e7in de yine y\u00fczde 14.9\u2019luk zam geldi. Bu zamlar ile enerji maliyetleri, \u00fcretimi zorlayan raddeyi de a\u015ft\u0131. 2019\u2019da d\u00fc\u015f\u00fck olmas\u0131 beklenen b\u00fcy\u00fcmenin beklentiler gibi olmas\u0131, i\u015fimizin hi\u00e7 de kolay olmad\u0131\u011f\u0131n\u0131 g\u00f6sterdi. \u00dcretim yapmak, i\u015f g\u00fcc\u00fcn\u00fcz\u00fc elinizde tutmak gittik\u00e7e zorla\u015ft\u0131. Yap\u0131lan zamlar, bu zor durumdan \u00fcretimle \u00e7\u0131k\u0131laca\u011f\u0131 ger\u00e7e\u011fine uymuyor. Karar vericiler, bir an \u00f6nce durumu tekrar g\u00f6zden ge\u00e7irmeli. Yar\u0131n a\u00e7\u0131klanacak enflasyon rakamlar\u0131na bu zam yans\u0131masa da, gelecekte olumsuz girdiyi g\u00f6rmemiz ka\u00e7\u0131n\u0131lmaz olacak. \u00dcretimle bu zor durumdan \u00e7\u0131kar\u0131z diyorsak, \u00fcretici g\u00fc\u00e7lerin talepleri de g\u00f6z \u00f6n\u00fcne al\u0131nmal\u0131. II. \u00e7eyrekte ya\u015fanan eksi 1.5\u2019lik b\u00fcy\u00fcme rakam\u0131, istihdam\u0131 da olumsuz etkilemekte. Acil \u00e7\u00f6z\u00fcmler, \u00fcreticilerle birlikte al\u0131nmal\u0131. Aksi halde enerjimizi kaybediyoruz. Kaybolan enerjinin telafisi de hi\u00e7 kolay de\u011fil.\u201d<\/p>\n<p>T\u00fcrkay, sonbaharla birlikte sanayide bekledikleri at\u0131l\u0131m\u0131n, bu zamlar\u0131n ard\u0131ndan nas\u0131l olaca\u011f\u0131n\u0131 d\u00fc\u015f\u00fcnmeden de edemediklerini ifade ederek, \u201cHem enflasyonu, hem istihdam\u0131, hem ihracatta rekabeti, hem de maliyetleri d\u00fc\u015f\u00fcnmekten yorgun d\u00fc\u015ft\u00fck. Daha \u00f6ng\u00f6r\u00fclebilir bir ekonomik ortam talebimizi yineliyoruz\u201d dedi.<\/p>\n","protected":false},"excerpt":{"rendered":"<p>BURSA SANAY\u0130C\u0130LER\u0130 VE \u0130\u015eADAMLARI Y\u00d6NET\u0130M KURULU BA\u015eKANI (BUS\u0130AD) ERGUN HAD\u0130 T\u00dcRKAY, \u201c2018 A\u011eUSTOS AYINDA BA\u015eLAYAN EKONOM\u0130K T\u00dcRB\u00dcLANSTAN \u00c7IKMAYA \u00c7ALI\u015eIRKEN, BA\u015eTA DO\u011eAL GAZ VE ELEKTR\u0130K F\u0130YATLARINDAK\u0130 ARTI\u015e \u0130\u015e D\u00dcNYASININ ENERJ\u0130S\u0130N\u0130 D\u00dc\u015e\u00dcR\u00dcYOR\u201d DED\u0130.<\/p>\n","protected":false},"author":1,"featured_media":199158,"comment_status":"closed","ping_status":"open","sticky":false,"template":"","format":"standard","meta":{"jetpack_post_was_ever_published":false,"_jetpack_newsletter_access":"","_jetpack_dont_email_post_to_subs":false,"_jetpack_newsletter_tier_id":0,"_jetpack_memberships_contains_paywalled_content":false,"_jetpack_memberships_contains_paid_content":false,"footnotes":"","jetpack_publicize_message":"","jetpack_publicize_feature_enabled":true,"jetpack_social_post_already_shared":true,"jetpack_social_options":{"image_generator_settings":{"template":"highway","default_image_id":0,"font":"","enabled":false},"version":2}},"categories":[19],"tags":[6531],"class_list":["post-199157","post","type-post","status-publish","format-standard","has-post-thumbnail","hentry","category-ekonomi","tag-isadamlari"],"jetpack_publicize_connections":[],"jetpack_featured_media_url":"https:\/\/i0.wp.com\/www.tvturk.com\/wp-content\/uploads\/2019\/09\/isadamlari_f1b1f65.jpg?fit=1000%2C664","jetpack_sharing_enabled":true,"jetpack_shortlink":"https:\/\/wp.me\/paKIfm-POd","_links":{"self":[{"href":"http:\/\/www.tvturk.com\/index.php\/wp-json\/wp\/v2\/posts\/199157","targetHints":{"allow":["GET"]}}],"collection":[{"href":"http:\/\/www.tvturk.com\/index.php\/wp-json\/wp\/v2\/posts"}],"about":[{"href":"http:\/\/www.tvturk.com\/index.php\/wp-json\/wp\/v2\/types\/post"}],"author":[{"embeddable":true,"href":"http:\/\/www.tvturk.com\/index.php\/wp-json\/wp\/v2\/users\/1"}],"replies":[{"embeddable":true,"href":"http:\/\/www.tvturk.com\/index.php\/wp-json\/wp\/v2\/comments?post=199157"}],"version-history":[{"count":0,"href":"http:\/\/www.tvturk.com\/index.php\/wp-json\/wp\/v2\/posts\/199157\/revisions"}],"wp:featuredmedia":[{"embeddable":true,"href":"http:\/\/www.tvturk.com\/index.php\/wp-json\/wp\/v2\/media\/199158"}],"wp:attachment":[{"href":"http:\/\/www.tvturk.com\/index.php\/wp-json\/wp\/v2\/media?parent=199157"}],"wp:term":[{"taxonomy":"category","embeddable":true,"href":"http:\/\/www.tvturk.com\/index.php\/wp-json\/wp\/v2\/categories?post=199157"},{"taxonomy":"post_tag","embeddable":true,"href":"http:\/\/www.tvturk.com\/index.php\/wp-json\/wp\/v2\/tags?post=199157"}],"curies":[{"name":"wp","href":"https:\/\/api.w.org\/{rel}","templated":true}]}}