{"id":199175,"date":"2019-09-03T11:47:35","date_gmt":"2019-09-03T08:47:35","guid":{"rendered":"http:\/\/www.tvturk.com\/index.php\/erciyes-motosiklet-tutkunlarina-dolu-dolu-bir-festival-yasatti\/"},"modified":"2019-09-03T11:47:35","modified_gmt":"2019-09-03T08:47:35","slug":"erciyes-motosiklet-tutkunlarina-dolu-dolu-bir-festival-yasatti","status":"publish","type":"post","link":"http:\/\/www.tvturk.com\/index.php\/erciyes-motosiklet-tutkunlarina-dolu-dolu-bir-festival-yasatti\/","title":{"rendered":"Erciyes motosiklet tutkunlar\u0131na dolu dolu bir festival ya\u015fatt\u0131"},"content":{"rendered":"<p>T\u00fcrkiye\u2019nin 40 farkl\u0131 ilinden y\u00fczlerce motosikletliyi zirvede bir araya getiren Erciyes Motosiklet Festivali tamamland\u0131. Kayseri\u2019ye farkl\u0131 bir hava katan etkinlik Kurtalan Ekspresi konseri ile ta\u00e7land\u0131r\u0131ld\u0131.<\/p>\n<p>Kayseri B\u00fcy\u00fck\u015fehir Belediyesi, Erciyes A\u015e ve Kayseri\u2019deki g\u00f6n\u00fcll\u00fc motosiklet kul\u00fcpleri taraf\u0131ndan Kaytur A.\u015e, destekleri ile bu y\u0131l ikincisi ger\u00e7ekle\u015ftirilen Erciyes Moto Fest 2 bin 200 metredeki Erciyes Tekir Yaylas\u0131\u2019nda bulunan \u00e7ad\u0131r kamp alan\u0131nda d\u00fczenlendi. T\u00fcrkiye\u2019nin 40 farkl\u0131 vilayetinden y\u00fczlerce motosiklet tutkununun kat\u0131ld\u0131\u011f\u0131 festival ilk g\u00fcn kamp ate\u015finin yanmas\u0131 ile ba\u015flad\u0131. Motosiklet\u00e7iler sporun ve festivalin zirvesi Erciyes\u2019te 3 g\u00fcn boyunca konserler, yar\u0131\u015fmalar, nefes kesen akrobasi g\u00f6sterileri ve \u00e7e\u015fitli etkinlikler ile dolu dolu bir festival ge\u00e7irdi. G\u00fcnd\u00fcz aktiviteleri ile keyifli zaman ge\u00e7iren motosiklet\u00e7iler ak\u015famlar\u0131 da ate\u015f ba\u015f\u0131 e\u011flenceleri ile co\u015ftu.<\/p>\n<p>Festivalin ikinci g\u00fcn\u00fcnde tarih ve do\u011fa turlar\u0131na kat\u0131larak Kayseri\u2019yi ke\u015ffeden iki tekerliler Erciyes\u2019in eteklerinde bulunan H\u00fcrmet\u00e7i Sazl\u0131\u011f\u0131\u2019ndaki y\u0131lk\u0131 atlar\u0131 ile birlikte s\u00fcr\u00fc\u015f yaparak unutulmaz bir deneyim ya\u015fad\u0131. Kat\u0131l\u0131mc\u0131lar daha sonra Erciyes turu yapt\u0131, Tekir otopark\u0131nda nefes kesen motosiklet akrobasi g\u00f6sterileri ile heyecan dolu anlara tan\u0131kl\u0131k etti. Ayr\u0131ca motosikletliler Sucukla Patla slogan\u0131yla d\u00fczenlenen sucuk ekmek yeme yar\u0131\u015fmas\u0131nda zamana kar\u015f\u0131 en \u00e7ok sucuk ekme\u011fi yemek i\u00e7in yar\u0131\u015ft\u0131. Etkinlik boyunca \u00e7ekili\u015flerle kat\u0131l\u0131mc\u0131lara \u00e7e\u015fitli hediyeler de da\u011f\u0131t\u0131ld\u0131.<\/p>\n<p>Bar\u0131\u015f Man\u00e7o\u2019nun kurdu\u011fu ve T\u00fcrkiye\u2019nin en eski Anadolu rock gruplar\u0131 aras\u0131nda yer alan Kurtalan Ekspres Erciyes Moto Fest\u2019in finalinde sahneye \u00e7\u0131karak geceyi ta\u00e7land\u0131rd\u0131. Yo\u011fun ilginin oldu\u011fu etkinlikte kat\u0131l\u0131mc\u0131lar doyas\u0131ya e\u011flendi. Festival sonras\u0131nda bir a\u00e7\u0131klama yapan Kayseri Erciyes A.\u015e. Y\u00f6netim Kurulu Ba\u015fkan\u0131 Dr. Murat Cahid C\u0131ng\u0131, \u201cErciyes Da\u011f\u0131m\u0131z bir\u00e7ok sosyal, sportif ve k\u00fclt\u00fcrel faaliyet i\u00e7in g\u00fczel bir mecra haline geldi. Erciyes Moto Fest de bunlar aras\u0131nda \u015fehrimize kazand\u0131rd\u0131\u011f\u0131m\u0131z g\u00fczel bir organizasyon oldu. Geleneksel hale getirmi\u015f oldu\u011fumuz bu etkinli\u011fi Kayseri\u2019deki g\u00f6n\u00fcll\u00fc motosiklet kul\u00fcplerimiz ile birlikte kusursuz bir \u015fekilde haz\u0131rlad\u0131k. Yo\u011fun kat\u0131l\u0131mla m\u00fcthi\u015f bir festivali daha ger\u00e7ekle\u015ftirmi\u015f olman\u0131n mutlulu\u011funu ya\u015f\u0131yoruz. \u00dclkemizin d\u00f6rt bir yan\u0131ndan a\u011f\u0131rlad\u0131\u011f\u0131m\u0131z misafirlerimiz \u00e7ok memnun bir \u015fekilde \u015fehrimizden g\u00fczel an\u0131lar biriktirerek ayr\u0131ld\u0131lar. Bu etkinli\u011fimiz Kayseri\u2019ye farkl\u0131 bir hava katt\u0131. \u0130n\u015fallah bu faaliyetimizi uluslararas\u0131 boyuta ta\u015f\u0131yarak b\u00fcy\u00fctmeye gayret edece\u011fiz&#8221; dedi.<\/p>\n","protected":false},"excerpt":{"rendered":"<p>T\u00dcRK\u0130YE\u2019N\u0130N 40 FARKLI \u0130L\u0130NDEN Y\u00dcZLERCE MOTOS\u0130KLETL\u0130Y\u0130 Z\u0130RVEDE B\u0130R ARAYA GET\u0130REN ERC\u0130YES MOTOS\u0130KLET FEST\u0130VAL\u0130 TAMAMLANDI.<\/p>\n","protected":false},"author":1,"featured_media":199176,"comment_status":"closed","ping_status":"open","sticky":false,"template":"","format":"standard","meta":{"jetpack_post_was_ever_published":false,"_jetpack_newsletter_access":"","_jetpack_dont_email_post_to_subs":false,"_jetpack_newsletter_tier_id":0,"_jetpack_memberships_contains_paywalled_content":false,"_jetpack_memberships_contains_paid_content":false,"footnotes":"","jetpack_publicize_message":"","jetpack_publicize_feature_enabled":true,"jetpack_social_post_already_shared":true,"jetpack_social_options":{"image_generator_settings":{"template":"highway","default_image_id":0,"font":"","enabled":false},"version":2}},"categories":[657],"tags":[125,6667,727,12116,1003,40490,7982],"class_list":["post-199175","post","type-post","status-publish","format-standard","has-post-thumbnail","hentry","category-spor","tag-bir","tag-dolu","tag-erciyes","tag-festival","tag-motosiklet","tag-tutkunlarina","tag-yasatti"],"jetpack_publicize_connections":[],"jetpack_featured_media_url":"https:\/\/i0.wp.com\/www.tvturk.com\/wp-content\/uploads\/2019\/09\/erciyes-motosiklet-tutkunlarina-dolu-dolu-bir-festival-yasatti_398643c.jpg?fit=1000%2C561","jetpack_sharing_enabled":true,"jetpack_shortlink":"https:\/\/wp.me\/paKIfm-POv","_links":{"self":[{"href":"http:\/\/www.tvturk.com\/index.php\/wp-json\/wp\/v2\/posts\/199175","targetHints":{"allow":["GET"]}}],"collection":[{"href":"http:\/\/www.tvturk.com\/index.php\/wp-json\/wp\/v2\/posts"}],"about":[{"href":"http:\/\/www.tvturk.com\/index.php\/wp-json\/wp\/v2\/types\/post"}],"author":[{"embeddable":true,"href":"http:\/\/www.tvturk.com\/index.php\/wp-json\/wp\/v2\/users\/1"}],"replies":[{"embeddable":true,"href":"http:\/\/www.tvturk.com\/index.php\/wp-json\/wp\/v2\/comments?post=199175"}],"version-history":[{"count":0,"href":"http:\/\/www.tvturk.com\/index.php\/wp-json\/wp\/v2\/posts\/199175\/revisions"}],"wp:featuredmedia":[{"embeddable":true,"href":"http:\/\/www.tvturk.com\/index.php\/wp-json\/wp\/v2\/media\/199176"}],"wp:attachment":[{"href":"http:\/\/www.tvturk.com\/index.php\/wp-json\/wp\/v2\/media?parent=199175"}],"wp:term":[{"taxonomy":"category","embeddable":true,"href":"http:\/\/www.tvturk.com\/index.php\/wp-json\/wp\/v2\/categories?post=199175"},{"taxonomy":"post_tag","embeddable":true,"href":"http:\/\/www.tvturk.com\/index.php\/wp-json\/wp\/v2\/tags?post=199175"}],"curies":[{"name":"wp","href":"https:\/\/api.w.org\/{rel}","templated":true}]}}