{"id":199191,"date":"2019-09-03T12:02:08","date_gmt":"2019-09-03T09:02:08","guid":{"rendered":"http:\/\/www.tvturk.com\/index.php\/makina-muhendisleri-odasi-kayseri-sube-baskani-aksoydan-fren-uyarisi\/"},"modified":"2019-09-03T12:02:08","modified_gmt":"2019-09-03T09:02:08","slug":"makina-muhendisleri-odasi-kayseri-sube-baskani-aksoydan-fren-uyarisi","status":"publish","type":"post","link":"http:\/\/www.tvturk.com\/index.php\/makina-muhendisleri-odasi-kayseri-sube-baskani-aksoydan-fren-uyarisi\/","title":{"rendered":"Makina M\u00fchendisleri Odas\u0131 Kayseri \u015eube Ba\u015fkan\u0131 Aksoy\u2019dan fren uyar\u0131s\u0131:"},"content":{"rendered":"<p>Makina M\u00fchendisleri Odas\u0131 Kayseri \u015eube Ba\u015fkan\u0131 Akif Aksoy, fren patlamalar\u0131ndan kaynakl\u0131 meydana gelen kazalarla ilgili bilgiler verdi. Aksoy konu\u015fmas\u0131nda, \u201dFren ve balatalar\u0131 yap\u0131lsa dahi kullan\u0131m \u00f6mr\u00fc dolan ara\u00e7lar kazaya sebep olabilir\u201d dedi.<\/p>\n<p>Hafta sonu Kayseri\u2019nin Hac\u0131lar il\u00e7esinde KASK\u0130\u2019ye ait olan ve yakla\u015f\u0131k 30 y\u0131ll\u0131k oldu\u011fu iddia edilen bir kamyon, frenlerinin patlamas\u0131 sonucunda bir eve \u00e7arparak durabildi. Meydana gelen kazada 3 i\u015f\u00e7i ve evin sahibi bir kad\u0131n hayat\u0131n\u0131 kaybetti.<\/p>\n<p>Kazaya neden olan kamyon ile ilgili olarak bilgiler veren Makina M\u00fchendisleri Odas\u0131 Kayseri \u015eube Ba\u015fkan\u0131 Akif Aksoy, \u00e7ok eski ve metal yorgunlu\u011fu olan ara\u00e7lardan uzak durulmas\u0131 gerekti\u011fini ve m\u00fcmk\u00fcn oldu\u011funca yola \u00e7\u0131kmadan \u00f6nce b\u00fct\u00fcn kontrollerinin yap\u0131lmas\u0131 gerekti\u011fini s\u00f6yledi.<\/p>\n<p>B\u00fcy\u00fck ara\u00e7lar\u0131n rampa ini\u015finde ve \u00e7\u0131k\u0131\u015f\u0131nda m\u00fcmk\u00fcn oldu\u011fu kadar bo\u015f olmas\u0131 gerekti\u011fini ve bu konularda tedbirin elden b\u0131rak\u0131lmamas\u0131n\u0131n da \u00e7ok \u00f6nemli oldu\u011funu s\u00f6yleyen Makina M\u00fchendisleri Odas\u0131 Kayseri \u015eube Ba\u015fkan\u0131 Akif Aksoy, \u201c\u00d6ncelikle ge\u00e7ti\u011fimiz g\u00fcn ya\u015fanan kazada hayat\u0131n\u0131 kaybeden vatanda\u015flar\u0131m\u0131za Allah\u2019tan rahmet, yaral\u0131lar\u0131m\u0131za da acil \u015fifalar diliyoruz. Bu t\u00fcr olaylarda b\u00fcy\u00fck tonajl\u0131 kamyon ve t\u0131r gibi benzer ara\u00e7larda bak\u0131mlar\u0131n rutin olarak s\u00fcrekli yap\u0131lmas\u0131 gerekiyor. Fakt\u00f6rler \u00e7ok farkl\u0131d\u0131r. Burada pnomatik yani hava ile \u00e7al\u0131\u015fan ve hidrolik sistemler var. Bunlar\u0131n s\u00fcrekli olarak kontrol edilmesi gerekiyor. Bildi\u011fimiz kadar\u0131yla meydana gelen kaza fren patlamas\u0131 sonucu olu\u015fmu\u015f bir kaza. \u0130n\u015fallah bundan sonra b\u00f6yle bir \u015fey ya\u015fanmaz ama ara\u00e7lar\u0131n kontrollerinin ve periyodik bak\u0131mlar\u0131n\u0131n s\u00fcrekli olarak yap\u0131lmas\u0131, fren testlerinin aksat\u0131lmamas\u0131 gerekiyor&#8221; dedi.<\/p>\n<p>Aksoy, &#8220;Bu ara\u00e7lar\u0131 kullan\u0131rken uymak gereken baz\u0131 kurallar vard\u0131r. \u00d6zellikle kazan\u0131n meydana geldi\u011fi b\u00f6lgelerde, dik yoku\u015flar\u0131n ini\u015f ve \u00e7\u0131k\u0131\u015flar\u0131nda ara\u00e7lar\u0131n m\u00fcmk\u00fcn oldu\u011fu kadar bo\u015f olarak inip \u00e7\u0131kmas\u0131n\u0131n sa\u011flanmas\u0131 gerekmektedir. Bu konularda tedbiri elden b\u0131rakmamak gerekiyor. Fren d\u0131\u015f\u0131nda ba\u015fka gerek\u00e7eler de vard\u0131r. Ara\u00e7lar\u0131n kullan\u0131m \u00f6mr\u00fcn\u00fc doldurmu\u015f olmalar\u0131 gibi. Bu ara\u00e7lara ne yaparsan\u0131z yap\u0131n baz\u0131 \u015feyleri tamamlayamayabilirsiniz, eksikleri gideremeyebilirsiniz. \u00c7ok eski ara\u00e7lar kullan\u0131ld\u0131\u011f\u0131 zaman, fren ve balatalar\u0131n\u0131 yapsan\u0131z dahi \u00f6mr\u00fcn\u00fc doldurmu\u015f olabilir ve bunlar da bir etkendir. Kazadaki ara\u00e7 bildi\u011fim kadar\u0131yla \u00e7ok yeni ve teknolojik bir ara\u00e7 de\u011fil. Uyar\u0131 sistemleri olmayan bir ara\u00e7 ve zaman\u0131na g\u00f6re g\u00fczel yap\u0131lsa da ya\u015fad\u0131\u011f\u0131m\u0131z d\u00f6nemde teknolojik eksiklikleri olan bir ara\u00e7. \u0130dari birimlerin maddi b\u00fct\u00e7esine de ba\u011fl\u0131 olarak, m\u00fcmk\u00fcn oldu\u011fu kadar teknolojiye ayak uydurarak bu ara\u00e7lar\u0131 kullan\u0131rsak bu kazalar\u0131n o kadar \u00e7ok \u00f6n\u00fcne ge\u00e7mi\u015f oluruz&#8221; ifadesinde bulundu.<\/p>\n<p>Aksoy, &#8220;Her \u015feyin bir \u00f6mr\u00fc oldu\u011fu gibi, metalin de bir \u00f6mr\u00fc var oldu\u011fu i\u00e7in dolay\u0131s\u0131yla ara\u00e7lar\u0131n da bir \u00f6mr\u00fc var. Belli bir s\u00fcre i\u00e7erisinde bunlar\u0131n yenilenmesi gerekiyor. \u00c7ok eski ara\u00e7lardan m\u00fcmk\u00fcn oldu\u011funca uzak durmak gerekiyor. Ara\u00e7lar \u015fasi, motor, \u015fanz\u0131man ve fren sistemlerinden olu\u015fuyor ki bunun gibi daha bir\u00e7ok \u015fey var&#8221; diyerek \u015funlar\u0131 s\u00f6yledi:<\/p>\n<p>&#8220;Zamanla bu aksamlar \u00f6m\u00fcrlerini tamamlam\u0131\u015f oluyorlar. Metal yorgunlu\u011fu sonucunda da, bu ara\u00e7lar\u0131n art\u0131k kullan\u0131lmamas\u0131 anlam\u0131 ortaya \u00e7\u0131k\u0131yor. \u00dcretildi\u011fi g\u00fcnden beri bak\u0131mlar\u0131 s\u00fcrekli yap\u0131lan bir arac\u0131n \u00f6mr\u00fc daha da uzun tutulabilir ve bu riskler \u00f6nlenebilir. Bu t\u00fcr y\u00fckl\u00fc ara\u00e7larda bu kazalar\u0131n \u00f6n\u00fcne ge\u00e7ebilmek i\u00e7in, bak\u0131mlar\u0131n\u0131n kontrol edilmesi, b\u00fct\u00fcn sistemlerin her yola \u00e7\u0131kmadan \u00f6nce tek tek kontrol edilmesi, rutin kontrollerin yap\u0131lmas\u0131 ve aksat\u0131lmamas\u0131 \u00e7ok \u00f6nemli bir fakt\u00f6rlerdir ve bunlara biraz daha dikkat edilirse kazalar\u0131n \u00f6n\u00fcne ge\u00e7ilebilir\u201d<\/p>\n","protected":false},"excerpt":{"rendered":"<p>MAK\u0130NE M\u00dcHEND\u0130SLER\u0130 ODASI KAYSER\u0130 \u015eUBE BA\u015eKANI AK\u0130F AKSOY, FREN PATLAMALARINDAN KAYNAKLI KAZALARLA \u0130LG\u0130L\u0130 B\u0130LG\u0130 VERD\u0130<\/p>\n","protected":false},"author":1,"featured_media":199192,"comment_status":"closed","ping_status":"open","sticky":false,"template":"","format":"standard","meta":{"jetpack_post_was_ever_published":false,"_jetpack_newsletter_access":"","_jetpack_dont_email_post_to_subs":false,"_jetpack_newsletter_tier_id":0,"_jetpack_memberships_contains_paywalled_content":false,"_jetpack_memberships_contains_paid_content":false,"footnotes":"","jetpack_publicize_message":"","jetpack_publicize_feature_enabled":true,"jetpack_social_post_already_shared":true,"jetpack_social_options":{"image_generator_settings":{"template":"highway","default_image_id":0,"font":"","enabled":false},"version":2}},"categories":[1],"tags":[4011,32651,216,12314,15065,11277,374,4556,914],"class_list":["post-199191","post","type-post","status-publish","format-standard","has-post-thumbnail","hentry","category-genel","tag-kayseri","tag-aksoydan","tag-baskani","tag-fren","tag-makina","tag-muhendisleri","tag-odasi","tag-sube","tag-uyarisi"],"jetpack_publicize_connections":[],"jetpack_featured_media_url":"https:\/\/i0.wp.com\/www.tvturk.com\/wp-content\/uploads\/2019\/09\/makina-muhendisleri-odasi-kayseri-sube-baskani-aksoydan-fren-uyarisi_4ba287f.jpg?fit=1000%2C750","jetpack_sharing_enabled":true,"jetpack_shortlink":"https:\/\/wp.me\/paKIfm-POL","_links":{"self":[{"href":"http:\/\/www.tvturk.com\/index.php\/wp-json\/wp\/v2\/posts\/199191","targetHints":{"allow":["GET"]}}],"collection":[{"href":"http:\/\/www.tvturk.com\/index.php\/wp-json\/wp\/v2\/posts"}],"about":[{"href":"http:\/\/www.tvturk.com\/index.php\/wp-json\/wp\/v2\/types\/post"}],"author":[{"embeddable":true,"href":"http:\/\/www.tvturk.com\/index.php\/wp-json\/wp\/v2\/users\/1"}],"replies":[{"embeddable":true,"href":"http:\/\/www.tvturk.com\/index.php\/wp-json\/wp\/v2\/comments?post=199191"}],"version-history":[{"count":0,"href":"http:\/\/www.tvturk.com\/index.php\/wp-json\/wp\/v2\/posts\/199191\/revisions"}],"wp:featuredmedia":[{"embeddable":true,"href":"http:\/\/www.tvturk.com\/index.php\/wp-json\/wp\/v2\/media\/199192"}],"wp:attachment":[{"href":"http:\/\/www.tvturk.com\/index.php\/wp-json\/wp\/v2\/media?parent=199191"}],"wp:term":[{"taxonomy":"category","embeddable":true,"href":"http:\/\/www.tvturk.com\/index.php\/wp-json\/wp\/v2\/categories?post=199191"},{"taxonomy":"post_tag","embeddable":true,"href":"http:\/\/www.tvturk.com\/index.php\/wp-json\/wp\/v2\/tags?post=199191"}],"curies":[{"name":"wp","href":"https:\/\/api.w.org\/{rel}","templated":true}]}}