{"id":199193,"date":"2019-09-03T12:02:13","date_gmt":"2019-09-03T09:02:13","guid":{"rendered":"http:\/\/www.tvturk.com\/index.php\/papagana-alkol-verdiler-hayvanseverler-tepki-gosterdi\/"},"modified":"2019-09-03T12:02:13","modified_gmt":"2019-09-03T09:02:13","slug":"papagana-alkol-verdiler-hayvanseverler-tepki-gosterdi","status":"publish","type":"post","link":"http:\/\/www.tvturk.com\/index.php\/papagana-alkol-verdiler-hayvanseverler-tepki-gosterdi\/","title":{"rendered":"Papa\u011fana alkol verdiler, hayvanseverler tepki g\u00f6sterdi"},"content":{"rendered":"<p>Ayd\u0131n\u2019\u0131n Didim il\u00e7esinde faaliyet g\u00f6steren bir alkoll\u00fc mekanda evcille\u015ftirilmi\u015f bir papa\u011fana alkoll\u00fc i\u00e7ecek i\u00e7irilmesiyle ilgili sosyal medyaya d\u00fc\u015fen g\u00f6r\u00fcnt\u00fcler, hayvanseverlerin tepkisine neden oldu.<\/p>\n<p>G\u00f6r\u00fcnt\u00fclerde sahibinin elinde duran papa\u011fana, bir ba\u015fka ki\u015fi taraf\u0131ndan alkoll\u00fc i\u00e7ecek i\u00e7irildi. Papa\u011fan\u0131n bu durumu, \u00e7evredeki bir ki\u015fi taraf\u0131ndan cep telefonuyla g\u00f6r\u00fcnt\u00fclendi. G\u00f6r\u00fcnt\u00fcn\u00fcn sosyal medyaya d\u00fc\u015fmesinin ard\u0131ndan hayvanseverlerin tepkisi sert olurken, olay\u0131n meydana geldi\u011fi i\u015fletme de konuyla ilgili olarak sosyal medya platformundan a\u00e7\u0131klama yapt\u0131.<\/p>\n<p>S\u00f6z konusu i\u015fletmenin a\u00e7\u0131klamas\u0131nda \u201cSosyal medya \u00fczerinde konu olan papa\u011fana alkol i\u00e7irme ile alakal\u0131 i\u015fletmemizin hi\u00e7bir alakas\u0131 yoktur. Papa\u011fan m\u00fc\u015fterimizin evcil hayvan\u0131d\u0131r. \u0130\u015fletmemiz tamamen sokak hayvan\u0131 dostudur. Beach club\u0131m\u0131za misafirlerimizin evcil hayvanlar\u0131 ile girmesinde bir sak\u0131nca g\u00f6rm\u00fcyoruz. Konu olan papa\u011fana i\u015fkence g\u00f6r\u00fcnt\u00fclerinde papa\u011fan\u0131n sahibi olan \u015fah\u0131slar\u0131 kolluk kuvvetlerine teslim edip, haklar\u0131nda su\u00e7 duyurusunda bulunup, papa\u011fan\u0131n ellerinden al\u0131nmas\u0131 i\u00e7in b\u00fct\u00fcn desteklerimizi sa\u011fl\u0131yoruz. Bu olay\u0131n takip\u00e7isi olaca\u011f\u0131m\u0131z\u0131 ve hayvana yap\u0131lan i\u015fkencenin \u00fcz\u00fcnt\u00fcs\u00fc i\u00e7erisinde oldu\u011fumuzu belirtmek isteriz. Bu olay\u0131 i\u015fletmemize mal etmek isteyen art niyetli insanlar hakk\u0131nda su\u00e7 duyurusunda bulunaca\u011f\u0131z\u201d ifadelerine yer verildi.<\/p>\n<p>Didimli hayvanseverler ise sosyal medya platformlar\u0131nda olaya tepki g\u00f6sterip, yetkililerin bu duruma \u00e7are bulup, papa\u011fana el konulmas\u0131 \u00e7a\u011fr\u0131s\u0131nda bulundular.<\/p>\n<p>\u00d6te yandan, i\u015fletme sahiplerinin su\u00e7 duyurusuna bulunulmas\u0131ndan dolay\u0131 polis taraf\u0131ndan \u015fah\u0131slar hakk\u0131nda i\u015flem yap\u0131ld\u0131\u011f\u0131 \u00f6\u011frenildi.<\/p>\n","protected":false},"excerpt":{"rendered":"<p>EVC\u0130L PAPA\u011eAN\u2019A ALKOL VERD\u0130LER, HAYVANSEVERLER TEPK\u0130 G\u00d6STERD\u0130<\/p>\n","protected":false},"author":1,"featured_media":199194,"comment_status":"closed","ping_status":"open","sticky":false,"template":"","format":"standard","meta":{"jetpack_post_was_ever_published":false,"_jetpack_newsletter_access":"","_jetpack_dont_email_post_to_subs":false,"_jetpack_newsletter_tier_id":0,"_jetpack_memberships_contains_paywalled_content":false,"_jetpack_memberships_contains_paid_content":false,"footnotes":"","jetpack_publicize_message":"","jetpack_publicize_feature_enabled":true,"jetpack_social_post_already_shared":true,"jetpack_social_options":{"image_generator_settings":{"template":"highway","default_image_id":0,"font":"","enabled":false},"version":2}},"categories":[1],"tags":[11168,4279,12024,50082,961,8634],"class_list":["post-199193","post","type-post","status-publish","format-standard","has-post-thumbnail","hentry","category-genel","tag-alkol","tag-gosterdi","tag-hayvanseverler","tag-papagana","tag-tepki","tag-verdiler"],"jetpack_publicize_connections":[],"jetpack_featured_media_url":"https:\/\/i0.wp.com\/www.tvturk.com\/wp-content\/uploads\/2019\/09\/papagana-alkol-verdiler-hayvanseverler-tepki-gosterdi_c2ebb96.jpg?fit=606%2C394","jetpack_sharing_enabled":true,"jetpack_shortlink":"https:\/\/wp.me\/paKIfm-PON","_links":{"self":[{"href":"http:\/\/www.tvturk.com\/index.php\/wp-json\/wp\/v2\/posts\/199193","targetHints":{"allow":["GET"]}}],"collection":[{"href":"http:\/\/www.tvturk.com\/index.php\/wp-json\/wp\/v2\/posts"}],"about":[{"href":"http:\/\/www.tvturk.com\/index.php\/wp-json\/wp\/v2\/types\/post"}],"author":[{"embeddable":true,"href":"http:\/\/www.tvturk.com\/index.php\/wp-json\/wp\/v2\/users\/1"}],"replies":[{"embeddable":true,"href":"http:\/\/www.tvturk.com\/index.php\/wp-json\/wp\/v2\/comments?post=199193"}],"version-history":[{"count":0,"href":"http:\/\/www.tvturk.com\/index.php\/wp-json\/wp\/v2\/posts\/199193\/revisions"}],"wp:featuredmedia":[{"embeddable":true,"href":"http:\/\/www.tvturk.com\/index.php\/wp-json\/wp\/v2\/media\/199194"}],"wp:attachment":[{"href":"http:\/\/www.tvturk.com\/index.php\/wp-json\/wp\/v2\/media?parent=199193"}],"wp:term":[{"taxonomy":"category","embeddable":true,"href":"http:\/\/www.tvturk.com\/index.php\/wp-json\/wp\/v2\/categories?post=199193"},{"taxonomy":"post_tag","embeddable":true,"href":"http:\/\/www.tvturk.com\/index.php\/wp-json\/wp\/v2\/tags?post=199193"}],"curies":[{"name":"wp","href":"https:\/\/api.w.org\/{rel}","templated":true}]}}