{"id":199225,"date":"2019-09-03T13:02:07","date_gmt":"2019-09-03T10:02:07","guid":{"rendered":"http:\/\/www.tvturk.com\/index.php\/izmirde-yanan-500-hektarlik-alani-yesillendirmek-icin-hazirliklar-basladi\/"},"modified":"2019-09-03T13:02:07","modified_gmt":"2019-09-03T10:02:07","slug":"izmirde-yanan-500-hektarlik-alani-yesillendirmek-icin-hazirliklar-basladi","status":"publish","type":"post","link":"http:\/\/www.tvturk.com\/index.php\/izmirde-yanan-500-hektarlik-alani-yesillendirmek-icin-hazirliklar-basladi\/","title":{"rendered":"\u0130zmir\u2019de yanan 500 hektarl\u0131k alan\u0131 ye\u015fillendirmek i\u00e7in haz\u0131rl\u0131klar ba\u015flad\u0131"},"content":{"rendered":"<p>\u0130zmir Orman B\u00f6lge M\u00fcd\u00fcrl\u00fc\u011f\u00fc, Karaba\u011flar il\u00e7esinde 53 saatte kontrol alt\u0131na al\u0131nan, 500 hektarl\u0131k alanda etkili olan yang\u0131n\u0131n ard\u0131ndan b\u00f6lgenin yeniden a\u011fa\u00e7land\u0131r\u0131lmas\u0131 amac\u0131yla arazide haz\u0131rl\u0131klara ba\u015flad\u0131.<\/p>\n<p>18 A\u011fustos Pazar g\u00fcn\u00fc \u00f6\u011fle saatlerinde \u0130zmir\u2019in Karaba\u011flar il\u00e7esi T\u0131razl\u0131 Mahallesi yak\u0131nlar\u0131nda ormanl\u0131k alanda \u00e7\u0131kan ve 53 saat sonra kontrol alt\u0131na al\u0131nan orman yang\u0131n\u0131 sadece \u0130zmir\u2019i de\u011fil, t\u00fcm T\u00fcrkiye\u2019yi \u00fcz\u00fcnt\u00fcye bo\u011fmu\u015ftu. 500 hektarl\u0131k alan\u0131 k\u00fcl eden yang\u0131ndan sonra b\u00f6lgede so\u011futma ve teknik incelemesini tamamlayan \u0130zmir Orman B\u00f6lge M\u00fcd\u00fcrl\u00fc\u011f\u00fc, 30 A\u011fustos Zafer Bayram\u0131 gibi anlaml\u0131 bir g\u00fcnde Karaba\u011flar ormanlar\u0131n\u0131 yeniden ye\u015fertmek ad\u0131na sahan\u0131n arazi haz\u0131rl\u0131\u011f\u0131 i\u00e7in ilk start\u0131 verdi. Sahan\u0131n yanm\u0131\u015f a\u011fa\u00e7 enkazlar\u0131ndan temizlenmesi ve dikime haz\u0131r hale getirilip s\u00fcr\u00fclmesi i\u00e7in, \u00e7ok say\u0131da dozer ve onlarca kesim i\u015f\u00e7isi sahada i\u015f ba\u015f\u0131 yapt\u0131. Sahaya ilk fidanlar, 11 Kas\u0131m g\u00fcn\u00fc sadece \u0130zmirlilerle de\u011fil t\u00fcm T\u00fcrkiye ile ayn\u0131 anda dikilecek. Ayr\u0131ca 24 Kas\u0131m \u00d6\u011fretmenler G\u00fcn\u00fc\u2019nde ger\u00e7ekle\u015fecek ba\u015fka b\u00fcy\u00fck bir etkinlikle de milyonlarca fidan toprakla bulu\u015facak, \u0130zmir Karaba\u011flar ormanlar\u0131 k\u00fcllerinden yeniden do\u011facak.<\/p>\n","protected":false},"excerpt":{"rendered":"<p>\u0130ZM\u0130R ORMAN B\u00d6LGE M\u00dcD\u00dcRL\u00dc\u011e\u00dc, KARABA\u011eLAR&#8217;DA 18 A\u011eUSTOS&#8217;TA \u00c7IKAN VE 53 SAAT \u0130\u00c7\u0130NDE KONTROL ALTINA ALINAN ORMAN YANGININ ARDINDAN ALANI YEN\u0130DEN YE\u015eERTMEK AMACIYLA \u00c7ALI\u015eMA BA\u015eLATTI.<\/p>\n","protected":false},"author":1,"featured_media":199226,"comment_status":"closed","ping_status":"open","sticky":false,"template":"","format":"standard","meta":{"jetpack_post_was_ever_published":false,"_jetpack_newsletter_access":"","_jetpack_dont_email_post_to_subs":false,"_jetpack_newsletter_tier_id":0,"_jetpack_memberships_contains_paywalled_content":false,"_jetpack_memberships_contains_paid_content":false,"footnotes":"","jetpack_publicize_message":"","jetpack_publicize_feature_enabled":true,"jetpack_social_post_already_shared":true,"jetpack_social_options":{"image_generator_settings":{"template":"highway","default_image_id":0,"font":"","enabled":false},"version":2}},"categories":[1],"tags":[565,3386,55,3384,39904,44,1554,5266,50088],"class_list":["post-199225","post","type-post","status-publish","format-standard","has-post-thumbnail","hentry","category-genel","tag-565","tag-alani","tag-basladi","tag-hazirliklar","tag-hektarlik","tag-icin","tag-izmirde","tag-yanan","tag-yesillendirmek"],"jetpack_publicize_connections":[],"jetpack_featured_media_url":"https:\/\/i0.wp.com\/www.tvturk.com\/wp-content\/uploads\/2019\/09\/izmirde-yanan-500-hektarlik-alani-yesillendirmek-icin-hazirliklar-basladi_c7bb1e1.jpg?fit=1000%2C666","jetpack_sharing_enabled":true,"jetpack_shortlink":"https:\/\/wp.me\/paKIfm-PPj","_links":{"self":[{"href":"http:\/\/www.tvturk.com\/index.php\/wp-json\/wp\/v2\/posts\/199225","targetHints":{"allow":["GET"]}}],"collection":[{"href":"http:\/\/www.tvturk.com\/index.php\/wp-json\/wp\/v2\/posts"}],"about":[{"href":"http:\/\/www.tvturk.com\/index.php\/wp-json\/wp\/v2\/types\/post"}],"author":[{"embeddable":true,"href":"http:\/\/www.tvturk.com\/index.php\/wp-json\/wp\/v2\/users\/1"}],"replies":[{"embeddable":true,"href":"http:\/\/www.tvturk.com\/index.php\/wp-json\/wp\/v2\/comments?post=199225"}],"version-history":[{"count":0,"href":"http:\/\/www.tvturk.com\/index.php\/wp-json\/wp\/v2\/posts\/199225\/revisions"}],"wp:featuredmedia":[{"embeddable":true,"href":"http:\/\/www.tvturk.com\/index.php\/wp-json\/wp\/v2\/media\/199226"}],"wp:attachment":[{"href":"http:\/\/www.tvturk.com\/index.php\/wp-json\/wp\/v2\/media?parent=199225"}],"wp:term":[{"taxonomy":"category","embeddable":true,"href":"http:\/\/www.tvturk.com\/index.php\/wp-json\/wp\/v2\/categories?post=199225"},{"taxonomy":"post_tag","embeddable":true,"href":"http:\/\/www.tvturk.com\/index.php\/wp-json\/wp\/v2\/tags?post=199225"}],"curies":[{"name":"wp","href":"https:\/\/api.w.org\/{rel}","templated":true}]}}