{"id":199309,"date":"2019-09-03T15:01:50","date_gmt":"2019-09-03T12:01:50","guid":{"rendered":"http:\/\/www.tvturk.com\/index.php\/hastanede-cocuk-kacirma-tatbikatini-izleyenler-gercek-sandi\/"},"modified":"2019-09-03T15:01:50","modified_gmt":"2019-09-03T12:01:50","slug":"hastanede-cocuk-kacirma-tatbikatini-izleyenler-gercek-sandi","status":"publish","type":"post","link":"http:\/\/www.tvturk.com\/index.php\/hastanede-cocuk-kacirma-tatbikatini-izleyenler-gercek-sandi\/","title":{"rendered":"Hastanede \u00e7ocuk ka\u00e7\u0131rma tatbikat\u0131n\u0131 izleyenler ger\u00e7ek sand\u0131"},"content":{"rendered":"<p>Bursa\u2019da hastanede d\u00fczenlenen \u00e7ocuk ka\u00e7\u0131rma tatbikat\u0131 ger\u00e7e\u011fini artmad\u0131. Tatbikattan haberi olmayan hastalar canland\u0131rnay\u0131 ger\u00e7ek sand\u0131.<\/p>\n<p>Bursa Uluda\u011f \u00dcniversitesi T\u0131p Fak\u00fcltesi Hastanesi, her y\u0131l d\u00fczenli olarak yapt\u0131\u011f\u0131 \u00e7ocuk ka\u00e7\u0131rma tatbikat\u0131n\u0131 bu y\u0131l da ger\u00e7ekle\u015ftirdi. E\u015finden ayr\u0131 ya\u015fayan baba, annesi \u00e7ocu\u011funu hastaneye getirdi\u011fi esnada gizlice \u00e7ocu\u011funu hastaneden ka\u00e7\u0131rd\u0131. Annenin &#8220;\u00e7ocu\u011fum ka\u00e7\u0131r\u0131ld\u0131&#8221; \u015feklinde ba\u011f\u0131rmas\u0131 \u00fczerine hastanede pembe kod verildi. Hemen hastanenin t\u00fcm kap\u0131lar\u0131 kapat\u0131larak baba aranmaya ba\u015fland\u0131. G\u00fcvenlik\u00e7iler taraf\u0131ndan hastanenin d\u0131\u015f\u0131nda ka\u00e7\u0131rmak istedi\u011fi bebe\u011fiyle birlikte yakalanan baba polis ekiplerine teslim edildi. Tatbikatla muhtemel bir \u00e7ocuk ka\u00e7\u0131rma olaylar\u0131nda hastanenin haz\u0131r olup olmad\u0131\u011f\u0131 \u00f6l\u00e7\u00fcld\u00fc. G\u00fcvenlik\u00e7ilere bebe\u011fi ka\u00e7\u0131ran baban\u0131n hangi kap\u0131dan \u00e7\u0131kaca\u011f\u0131 s\u00f6ylenmezken, krizi ise hastane ba\u015fhekimi y\u00f6netti. Yap\u0131lan tatbikat ba\u015far\u0131l\u0131 bir \u015fekilde tamamland\u0131. Tatbikattan haberi olmayan hastalar ise bebek ka\u00e7\u0131rma tatbikat\u0131n\u0131 ger\u00e7ek sand\u0131. Bir di\u011fer tatbikatta ise  doktora \u015fiddet canland\u0131r\u0131ld\u0131. B\u0130r hasta doktora \u015fiddet g\u00f6sterirken verilen beyaz kodla \u015fiddet g\u00f6steren hasta hemen etkisiz hale getirildi.<\/p>\n<p>Hastanede ger\u00e7ekle\u015fen tatbikatla ilgili a\u00e7\u0131klama yapan Bursa Uluda\u011f \u00dcniversitesi T\u0131p Fak\u00fcltesi Ba\u015fhekimi R\u0131dvan Ali, \u201cPembe kod uygulamas\u0131n\u0131 ba\u015far\u0131l\u0131 bir \u015fekilde y\u00f6nettik. Hastanemiz b\u00f6yle bir ka\u00e7\u0131rma i\u015flemeni kar\u015f\u0131 haz\u0131r oldu\u011funu g\u00f6sterdi. Bu tatbikat\u0131 her y\u0131l d\u00fczenli olarak ger\u00e7ekle\u015ftiriyoruz. Bu tatbikat\u0131 ba\u015far\u0131l\u0131 \u015fekilde ger\u00e7ekle\u015ftiren arkada\u015flar\u0131m\u0131z\u0131 tebrik ederim\u201d dedi.<\/p>\n","protected":false},"excerpt":{"rendered":"<p>HASTANE \u00c7OCUK KA\u00c7IRMA TATB\u0130KATINI \u0130ZLEYENLER GER\u00c7EK SANDI<\/p>\n","protected":false},"author":1,"featured_media":199310,"comment_status":"closed","ping_status":"open","sticky":false,"template":"","format":"standard","meta":{"jetpack_post_was_ever_published":false,"_jetpack_newsletter_access":"","_jetpack_dont_email_post_to_subs":false,"_jetpack_newsletter_tier_id":0,"_jetpack_memberships_contains_paywalled_content":false,"_jetpack_memberships_contains_paid_content":false,"footnotes":"","jetpack_publicize_message":"","jetpack_publicize_feature_enabled":true,"jetpack_social_post_already_shared":true,"jetpack_social_options":{"image_generator_settings":{"template":"highway","default_image_id":0,"font":"","enabled":false},"version":2}},"categories":[1],"tags":[1008,1871,7219,50108,7015,13009,21129],"class_list":["post-199309","post","type-post","status-publish","format-standard","has-post-thumbnail","hentry","category-genel","tag-cocuk","tag-gercek","tag-hastanede","tag-izleyenler","tag-kacirma","tag-sandi","tag-tatbikatini"],"jetpack_publicize_connections":[],"jetpack_featured_media_url":"https:\/\/i0.wp.com\/www.tvturk.com\/wp-content\/uploads\/2019\/09\/hastanede-cocuk-kacirma-tatbikatini-izleyenler-gercek-sandi_91e0a65.jpg?fit=1000%2C666","jetpack_sharing_enabled":true,"jetpack_shortlink":"https:\/\/wp.me\/paKIfm-PQF","_links":{"self":[{"href":"http:\/\/www.tvturk.com\/index.php\/wp-json\/wp\/v2\/posts\/199309","targetHints":{"allow":["GET"]}}],"collection":[{"href":"http:\/\/www.tvturk.com\/index.php\/wp-json\/wp\/v2\/posts"}],"about":[{"href":"http:\/\/www.tvturk.com\/index.php\/wp-json\/wp\/v2\/types\/post"}],"author":[{"embeddable":true,"href":"http:\/\/www.tvturk.com\/index.php\/wp-json\/wp\/v2\/users\/1"}],"replies":[{"embeddable":true,"href":"http:\/\/www.tvturk.com\/index.php\/wp-json\/wp\/v2\/comments?post=199309"}],"version-history":[{"count":0,"href":"http:\/\/www.tvturk.com\/index.php\/wp-json\/wp\/v2\/posts\/199309\/revisions"}],"wp:featuredmedia":[{"embeddable":true,"href":"http:\/\/www.tvturk.com\/index.php\/wp-json\/wp\/v2\/media\/199310"}],"wp:attachment":[{"href":"http:\/\/www.tvturk.com\/index.php\/wp-json\/wp\/v2\/media?parent=199309"}],"wp:term":[{"taxonomy":"category","embeddable":true,"href":"http:\/\/www.tvturk.com\/index.php\/wp-json\/wp\/v2\/categories?post=199309"},{"taxonomy":"post_tag","embeddable":true,"href":"http:\/\/www.tvturk.com\/index.php\/wp-json\/wp\/v2\/tags?post=199309"}],"curies":[{"name":"wp","href":"https:\/\/api.w.org\/{rel}","templated":true}]}}