{"id":199311,"date":"2019-09-03T15:01:55","date_gmt":"2019-09-03T12:01:55","guid":{"rendered":"http:\/\/www.tvturk.com\/index.php\/unlu-turk-akincisina-vefa\/"},"modified":"2019-09-03T15:01:55","modified_gmt":"2019-09-03T12:01:55","slug":"unlu-turk-akincisina-vefa","status":"publish","type":"post","link":"http:\/\/www.tvturk.com\/index.php\/unlu-turk-akincisina-vefa\/","title":{"rendered":"\u00dcnl\u00fc T\u00fcrk ak\u0131nc\u0131s\u0131na vef\u00e2"},"content":{"rendered":"<p>Osmangazi Belediyesi, hakk\u0131nda bir\u00e7ok eserler yaz\u0131lan ve filmler \u00e7ekilen Osmanl\u0131\u2019n\u0131n ak\u0131nc\u0131 beylerinden Malko\u00e7 Bey\u2019i Bulgaristan\u2019daki t\u00fcrbesi ba\u015f\u0131nda and\u0131.<\/p>\n<p>T\u00fcrkiye Kamu Ba\u015fdenet\u00e7isi \u015eeref Malko\u00e7\u2019un him\u00e2yesinde Osmangazi Belediyesi ve Bulgaristan \u0130slam Birli\u011fi T\u0131rnova M\u00fcft\u00fcl\u00fc\u011f\u00fc i\u015f birli\u011finde  d\u00fczenlenen anma t\u00f6reni, Malko\u00e7 Bey\u2019in Bulgaristan\u2019daki Sevlievo b\u00f6lgesinde yer alan Malko\u00e7ova k\u00f6y\u00fcndeki t\u00fcrbesi ba\u015f\u0131nda ger\u00e7ekle\u015ftirildi. \u00dcnl\u00fc ak\u0131nc\u0131 ailesi Malko\u00e7o\u011fullar\u0131\u2019n\u0131n atas\u0131 olan Malko\u00e7 Bey\u2019i anma program\u0131na T\u00fcrkiye\u2019nin Sofya B\u00fcy\u00fckel\u00e7isi Hasan Ulusoy, T\u00fcrkiye Kamu Ba\u015fdenet\u00e7isi \u015eeref Malko\u00e7, Osmangazi Belediye Ba\u015fkan\u0131 Mustafa D\u00fcndar, Bulgaristan Ba\u015f M\u00fcft\u00fcs\u00fc Mustafa Hac\u0131, belediye meclis \u00fcyeleri ile Haskova ve K\u0131rcaali m\u00fcft\u00fcleri kat\u0131ld\u0131.<\/p>\n<p>T\u00fcrk tarihinin en \u00f6nemli sava\u015f\u00e7\u0131lar\u0131ndan biri olan Malko\u00e7 Bey i\u00e7in ilk olarak Sevlievo Camii\u2019nde mevlid-i \u015ferif okundu. B\u00f6lge halk\u0131n\u0131n ilgi g\u00f6sterdi\u011fi programda, Malko\u00e7 Bey i\u00e7in Kur\u2019an-\u0131 Kerim til\u00e2vet edildi. Mevlidin ard\u0131ndan Malko\u00e7 Bey\u2019in t\u00fcrbesine ge\u00e7ildi. Osmangazi Belediyesi taraf\u0131ndan \u00e7evre d\u00fczenlemesi yap\u0131lan t\u00fcrbe ba\u015f\u0131nda okunan dualar ile \u00fcnl\u00fc ak\u0131nc\u0131 y\u00e2d edildi.<\/p>\n<p>Osmangazi Belediye Ba\u015fkan\u0131 Mustafa D\u00fcndar, Malko\u00e7 Bey\u2019in T\u00fcrk tarihinin en \u00f6nemli sava\u015f\u00e7\u0131lar\u0131ndan biri oldu\u011funa dikkat \u00e7ekerek, \u201cHakk\u0131nda bir\u00e7ok eserler yaz\u0131lan ve filmler \u00e7ekilen Malko\u00e7 Bey\u2019in ad\u0131 t\u00fcm T\u00fcrk halk\u0131 taraf\u0131ndan bilinse de asl\u0131nda bu \u00f6nemli sava\u015f\u00e7\u0131 hakk\u0131nda \u00e7ok az \u015fey biliyoruz. Hakk\u0131nda yap\u0131lm\u0131\u015f filmlerden ad\u0131n\u0131 bildi\u011fimiz Malko\u00e7 Bey hakk\u0131nda daha \u00e7ok bilgi sahibi olmal\u0131y\u0131z. Bu \u00f6nemli \u015fahsiyetin t\u00fcrbesi T\u00fcrk Tarih Kurumu\u2019nun 2003 y\u0131l\u0131nda ba\u015flatt\u0131\u011f\u0131 T\u00fcrk k\u00fclt\u00fcr varl\u0131klar\u0131 envanteri \u00e7al\u0131\u015fmas\u0131 s\u0131ras\u0131nda tes\u00e2d\u00fcfen Bulgaristan\u2019da bulundu. Malko\u00e7 Bey\u2019i dualar ederek and\u0131k. Ecdad\u0131m\u0131z Balkan co\u011frafyas\u0131na ho\u015fg\u00f6r\u00fc ve karde\u015flik i\u00e7erisinde ya\u015fama anlay\u0131\u015f\u0131 getirdiler. Bizler de, yapt\u0131\u011f\u0131m\u0131z \u00e7al\u0131\u015fmalarla bu gelene\u011fi ya\u015fatmak i\u00e7in \u00e7aba g\u00f6steriyoruz\u201d dedi.<\/p>\n","protected":false},"excerpt":{"rendered":"<p>OSMANGAZ\u0130 BELED\u0130YES\u0130, HAKKINDA B\u0130R\u00c7OK ESERLER YAZILAN VE F\u0130LMLER \u00c7EK\u0130LEN OSMANLI\u2019NIN AKINCI BEYLER\u0130NDEN MALKO\u00c7 BEY\u2019\u0130 BULGAR\u0130STAN\u2019DAK\u0130 T\u00dcRBES\u0130 BA\u015eINDA ANDI.<\/p>\n","protected":false},"author":1,"featured_media":199312,"comment_status":"closed","ping_status":"open","sticky":false,"template":"","format":"standard","meta":{"jetpack_post_was_ever_published":false,"_jetpack_newsletter_access":"","_jetpack_dont_email_post_to_subs":false,"_jetpack_newsletter_tier_id":0,"_jetpack_memberships_contains_paywalled_content":false,"_jetpack_memberships_contains_paid_content":false,"footnotes":"","jetpack_publicize_message":"","jetpack_publicize_feature_enabled":true,"jetpack_social_post_already_shared":true,"jetpack_social_options":{"image_generator_settings":{"template":"highway","default_image_id":0,"font":"","enabled":false},"version":2}},"categories":[1],"tags":[50109,957,5590,546],"class_list":["post-199311","post","type-post","status-publish","format-standard","has-post-thumbnail","hentry","category-genel","tag-akincisina","tag-turk","tag-unlu","tag-vefa"],"jetpack_publicize_connections":[],"jetpack_featured_media_url":"https:\/\/i0.wp.com\/www.tvturk.com\/wp-content\/uploads\/2019\/09\/unlu-turk-akincisina-vef_ead94f5.jpg?fit=1000%2C579","jetpack_sharing_enabled":true,"jetpack_shortlink":"https:\/\/wp.me\/paKIfm-PQH","_links":{"self":[{"href":"http:\/\/www.tvturk.com\/index.php\/wp-json\/wp\/v2\/posts\/199311","targetHints":{"allow":["GET"]}}],"collection":[{"href":"http:\/\/www.tvturk.com\/index.php\/wp-json\/wp\/v2\/posts"}],"about":[{"href":"http:\/\/www.tvturk.com\/index.php\/wp-json\/wp\/v2\/types\/post"}],"author":[{"embeddable":true,"href":"http:\/\/www.tvturk.com\/index.php\/wp-json\/wp\/v2\/users\/1"}],"replies":[{"embeddable":true,"href":"http:\/\/www.tvturk.com\/index.php\/wp-json\/wp\/v2\/comments?post=199311"}],"version-history":[{"count":0,"href":"http:\/\/www.tvturk.com\/index.php\/wp-json\/wp\/v2\/posts\/199311\/revisions"}],"wp:featuredmedia":[{"embeddable":true,"href":"http:\/\/www.tvturk.com\/index.php\/wp-json\/wp\/v2\/media\/199312"}],"wp:attachment":[{"href":"http:\/\/www.tvturk.com\/index.php\/wp-json\/wp\/v2\/media?parent=199311"}],"wp:term":[{"taxonomy":"category","embeddable":true,"href":"http:\/\/www.tvturk.com\/index.php\/wp-json\/wp\/v2\/categories?post=199311"},{"taxonomy":"post_tag","embeddable":true,"href":"http:\/\/www.tvturk.com\/index.php\/wp-json\/wp\/v2\/tags?post=199311"}],"curies":[{"name":"wp","href":"https:\/\/api.w.org\/{rel}","templated":true}]}}