{"id":199361,"date":"2019-09-03T16:46:07","date_gmt":"2019-09-03T13:46:07","guid":{"rendered":"http:\/\/www.tvturk.com\/index.php\/birlesik-arap-emirliklerinde-okul-servisi-alev-aldi\/"},"modified":"2019-09-03T16:46:07","modified_gmt":"2019-09-03T13:46:07","slug":"birlesik-arap-emirliklerinde-okul-servisi-alev-aldi","status":"publish","type":"post","link":"http:\/\/www.tvturk.com\/index.php\/birlesik-arap-emirliklerinde-okul-servisi-alev-aldi\/","title":{"rendered":"Birle\u015fik Arap Emirlikleri\u2019nde okul servisi alev ald\u0131"},"content":{"rendered":"<p>Birle\u015fik Arap Emirlikleri\u2019nde 2 ilk\u00f6\u011fretim \u00f6\u011frencisinin bulundu\u011fu bir okul servisinin alev almas\u0131 korku dolu anlar ya\u015fatt\u0131.<\/p>\n<p>Birle\u015fik Arap Emirlikleri\u2019nin Kalba kentinde 2 ilkokul \u00f6\u011frencisinin bulundu\u011fu seyir halindeki okul servisi bilinmeyen bir nedenle alev ald\u0131. Duman\u0131 fark eden servis \u015fof\u00f6r\u00fcn\u00fcn servisteki \u00f6\u011frencileri \u00e7\u0131karmas\u0131 sayesinde \u00f6\u011frencilerin olaydan yara almadan kurtuldu\u011fu belirtildi. Olay yerine gelen itfaiye ekiplerinin yang\u0131na k\u0131sa s\u00fcrede m\u00fcdahale etmesiyle alevlerin \u00e7evredeki evlere s\u0131\u00e7ramas\u0131 engellendi.<\/p>\n","protected":false},"excerpt":{"rendered":"<p>B\u0130RLE\u015e\u0130K ARAP EM\u0130RL\u0130KLER\u0130\u2019NDE 2 \u0130LK\u00d6\u011eRET\u0130M \u00d6\u011eRENC\u0130S\u0130N\u0130N BULUNDU\u011eU B\u0130R OKUL SERV\u0130S\u0130N\u0130N ALEV ALMASI KORKU DOLU ANLAR YA\u015eATTI.<\/p>\n","protected":false},"author":1,"featured_media":199362,"comment_status":"closed","ping_status":"open","sticky":false,"template":"","format":"standard","meta":{"jetpack_post_was_ever_published":false,"_jetpack_newsletter_access":"","_jetpack_dont_email_post_to_subs":false,"_jetpack_newsletter_tier_id":0,"_jetpack_memberships_contains_paywalled_content":false,"_jetpack_memberships_contains_paid_content":false,"footnotes":"","jetpack_publicize_message":"","jetpack_publicize_feature_enabled":true,"jetpack_social_post_already_shared":true,"jetpack_social_options":{"image_generator_settings":{"template":"highway","default_image_id":0,"font":"","enabled":false},"version":2}},"categories":[10],"tags":[1075,3301,9044,30440,50125,120,3188],"class_list":["post-199361","post","type-post","status-publish","format-standard","has-post-thumbnail","hentry","category-dunya","tag-aldi","tag-alev","tag-arap","tag-birlesik","tag-emirliklerinde","tag-okul","tag-servisi"],"jetpack_publicize_connections":[],"jetpack_featured_media_url":"https:\/\/i0.wp.com\/www.tvturk.com\/wp-content\/uploads\/2019\/09\/birlesik-arap-emirliklerinde-okul-servisi-alev-aldi_d761491.jpg?fit=1000%2C575","jetpack_sharing_enabled":true,"jetpack_shortlink":"https:\/\/wp.me\/paKIfm-PRv","_links":{"self":[{"href":"http:\/\/www.tvturk.com\/index.php\/wp-json\/wp\/v2\/posts\/199361","targetHints":{"allow":["GET"]}}],"collection":[{"href":"http:\/\/www.tvturk.com\/index.php\/wp-json\/wp\/v2\/posts"}],"about":[{"href":"http:\/\/www.tvturk.com\/index.php\/wp-json\/wp\/v2\/types\/post"}],"author":[{"embeddable":true,"href":"http:\/\/www.tvturk.com\/index.php\/wp-json\/wp\/v2\/users\/1"}],"replies":[{"embeddable":true,"href":"http:\/\/www.tvturk.com\/index.php\/wp-json\/wp\/v2\/comments?post=199361"}],"version-history":[{"count":0,"href":"http:\/\/www.tvturk.com\/index.php\/wp-json\/wp\/v2\/posts\/199361\/revisions"}],"wp:featuredmedia":[{"embeddable":true,"href":"http:\/\/www.tvturk.com\/index.php\/wp-json\/wp\/v2\/media\/199362"}],"wp:attachment":[{"href":"http:\/\/www.tvturk.com\/index.php\/wp-json\/wp\/v2\/media?parent=199361"}],"wp:term":[{"taxonomy":"category","embeddable":true,"href":"http:\/\/www.tvturk.com\/index.php\/wp-json\/wp\/v2\/categories?post=199361"},{"taxonomy":"post_tag","embeddable":true,"href":"http:\/\/www.tvturk.com\/index.php\/wp-json\/wp\/v2\/tags?post=199361"}],"curies":[{"name":"wp","href":"https:\/\/api.w.org\/{rel}","templated":true}]}}