{"id":199377,"date":"2019-09-03T17:02:44","date_gmt":"2019-09-03T14:02:44","guid":{"rendered":"http:\/\/www.tvturk.com\/index.php\/makedonya-ravodisteki-yoruk-festivali-renkli-gecti\/"},"modified":"2019-09-03T17:02:44","modified_gmt":"2019-09-03T14:02:44","slug":"makedonya-ravodisteki-yoruk-festivali-renkli-gecti","status":"publish","type":"post","link":"http:\/\/www.tvturk.com\/index.php\/makedonya-ravodisteki-yoruk-festivali-renkli-gecti\/","title":{"rendered":"Makedonya Ravodi\u015f\u2019teki Y\u00f6r\u00fck Festivali renkli ge\u00e7ti"},"content":{"rendered":"<p>Kuzey Makedonya Cumhuriyeti\u2019nde 2004 y\u0131l\u0131nda Y\u00f6r\u00fck T\u00fcrkleri\u2019nin her t\u00fcrl\u00fc ihtiya\u00e7lar\u0131n\u0131 g\u00f6rmek ve kar\u015f\u0131lamak \u00fczere kurulan Do\u011fu Makedonya T\u00fcrkleri Derne\u011fi birlik ve beraberlik ad\u0131na \u00f6nemli \u00e7al\u0131\u015fmalara imza at\u0131yor.<\/p>\n<p>Kuzey Makedonya Cumhuriyeti\u2019nin Radovi\u015f \u015fehrine ba\u011fl\u0131 T\u00fcrk k\u00f6y\u00fc Topolnisa\u2019da d\u00fczenlenen \u015fenli\u011fe yurt i\u00e7i ve yurt d\u0131\u015f\u0131ndan bir\u00e7ok davetli kat\u0131ld\u0131. G\u00fcn boyu d\u00fczenlenen etkinlikte yar\u0131\u015fmalar ve ata sporu g\u00fcre\u015f m\u00fcsabakalar\u0131 ilgiyle izlendi. Festivale Rodovi\u015f Belediye Ba\u015fkan\u0131 Gerasim Konzulov, Jupa Belediye Ba\u015fkan\u0131 \u0130brahim Ariyan, Kuzey Makedonya Milletvekili Yusuf Hasan, eski bakan Hadi Nezir, Radovi\u015f Belediye Meclis \u00dcyesi Enis \u00d6mer kat\u0131ld\u0131. Rodovi\u015f ve \u00e7evre \u015fehirlerden de festivali izlemeye gelenler  etkinlikten memnuniyetlerini dile getirdi.<\/p>\n<p>Dernek Ba\u015fkan\u0131 Enver H\u00fcseyin, yapt\u0131\u011f\u0131 a\u00e7\u0131klamada, &#8220;Amac\u0131m\u0131z birlik ve beraberlik duygular\u0131m\u0131z\u0131n daha da peki\u015fmesi ve k\u00fclt\u00fcr\u00fcm\u00fcz\u00fc yeni nesillere aktarabilmek. Bu festival Y\u00f6r\u00fck k\u00f6ylerimiz Bu\u00e7im, Topolnisa, Aliko\u00e7, Ko\u00e7ali, P\u0131rnal\u0131, S\u00fcp\u00fcrge ve Kulavuzlu\u2019nun yani bu \u015fenlik hepimizin&#8221; dedi.<\/p>\n<p>\u00c7e\u015fitli halk oyunu ekiplerinin g\u00f6sterilerinin sonras\u0131nda Bahri Bend ekibi de orkestras\u0131yla g\u00fczel bir performans sergiledi.<\/p>\n<p>Etkinli\u011fe T\u00fcrkiye\u2019den kat\u0131lan Kas\u0131m Alper \u00d6zdemir ise g\u00fcn boyu sunumlar\u0131 ve \u015fiirleri ile festivale ayr\u0131 bir renk katt\u0131. \u00c7ocuklarla birlikte \u015fiirler okuyan \u00d6zdemir, &#8220;Ezan okunan camilerimiz, kendi insan\u0131m\u0131z, ecdad yadigar\u0131 ile burada bulu\u015fmak benim i\u00e7in \u00e7ok k\u0131ymetli. Rabbim bu birli\u011fi beraberli\u011fi daim eylesin&#8221; diyerek, davet i\u00e7in komiteye te\u015fekk\u00fcr etti.<\/p>\n","protected":false},"excerpt":{"rendered":"<p>KUZEY MAKEDONYA CUMHUR\u0130YET\u0130&#8217;N\u0130N RADOV\u0130\u015e \u015eEHR\u0130NE BA\u011eLI T\u00dcRK K\u00d6Y\u00dc TOPOLN\u0130SA&#8217;DA Y\u00d6R\u00dcK FEST\u0130VAL\u0130 D\u00dcZENLEND\u0130<\/p>\n","protected":false},"author":1,"featured_media":199378,"comment_status":"closed","ping_status":"open","sticky":false,"template":"","format":"standard","meta":{"jetpack_post_was_ever_published":false,"_jetpack_newsletter_access":"","_jetpack_dont_email_post_to_subs":false,"_jetpack_newsletter_tier_id":0,"_jetpack_memberships_contains_paywalled_content":false,"_jetpack_memberships_contains_paid_content":false,"footnotes":"","jetpack_publicize_message":"","jetpack_publicize_feature_enabled":true,"jetpack_social_post_already_shared":true,"jetpack_social_options":{"image_generator_settings":{"template":"highway","default_image_id":0,"font":"","enabled":false},"version":2}},"categories":[656],"tags":[3400,1512,2313,50132,4128,16676],"class_list":["post-199377","post","type-post","status-publish","format-standard","has-post-thumbnail","hentry","category-kultur-sanat","tag-festivali","tag-gecti","tag-makedonya","tag-ravodisteki","tag-renkli","tag-yoruk"],"jetpack_publicize_connections":[],"jetpack_featured_media_url":"https:\/\/i0.wp.com\/www.tvturk.com\/wp-content\/uploads\/2019\/09\/makedonya-ravodisteki-yoruk-festivali-renkli-gecti_1915a81.jpg?fit=1000%2C750","jetpack_sharing_enabled":true,"jetpack_shortlink":"https:\/\/wp.me\/paKIfm-PRL","_links":{"self":[{"href":"http:\/\/www.tvturk.com\/index.php\/wp-json\/wp\/v2\/posts\/199377","targetHints":{"allow":["GET"]}}],"collection":[{"href":"http:\/\/www.tvturk.com\/index.php\/wp-json\/wp\/v2\/posts"}],"about":[{"href":"http:\/\/www.tvturk.com\/index.php\/wp-json\/wp\/v2\/types\/post"}],"author":[{"embeddable":true,"href":"http:\/\/www.tvturk.com\/index.php\/wp-json\/wp\/v2\/users\/1"}],"replies":[{"embeddable":true,"href":"http:\/\/www.tvturk.com\/index.php\/wp-json\/wp\/v2\/comments?post=199377"}],"version-history":[{"count":0,"href":"http:\/\/www.tvturk.com\/index.php\/wp-json\/wp\/v2\/posts\/199377\/revisions"}],"wp:featuredmedia":[{"embeddable":true,"href":"http:\/\/www.tvturk.com\/index.php\/wp-json\/wp\/v2\/media\/199378"}],"wp:attachment":[{"href":"http:\/\/www.tvturk.com\/index.php\/wp-json\/wp\/v2\/media?parent=199377"}],"wp:term":[{"taxonomy":"category","embeddable":true,"href":"http:\/\/www.tvturk.com\/index.php\/wp-json\/wp\/v2\/categories?post=199377"},{"taxonomy":"post_tag","embeddable":true,"href":"http:\/\/www.tvturk.com\/index.php\/wp-json\/wp\/v2\/tags?post=199377"}],"curies":[{"name":"wp","href":"https:\/\/api.w.org\/{rel}","templated":true}]}}