{"id":199387,"date":"2019-09-03T17:16:40","date_gmt":"2019-09-03T14:16:40","guid":{"rendered":"http:\/\/www.tvturk.com\/index.php\/hdp-binasi-onundeki-eyleme-katilan-aile-sayisi-3e-yukseldi\/"},"modified":"2019-09-03T17:16:40","modified_gmt":"2019-09-03T14:16:40","slug":"hdp-binasi-onundeki-eyleme-katilan-aile-sayisi-3e-yukseldi","status":"publish","type":"post","link":"http:\/\/www.tvturk.com\/index.php\/hdp-binasi-onundeki-eyleme-katilan-aile-sayisi-3e-yukseldi\/","title":{"rendered":"HDP binas\u0131 \u00f6n\u00fcndeki eyleme kat\u0131lan aile say\u0131s\u0131 3\u2019e y\u00fckseldi"},"content":{"rendered":"<p>\u00c7ocuklar\u0131n\u0131n ter\u00f6r \u00f6rg\u00fct\u00fcn\u00fcn elinden kurtar\u0131lmas\u0131 i\u00e7in HDP Diyarbak\u0131r \u0130l Ba\u015fkanl\u0131\u011f\u0131 \u00f6n\u00fcnde oturma eylemi ger\u00e7ekle\u015ftiren ailelerin say\u0131s\u0131 3\u2019e y\u00fckseldi.<\/p>\n<p>Sabah saatlerinde HDP Diyarbak\u0131r \u0130l Ba\u015fkanl\u0131\u011f\u0131 \u00f6n\u00fcne gelen \u015eahap ve Fevziye \u00c7etinkaya,  17 ya\u015f\u0131ndaki \u00e7ocuklar\u0131 S\u00fcleyman \u00c7etinkaya\u2019dan ge\u00e7ti\u011fimiz cuma g\u00fcn\u00fcnden beri haber alamad\u0131. Emniyete ba\u015fvuran aile, \u00e7ocuklar\u0131n\u0131n ter\u00f6r \u00f6rg\u00fct\u00fc mensuplar\u0131 taraf\u0131ndan da\u011fa ka\u00e7\u0131r\u0131ld\u0131\u011f\u0131 iddias\u0131 ile HDP Diyarbak\u0131r \u0130l Ba\u015fkanl\u0131\u011f\u0131 \u00f6n\u00fcnde oturma eylemi ba\u015flatt\u0131. \u015eahap ve Fevziye \u00c7etinkaya \u00e7iftinin oturma eylemini g\u00f6ren ve \u00e7ocu\u011fu 4 y\u0131l \u00f6nce 10 ya\u015f\u0131ndayken ka\u00e7\u0131r\u0131lan Remziye Akkoyun da parti binas\u0131 \u00f6n\u00fcne gelerek aileye destek verip eyleme kat\u0131ld\u0131. 4 y\u0131l \u00f6nce \u00e7ocu\u011funun da\u011fa ka\u00e7\u0131r\u0131ld\u0131\u011f\u0131n\u0131 savunan Remziye Akkoyun, \u00e7ocu\u011fu getirilene kadar eylemine devam edece\u011fini s\u00f6yledi.<\/p>\n<p>\u201cYa \u00f6l\u00fcs\u00fcyle ya dirisiyle evlatlar\u0131m\u0131z\u0131 istiyoruz\u201d<\/p>\n<p>Ailelerin taleplerini g\u00f6rerek cesaretlenen Ay\u015feg\u00fcl Bi\u00e7er de 10 ay \u00f6nce da\u011fa ka\u00e7\u0131r\u0131ld\u0131\u011f\u0131 iddia edilen o\u011flu Mustafa Bi\u00e7er i\u00e7in oturma eylemine kat\u0131ld\u0131. Di\u011fer aileleri g\u00f6r\u00fcp kendisinin de oturma eylemi ba\u015flatmas\u0131yla birlikte HDP Diyarbak\u0131r \u0130l Ba\u015fkanl\u0131\u011f\u0131 \u00f6n\u00fcnde oturma eylemine kat\u0131lan aile say\u0131s\u0131 3\u2019e y\u00fckseldi.<\/p>\n<p>\u00c7ocu\u011funun ka\u00e7\u0131r\u0131lmas\u0131 ile ilgili konu\u015fan ac\u0131l\u0131 anne Ay\u015feg\u00fcl Bi\u00e7er, 17 kas\u0131m 2018 Cumartesi sabah saat 06.00 sular\u0131nda o\u011flunun evden \u00e7\u0131kt\u0131\u011f\u0131n\u0131, iki g\u00fcn sonra 19 kas\u0131mda ak\u015fam saatlerinde ise kendilerini arad\u0131\u011f\u0131n\u0131 s\u00f6yledi. Anne Bi\u00e7er, \u201cBizi arad\u0131\u011f\u0131nda YPG ile oldu\u011fu s\u00f6ylendi, oradakilerle konu\u015ftuk. Kesinlikle ben o\u011flumu onlara b\u0131rakmayaca\u011f\u0131m, m\u00fccadele ediyorum ve etmeye de devam edece\u011fim.  Yakla\u015f\u0131k 10 ay\u0131 bitirdik 11. Ayday\u0131z, ne ses var ne de seda. Kendi evimizde oturamaz hale geldik. Yedi\u011fimiz yemekten tat alamaz hale geldik. Ben hastay\u0131m, o\u011flum bunu biliyordu, kanser hastas\u0131y\u0131m, 3 y\u0131ld\u0131r m\u00fccadele ediyorum. O\u011flumu niye benden ald\u0131lar tek bir o\u011flum vard\u0131. Fakirlikle b\u00fcy\u00fctt\u00fc\u011f\u00fcm\u00fcz evlatlar\u0131m\u0131z\u0131 neden y\u00fcre\u011fimizden kopar\u0131p g\u00f6t\u00fcr\u00fcyorlar. Ben sonuna kadar burada oturaca\u011f\u0131m, kesinlikle kendi m\u00fccadelemin pe\u015fini b\u0131rakmayaca\u011f\u0131m. Varsa ba\u015fka annelere sesleniyorum, gelin hep beraber oturup bu m\u00fccadeleyi devam ettirelim. Ya \u00f6l\u00fcs\u00fcyle ya dirisiyle evlatlar\u0131m\u0131z\u0131 istiyoruz. Kesinlikle buradan kalkmayaca\u011f\u0131z, olum 17 ya\u015f\u0131na girdi. HDP\u2019lilerin instagram \u00fczerindeki yetkililerinin yaz\u0131\u015fmalar\u0131 var. Bu bir iddia de\u011fildir, kesin ve kesin benim \u00e7ocu\u011fum HDP\u2019liler ile gitmi\u015ftir. M\u00fccadele ediyorum, durmak yok yola devam. Devlet ne t\u00fcr biz zul\u00fcm etmi\u015f ki bizim evlatlar\u0131m\u0131z da\u011fa \u00e7\u0131k\u0131p devlete kar\u015f\u0131 m\u00fccadele ediyor. K\u00fcrt\u2019\u00fcz kim bizim K\u00fcrtl\u00fc\u011f\u00fcm\u00fcze kar\u0131\u015fm\u0131\u015f. En son 19 Kas\u0131m 2018\u2019de g\u00f6r\u00fc\u015fme yapt\u0131k, kay\u0131tlar\u0131n hepsi mevcut. O\u011flumu b\u0131rakm\u0131yorum. O\u011flum Suriye taraf\u0131nda e\u011fitim kamplar\u0131na kadar oldu\u011funu biliyorum. O\u011flumun ila\u00e7larla akl\u0131n\u0131 ba\u015f\u0131ndan ald\u0131lar, kand\u0131rd\u0131lar. HDP\u2019lilere sesleniyorum ne K\u00fcrtl\u00fck davas\u0131, hi\u00e7 kimse bana kar\u0131\u015fmam\u0131\u015f, bug\u00fcne kadar devlet zul\u00fcm yapmam\u0131\u015f bu neyin davas\u0131d\u0131r da\u011fa \u00e7\u0131k\u0131p sava\u015f\u0131yorlar. \u00c7oluk \u00e7ocu\u011fumuzu bizden kopar\u0131yorlar. Neyin davas\u0131d\u0131r bize s\u00f6yleyin biz de sizin pe\u015finizden ko\u015fal\u0131m. M\u00fccadele ediyorum sonuna kadar b\u0131rakm\u0131yorum. Rabbimin verdi\u011fi bir cand\u0131r gelsin als\u0131n\u201d dedi.<\/p>\n<p>HDP \u2018kepenk\u2019 kapatt\u0131<\/p>\n<p>\u00d6te yandan HDP Diyarbak\u0131r \u0130l Ba\u015fkanl\u0131\u011f\u0131 \u00f6n\u00fcnde eylem yapan aileler ile parti y\u00f6neticileri aras\u0131nda k\u0131sa s\u00fcreli gerginlikler ya\u015fand\u0131. Bu gerginlikler sonras\u0131 HDP Diyarbak\u0131r \u0130l Ba\u015fkanl\u0131\u011f\u0131 y\u00f6neticileri, parti binas\u0131ndaki kepengi indirdi. Yakla\u015f\u0131k bir saat boyunca kepenk kapal\u0131 kal\u0131rken, y\u00f6neticiler daha sonra kepengi tekrar a\u00e7t\u0131.<\/p>\n<p>Ailelerin parti binas\u0131 \u00f6n\u00fcndeki eylemleri s\u00fcr\u00fcyor.<\/p>\n","protected":false},"excerpt":{"rendered":"<p>A\u0130LELER\u0130N TALEPLER\u0130N\u0130 G\u00d6REREK CESARETLENEN AY\u015eEG\u00dcL B\u0130\u00c7ER DE, 10 AY \u00d6NCE DA\u011eA KA\u00c7IRILDI\u011eI \u0130DD\u0130A ED\u0130LEN O\u011eLU MUSTAFA B\u0130\u00c7ER \u0130\u00c7\u0130N OTURMA EYLEM\u0130NE KATILDI. D\u0130\u011eER A\u0130LELER\u0130 G\u00d6R\u00dcP KEND\u0130S\u0130N\u0130N DE OTURMA EYLEM\u0130 BA\u015eLATMASI \u0130LE B\u0130RL\u0130KTE HDP D\u0130YARBAKIR \u0130L BA\u015eKANLI\u011eI \u00d6N\u00dcNDE OTURMA EYLEM\u0130NE KATILAN A\u0130LE SAYISI 3\u2019E Y\u00dcKSELD\u0130.<\/p>\n","protected":false},"author":1,"featured_media":199388,"comment_status":"closed","ping_status":"open","sticky":false,"template":"","format":"standard","meta":{"jetpack_post_was_ever_published":false,"_jetpack_newsletter_access":"","_jetpack_dont_email_post_to_subs":false,"_jetpack_newsletter_tier_id":0,"_jetpack_memberships_contains_paywalled_content":false,"_jetpack_memberships_contains_paid_content":false,"footnotes":"","jetpack_publicize_message":"","jetpack_publicize_feature_enabled":true,"jetpack_social_post_already_shared":true,"jetpack_social_options":{"image_generator_settings":{"template":"highway","default_image_id":0,"font":"","enabled":false},"version":2}},"categories":[1],"tags":[15454,3014,399,22354,3328,7701,2135,611,1681],"class_list":["post-199387","post","type-post","status-publish","format-standard","has-post-thumbnail","hentry","category-genel","tag-3e","tag-aile","tag-binasi","tag-eyleme","tag-hdp","tag-katilan","tag-onundeki","tag-sayisi","tag-yukseldi"],"jetpack_publicize_connections":[],"jetpack_featured_media_url":"https:\/\/i0.wp.com\/www.tvturk.com\/wp-content\/uploads\/2019\/09\/hdp-binasi-onundeki-eyleme-katilan-aile-sayisi-3e-yukseldi_f66ddb7.jpg?fit=1000%2C750","jetpack_sharing_enabled":true,"jetpack_shortlink":"https:\/\/wp.me\/paKIfm-PRV","_links":{"self":[{"href":"http:\/\/www.tvturk.com\/index.php\/wp-json\/wp\/v2\/posts\/199387","targetHints":{"allow":["GET"]}}],"collection":[{"href":"http:\/\/www.tvturk.com\/index.php\/wp-json\/wp\/v2\/posts"}],"about":[{"href":"http:\/\/www.tvturk.com\/index.php\/wp-json\/wp\/v2\/types\/post"}],"author":[{"embeddable":true,"href":"http:\/\/www.tvturk.com\/index.php\/wp-json\/wp\/v2\/users\/1"}],"replies":[{"embeddable":true,"href":"http:\/\/www.tvturk.com\/index.php\/wp-json\/wp\/v2\/comments?post=199387"}],"version-history":[{"count":0,"href":"http:\/\/www.tvturk.com\/index.php\/wp-json\/wp\/v2\/posts\/199387\/revisions"}],"wp:featuredmedia":[{"embeddable":true,"href":"http:\/\/www.tvturk.com\/index.php\/wp-json\/wp\/v2\/media\/199388"}],"wp:attachment":[{"href":"http:\/\/www.tvturk.com\/index.php\/wp-json\/wp\/v2\/media?parent=199387"}],"wp:term":[{"taxonomy":"category","embeddable":true,"href":"http:\/\/www.tvturk.com\/index.php\/wp-json\/wp\/v2\/categories?post=199387"},{"taxonomy":"post_tag","embeddable":true,"href":"http:\/\/www.tvturk.com\/index.php\/wp-json\/wp\/v2\/tags?post=199387"}],"curies":[{"name":"wp","href":"https:\/\/api.w.org\/{rel}","templated":true}]}}