{"id":199391,"date":"2019-09-03T17:17:22","date_gmt":"2019-09-03T14:17:22","guid":{"rendered":"http:\/\/www.tvturk.com\/index.php\/sezaryen-sonrasi-normal-dogumla-ikinci-kez-anne-oldu\/"},"modified":"2019-09-03T17:17:22","modified_gmt":"2019-09-03T14:17:22","slug":"sezaryen-sonrasi-normal-dogumla-ikinci-kez-anne-oldu","status":"publish","type":"post","link":"http:\/\/www.tvturk.com\/index.php\/sezaryen-sonrasi-normal-dogumla-ikinci-kez-anne-oldu\/","title":{"rendered":"Sezaryen sonras\u0131 normal do\u011fumla ikinci kez anne oldu"},"content":{"rendered":"<p>Mardin\u2019de ya\u015fayan Nazl\u0131 \u00d6zerdem, ilk bebe\u011fini sezaryen ile d\u00fcnyaya getirdi. \u0130kinci bebe\u011finin gebeli\u011finde bu kez normal do\u011fum yapmak isteyen ancak sezaryen sonras\u0131 normal do\u011fumun baz\u0131 risklerinin bulundu\u011funu \u00f6\u011frenen \u00d6zerdem, Memorial Diyarbak\u0131r Hastanesi Kad\u0131n Hastal\u0131klar\u0131 ve Do\u011fum B\u00f6l\u00fcm\u00fc\u2019ne ba\u015fvurdu ve burada normal do\u011fumunu sa\u011fl\u0131kl\u0131 bir \u015fekilde ger\u00e7ekle\u015ftirerek ikinci kez anne olman\u0131n mutlulu\u011funu ya\u015fad\u0131.<\/p>\n<p>Nazl\u0131 \u00d6zerdem ilk do\u011fumunu sezaryen ile ger\u00e7ekle\u015ftirdi. \u00d6zerdem, aradan ge\u00e7en 3 y\u0131l\u0131n ard\u0131ndan ikinci kez anne olma heyecan\u0131 ile gebeli\u011finin son aylar\u0131na geldi\u011finde normal do\u011fum yapmak istedi\u011fine karar verdi, ancak sezaryen sonras\u0131 bunun da baz\u0131 riskleri oldu\u011funu \u00f6\u011frendi. Sezaryen sonras\u0131 normal do\u011fum hakk\u0131nda ara\u015ft\u0131rma yapan \u00d6zerdem, Memorial Diyarbak\u0131r Hastanesi Kad\u0131n Hastal\u0131klar\u0131 ve Do\u011fum B\u00f6l\u00fcm\u00fc\u2019nden Op. Dr. Neval Yaman G\u00f6r\u00fck\u2019e ula\u015ft\u0131. Ger\u00e7ekle\u015ftirilen kontrollerinde, normal do\u011fum yapabilece\u011fi s\u00f6ylendi.<\/p>\n<p>&#8220;Epidural anestezi ile normal do\u011fum&#8221;<\/p>\n<p>Op. Dr. Neval Yaman G\u00f6r\u00fck, g\u00f6r\u00fcnt\u00fclemede bebe\u011fin \u00f6l\u00e7\u00fcmlerinin haftas\u0131 ile uyumlu ve pozisyonunun da normal oldu\u011funu g\u00f6rd\u00fckten sonra 39\u2019uncu haftada do\u011fumu ba\u015flam\u0131\u015f olan hastan\u0131n yat\u0131\u015f\u0131n\u0131n yap\u0131ld\u0131\u011f\u0131n\u0131 s\u00f6yledi. Do\u011fum \u00f6ncesi gerekli t\u00fcm \u015fartlar\u0131 sa\u011flad\u0131ktan sonra bebe\u011fin durumunun takip edildi\u011finin alt\u0131n\u0131 \u00e7izen Op. Dr. Yaman, &#8220;Her \u015fey normal seyrinde gidiyordu. Kas\u0131lmalar\u0131 artan Nazl\u0131 \u00d6zdemir\u2019e, normal do\u011fum \u015fans\u0131n\u0131 art\u0131rmak i\u00e7in epidural anestezi gereklili\u011fini anlatt\u0131k. Anestezi uzman\u0131m\u0131z Dr. Civan Tiryaki, epidural anestezi \u00f6ncesi anneyi ve e\u015fini detayl\u0131 bilgilendirerek tedaviye ba\u015flad\u0131. Kas\u0131lmalar\u0131 a\u011fr\u0131 \u015feklinde hissetmeyen anne i\u00e7in olduk\u00e7a konforlu bir normal do\u011fum ger\u00e7ekle\u015fti\u201d dedi.<\/p>\n<p>&#8220;Bebe\u011fimi sa\u011fl\u0131kl\u0131 bir \u015fekilde d\u00fcnyaya getirdim&#8221;<\/p>\n<p>Normal do\u011fumdan sonra bebe\u011fini sa\u011fl\u0131kl\u0131 bir \u015fekilde kuca\u011f\u0131na alan Nazl\u0131 \u00d6zerdem, &#8220;\u0130lk bebe\u011fimi sezaryen ile d\u00fcnyaya getirmi\u015ftim. \u0130kinci bebe\u011fimi normal do\u011fum ile d\u00fcnyaya getirmek istedim. E\u015fimin de deste\u011fiyle Op. Dr. Neval Yaman G\u00f6r\u00fck\u2019e ula\u015ft\u0131k. Daha \u00f6nce sezaryen sonras\u0131 normal do\u011fum yapan hastalar\u0131n\u0131n oldu\u011funu \u00f6\u011frenmi\u015ftim. Sa\u011fl\u0131kl\u0131 bir k\u0131z bebek d\u00fcnyaya getirdim. \u00c7ok mutluyum ve bu s\u00fcre\u00e7te yan\u0131mda olan doktorlar\u0131ma \u00e7ok te\u015fekk\u00fcr ederim\u201d diye konu\u015ftu.<\/p>\n","protected":false},"excerpt":{"rendered":"<p>MARD\u0130N\u2019DE YA\u015eAYAN NAZLI \u00d6ZERDEM, \u0130LK BEBE\u011e\u0130N\u0130 SEZARYEN \u0130LE D\u00dcNYAYA GET\u0130RD\u0130. \u0130K\u0130NC\u0130 BEBE\u011e\u0130N\u0130N GEBEL\u0130\u011e\u0130NDE BU KEZ NORMAL DO\u011eUM YAPMAK \u0130STEYEN ANCAK SEZARYEN SONRASI NORMAL DO\u011eUMUN BAZI R\u0130SKLER\u0130N\u0130N BULUNDU\u011eUNU \u00d6\u011eRENEN \u00d6ZERDEM, MEMOR\u0130AL D\u0130YARBAKIR HASTANES\u0130 KADIN HASTALIKLARI VE DO\u011eUM B\u00d6L\u00dcM\u00dc\u2019NE BA\u015eVURDU VE BURADA NORMAL DO\u011eUMUNU SA\u011eLIKLI B\u0130R \u015eEK\u0130LDE GER\u00c7EKLE\u015eT\u0130REREK \u0130K\u0130NC\u0130 KEZ ANNE OLMANIN MUTLULU\u011eUNU YA\u015eADI.<\/p>\n","protected":false},"author":1,"featured_media":199392,"comment_status":"closed","ping_status":"open","sticky":false,"template":"","format":"standard","meta":{"jetpack_post_was_ever_published":false,"_jetpack_newsletter_access":"","_jetpack_dont_email_post_to_subs":false,"_jetpack_newsletter_tier_id":0,"_jetpack_memberships_contains_paywalled_content":false,"_jetpack_memberships_contains_paid_content":false,"footnotes":"","jetpack_publicize_message":"","jetpack_publicize_feature_enabled":true,"jetpack_social_post_already_shared":true,"jetpack_social_options":{"image_generator_settings":{"template":"highway","default_image_id":0,"font":"","enabled":false},"version":2}},"categories":[1],"tags":[28165,5582,50134,2087,1497,12426,77,36],"class_list":["post-199391","post","type-post","status-publish","format-standard","has-post-thumbnail","hentry","category-genel","tag-sezaryen","tag-anne","tag-dogumla","tag-ikinci","tag-kez","tag-normal","tag-oldu","tag-sonrasi"],"jetpack_publicize_connections":[],"jetpack_featured_media_url":"https:\/\/i0.wp.com\/www.tvturk.com\/wp-content\/uploads\/2019\/09\/sezaryen-sonrasi-normal-dogumla-ikinci-kez-anne-oldu_2543b53.jpg?fit=1000%2C915","jetpack_sharing_enabled":true,"jetpack_shortlink":"https:\/\/wp.me\/paKIfm-PRZ","_links":{"self":[{"href":"http:\/\/www.tvturk.com\/index.php\/wp-json\/wp\/v2\/posts\/199391","targetHints":{"allow":["GET"]}}],"collection":[{"href":"http:\/\/www.tvturk.com\/index.php\/wp-json\/wp\/v2\/posts"}],"about":[{"href":"http:\/\/www.tvturk.com\/index.php\/wp-json\/wp\/v2\/types\/post"}],"author":[{"embeddable":true,"href":"http:\/\/www.tvturk.com\/index.php\/wp-json\/wp\/v2\/users\/1"}],"replies":[{"embeddable":true,"href":"http:\/\/www.tvturk.com\/index.php\/wp-json\/wp\/v2\/comments?post=199391"}],"version-history":[{"count":0,"href":"http:\/\/www.tvturk.com\/index.php\/wp-json\/wp\/v2\/posts\/199391\/revisions"}],"wp:featuredmedia":[{"embeddable":true,"href":"http:\/\/www.tvturk.com\/index.php\/wp-json\/wp\/v2\/media\/199392"}],"wp:attachment":[{"href":"http:\/\/www.tvturk.com\/index.php\/wp-json\/wp\/v2\/media?parent=199391"}],"wp:term":[{"taxonomy":"category","embeddable":true,"href":"http:\/\/www.tvturk.com\/index.php\/wp-json\/wp\/v2\/categories?post=199391"},{"taxonomy":"post_tag","embeddable":true,"href":"http:\/\/www.tvturk.com\/index.php\/wp-json\/wp\/v2\/tags?post=199391"}],"curies":[{"name":"wp","href":"https:\/\/api.w.org\/{rel}","templated":true}]}}