{"id":199413,"date":"2019-09-03T18:16:31","date_gmt":"2019-09-03T15:16:31","guid":{"rendered":"http:\/\/www.tvturk.com\/index.php\/esi-tarafindan-oldurulen-5-cocuk-annesi-kadin-son-yolculuguna-ugurlandi\/"},"modified":"2019-09-03T18:16:31","modified_gmt":"2019-09-03T15:16:31","slug":"esi-tarafindan-oldurulen-5-cocuk-annesi-kadin-son-yolculuguna-ugurlandi","status":"publish","type":"post","link":"http:\/\/www.tvturk.com\/index.php\/esi-tarafindan-oldurulen-5-cocuk-annesi-kadin-son-yolculuguna-ugurlandi\/","title":{"rendered":"E\u015fi taraf\u0131ndan \u00f6ld\u00fcr\u00fclen 5 \u00e7ocuk annesi kad\u0131n son yolculu\u011funa u\u011furland\u0131"},"content":{"rendered":"<p>Ni\u011fde\u2019de bo\u015fanma a\u015famas\u0131ndaki e\u015fi taraf\u0131ndan \u00f6ld\u00fcr\u00fclen 5 \u00e7ocuk annesi Sibel \u00c7etinel g\u00f6zya\u015flar\u0131 aras\u0131nda tora\u011fa verildi.<\/p>\n<p>Bo\u015fanma a\u015famas\u0131ndaki e\u015fi taraf\u0131ndan \u00f6ld\u00fcr\u00fclen 5 \u00e7ocuk annesi Sibel \u00c7etinel i\u00e7in ikindi namaz\u0131 m\u00fcteakip Fatih Sultan Mehmet Caminde cenaze namaz\u0131 k\u0131l\u0131nd\u0131. Cenaze namaz\u0131na AK Parti Ni\u011fde Milletvekili Selim G\u00fcltekin, Aile ve Sosyal Hizmetler \u0130l M\u00fcd\u00fcr\u00fc Harun Koca, Sibel \u00c7etinel\u2019in akrabalar\u0131, \u00e7ocuklar\u0131 ve vatanda\u015flar kat\u0131ld\u0131. 11 ya\u015f\u0131ndaki o\u011flu ve 8 ya\u015f\u0131ndaki k\u0131z\u0131n\u0131n da kat\u0131ld\u0131\u011f\u0131 Cenaze Namaz\u0131n\u0131 k\u0131ld\u0131ran Ni\u011fde \u0130l M\u00fcft\u00fcs\u00fc Mehmet S\u0131rr\u0131 \u015e\u0131k, \u201cPeygamber Efendimizin emanet b\u0131rakt\u0131\u011f\u0131 emanetine sahip \u00e7\u0131kamaman\u0131n \u0131st\u0131rab\u0131n\u0131 ya\u015f\u0131yoruz. Bu toplumsal sorun \u00fczerinde herkesin kayg\u0131yla d\u00fc\u015f\u00fcnmesi gerekiyor\u201d dedi.<\/p>\n<p>K\u0131l\u0131nan cenaze namaz\u0131n\u0131n ard\u0131ndan Sibel \u00c7etinel Ni\u011fde Derbent Mezarl\u0131\u011f\u0131na defnedildi.<\/p>\n","protected":false},"excerpt":{"rendered":"<p>N\u0130\u011eDE\u2019DE BO\u015eANMA A\u015eAMASINDAK\u0130 E\u015e\u0130 TARAFINDAN \u00d6LD\u00dcR\u00dcLEN S\u0130BEL \u00c7ET\u0130NEL G\u00d6ZYA\u015eLARI ARASINDA TORA\u011eA VER\u0130LD\u0130<\/p>\n","protected":false},"author":1,"featured_media":199414,"comment_status":"closed","ping_status":"open","sticky":false,"template":"","format":"standard","meta":{"jetpack_post_was_ever_published":false,"_jetpack_newsletter_access":"","_jetpack_dont_email_post_to_subs":false,"_jetpack_newsletter_tier_id":0,"_jetpack_memberships_contains_paywalled_content":false,"_jetpack_memberships_contains_paid_content":false,"footnotes":"","jetpack_publicize_message":"","jetpack_publicize_feature_enabled":true,"jetpack_social_post_already_shared":true,"jetpack_social_options":{"image_generator_settings":{"template":"highway","default_image_id":0,"font":"","enabled":false},"version":2}},"categories":[1],"tags":[5282,1008,4703,108,6246,1240,765,2516,2515],"class_list":["post-199413","post","type-post","status-publish","format-standard","has-post-thumbnail","hentry","category-genel","tag-annesi","tag-cocuk","tag-esi","tag-kadin","tag-oldurulen","tag-son","tag-tarafindan","tag-ugurlandi","tag-yolculuguna"],"jetpack_publicize_connections":[],"jetpack_featured_media_url":"https:\/\/i0.wp.com\/www.tvturk.com\/wp-content\/uploads\/2019\/09\/esi-tarafindan-oldurulen-5-cocuk-annesi-kadin-son-yolculuguna-ugurlandi_d6e63aa.jpg?fit=1000%2C666","jetpack_sharing_enabled":true,"jetpack_shortlink":"https:\/\/wp.me\/paKIfm-PSl","_links":{"self":[{"href":"http:\/\/www.tvturk.com\/index.php\/wp-json\/wp\/v2\/posts\/199413","targetHints":{"allow":["GET"]}}],"collection":[{"href":"http:\/\/www.tvturk.com\/index.php\/wp-json\/wp\/v2\/posts"}],"about":[{"href":"http:\/\/www.tvturk.com\/index.php\/wp-json\/wp\/v2\/types\/post"}],"author":[{"embeddable":true,"href":"http:\/\/www.tvturk.com\/index.php\/wp-json\/wp\/v2\/users\/1"}],"replies":[{"embeddable":true,"href":"http:\/\/www.tvturk.com\/index.php\/wp-json\/wp\/v2\/comments?post=199413"}],"version-history":[{"count":0,"href":"http:\/\/www.tvturk.com\/index.php\/wp-json\/wp\/v2\/posts\/199413\/revisions"}],"wp:featuredmedia":[{"embeddable":true,"href":"http:\/\/www.tvturk.com\/index.php\/wp-json\/wp\/v2\/media\/199414"}],"wp:attachment":[{"href":"http:\/\/www.tvturk.com\/index.php\/wp-json\/wp\/v2\/media?parent=199413"}],"wp:term":[{"taxonomy":"category","embeddable":true,"href":"http:\/\/www.tvturk.com\/index.php\/wp-json\/wp\/v2\/categories?post=199413"},{"taxonomy":"post_tag","embeddable":true,"href":"http:\/\/www.tvturk.com\/index.php\/wp-json\/wp\/v2\/tags?post=199413"}],"curies":[{"name":"wp","href":"https:\/\/api.w.org\/{rel}","templated":true}]}}