{"id":199417,"date":"2019-09-03T18:16:41","date_gmt":"2019-09-03T15:16:41","guid":{"rendered":"http:\/\/www.tvturk.com\/index.php\/karacabey-minik-ellerin-sevgisiyle-yeserecek\/"},"modified":"2019-09-03T18:16:41","modified_gmt":"2019-09-03T15:16:41","slug":"karacabey-minik-ellerin-sevgisiyle-yeserecek","status":"publish","type":"post","link":"http:\/\/www.tvturk.com\/index.php\/karacabey-minik-ellerin-sevgisiyle-yeserecek\/","title":{"rendered":"Karacabey minik ellerin sevgisiyle ye\u015ferecek"},"content":{"rendered":"<p>E\u011fitim ve \u00e7evre odakl\u0131 \u00e7al\u0131\u015fmalar\u0131yla \u00fclke \u00e7ap\u0131nda ad\u0131ndan s\u00f6z ettiren Karacabey Belediyesi, okullar\u0131n ba\u015flamas\u0131yla birlikte yine T\u00fcrkiye\u2019ye \u00f6rnek olacak bir projeye imza atmaya haz\u0131rlan\u0131yor.<\/p>\n<p>Karacabey Belediyesi, yeni e\u011fitim-\u00f6\u011fretim y\u0131l\u0131nda ilkokula ba\u015flayacak her bir \u00f6\u011frenci i\u00e7in 1 adet fidan\u0131, il\u00e7enin d\u00f6rt bir yan\u0131nda dikerek Karacabey\u2019i yemye\u015fil yapmay\u0131 ve \u00fclkemizin gelece\u011fine katk\u0131 sa\u011flamay\u0131 hedefliyor.<\/p>\n<p>\u00c7ocuklarda ye\u015fil bilincinin geli\u015ftirilmesine destek olmay\u0131, a\u011fa\u00e7 ve orman sevgisini a\u015f\u0131lamay\u0131 aktaran Belediye Ba\u015fkan\u0131 Ali \u00d6zkan, dikilecek her bir fidan\u0131n t\u0131pk\u0131 gelece\u011fimizin teminat\u0131 \u00e7ocuklar\u0131m\u0131z\u0131n e\u011fitimle geli\u015fmesi gibi \u00fclkemizin gelece\u011fine at\u0131lacak \u00e7ok de\u011ferli bir imza oldu\u011funu s\u00f6yledi. \u00d6zken, projeyi her y\u0131l geli\u015ftirerek daha da b\u00fcy\u00fctmeyi hedeflediklerini belirtti.<\/p>\n<p>\u00d6zkan, \u201cS\u00fcrd\u00fcr\u00fclebilir hale getirilecek olan proje d\u00e2hilinde dikilecek fidanlar, zamanla ormana d\u00f6n\u00fc\u015fecek ve gelecekte Karacabey\u2019in s\u0131n\u0131rlar\u0131nda adeta ye\u015fil olmayan alan kalmayacak. Karacabey Belediyesi olarak en \u00f6nemli yat\u0131r\u0131m\u0131, gelece\u011fimiz olan \u00e7ocuklara ve e\u011fitime olan yat\u0131r\u0131m olarak g\u00f6r\u00fcyoruz. Bunun yan\u0131nda gelece\u011fimizi in\u015fa ederken, \u00e7evremize sahip \u00e7\u0131kmay\u0131 ve ye\u015fil bilincini toplumun t\u00fcm kesimlerine a\u015f\u0131lamay\u0131 da \u00e7ok \u00f6nemsiyor ve bu do\u011frultuda \u00f6nemli \u00e7al\u0131\u015fmalara imza at\u0131yoruz. Bu yeni projemiz de bunlardan biri olacak. \u0130lkokula ba\u015flayacak olan miniklerimizle birlikte il\u00e7emizin her bir k\u00f6\u015fesine fidanlar dikerek, onlar\u0131 gelece\u011fin T\u00fcrkiye\u2019sine haz\u0131rlayaca\u011f\u0131z\u201d dedi.<\/p>\n","protected":false},"excerpt":{"rendered":"<p>KARACABEY BELED\u0130YES\u0130, OKULLARIN BA\u015eLAMASIYLA B\u0130RL\u0130KTE Y\u0130NE T\u00dcRK\u0130YE\u2019YE \u00d6RNEK OLACAK B\u0130R PROJEYE \u0130MZA ATMAYA HAZIRLANIYOR.<\/p>\n","protected":false},"author":1,"featured_media":199418,"comment_status":"closed","ping_status":"open","sticky":false,"template":"","format":"standard","meta":{"jetpack_post_was_ever_published":false,"_jetpack_newsletter_access":"","_jetpack_dont_email_post_to_subs":false,"_jetpack_newsletter_tier_id":0,"_jetpack_memberships_contains_paywalled_content":false,"_jetpack_memberships_contains_paid_content":false,"footnotes":"","jetpack_publicize_message":"","jetpack_publicize_feature_enabled":true,"jetpack_social_post_already_shared":true,"jetpack_social_options":{"image_generator_settings":{"template":"highway","default_image_id":0,"font":"","enabled":false},"version":2}},"categories":[1],"tags":[50142,3268,1636,50143,50144],"class_list":["post-199417","post","type-post","status-publish","format-standard","has-post-thumbnail","hentry","category-genel","tag-ellerin","tag-karacabey","tag-minik","tag-sevgisiyle","tag-yeserecek"],"jetpack_publicize_connections":[],"jetpack_featured_media_url":"https:\/\/i0.wp.com\/www.tvturk.com\/wp-content\/uploads\/2019\/09\/karacabey-minik-ellerin-sevgisiyle-yeserecek_f65e0b2.jpg?fit=1000%2C668","jetpack_sharing_enabled":true,"jetpack_shortlink":"https:\/\/wp.me\/paKIfm-PSp","_links":{"self":[{"href":"http:\/\/www.tvturk.com\/index.php\/wp-json\/wp\/v2\/posts\/199417","targetHints":{"allow":["GET"]}}],"collection":[{"href":"http:\/\/www.tvturk.com\/index.php\/wp-json\/wp\/v2\/posts"}],"about":[{"href":"http:\/\/www.tvturk.com\/index.php\/wp-json\/wp\/v2\/types\/post"}],"author":[{"embeddable":true,"href":"http:\/\/www.tvturk.com\/index.php\/wp-json\/wp\/v2\/users\/1"}],"replies":[{"embeddable":true,"href":"http:\/\/www.tvturk.com\/index.php\/wp-json\/wp\/v2\/comments?post=199417"}],"version-history":[{"count":0,"href":"http:\/\/www.tvturk.com\/index.php\/wp-json\/wp\/v2\/posts\/199417\/revisions"}],"wp:featuredmedia":[{"embeddable":true,"href":"http:\/\/www.tvturk.com\/index.php\/wp-json\/wp\/v2\/media\/199418"}],"wp:attachment":[{"href":"http:\/\/www.tvturk.com\/index.php\/wp-json\/wp\/v2\/media?parent=199417"}],"wp:term":[{"taxonomy":"category","embeddable":true,"href":"http:\/\/www.tvturk.com\/index.php\/wp-json\/wp\/v2\/categories?post=199417"},{"taxonomy":"post_tag","embeddable":true,"href":"http:\/\/www.tvturk.com\/index.php\/wp-json\/wp\/v2\/tags?post=199417"}],"curies":[{"name":"wp","href":"https:\/\/api.w.org\/{rel}","templated":true}]}}