{"id":199429,"date":"2019-09-03T18:47:10","date_gmt":"2019-09-03T15:47:10","guid":{"rendered":"http:\/\/www.tvturk.com\/index.php\/gozgec-kadinlar-dunya-boksunda-ilk-on-icerisindeyiz\/"},"modified":"2019-09-03T18:47:10","modified_gmt":"2019-09-03T15:47:10","slug":"gozgec-kadinlar-dunya-boksunda-ilk-on-icerisindeyiz","status":"publish","type":"post","link":"http:\/\/www.tvturk.com\/index.php\/gozgec-kadinlar-dunya-boksunda-ilk-on-icerisindeyiz\/","title":{"rendered":"G\u00f6zge\u00e7: \u201cKad\u0131nlar d\u00fcnya boksunda ilk on i\u00e7erisindeyiz\u201d"},"content":{"rendered":"<p>T\u00fcrkiye Boks Federasyonu Ba\u015fkan\u0131 Ey\u00fcp G\u00f6zge\u00e7, \u201cKad\u0131nlar d\u00fcnya boksunda ilk on i\u00e7erisindeyiz\u201d dedi.<\/p>\n<p>T\u00fcrkiye Boks Federasyonu Ba\u015fkan\u0131 Ey\u00fcp G\u00f6zge\u00e7, \u0130spanya\u2019n\u0131n Madrid kentinde d\u00fczenlenen Avrupa \u015eampiyonas\u0131\u2019ndaki b\u00fcy\u00fck kad\u0131nlar\u0131n sonu\u00e7lar\u0131n\u0131 de\u011ferlendirip, T\u00fcrkiye Boks Federasyonu\u2019nun faaliyetleri hakk\u0131nda baz\u0131 bilgiler verdi. G\u00f6zge\u00e7 ayr\u0131ca, 2020 Tokyo Olimpiyat Oyunlar\u0131\u2019na ili\u015fkin bilgilerde payla\u015ft\u0131.<\/p>\n<p>\u015eampiyonaya 8 boks\u00f6rle kat\u0131ld\u0131klar\u0131n\u0131 belirten Ba\u015fkan G\u00f6zge\u00e7, &#8220;Avrupa \u015eampiyonas\u0131, d\u00fcnya boksunda \u00f6nemli yer tutan bir organizasyon. Bizim i\u00e7in 2020 Olimpiyatlar\u0131 \u00f6ncesi Avrupa k\u0131ta elemeleri ve D\u00fcnya \u015eampiyonas\u0131 kota m\u00fcsabakalar\u0131nda bizim i\u00e7in bir \u00f6l\u00e7\u00fcyd\u00fc. Ge\u00e7en aylarda yap\u0131lan Belarus\u2019taki Avrupa Oyunlar\u0131\u2019nda da sporcular\u0131n performans\u0131n\u0131 denemi\u015ftik. Favori iki sporcumuz g\u00fczel vard\u0131 ve g\u00fczel ma\u00e7lar yapt\u0131lar. Bizim i\u00e7in madalyadan daha \u00f6nemli olan, sporcular\u0131n durumu, ilerleyi\u015fi, performans\u0131yd\u0131. Buse Naz \u00c7ak\u0131ro\u011flu \u015fampiyon olmas\u0131n\u0131n yan\u0131nda en teknik ve d\u00f6v\u00fc\u015fken boks\u00f6r se\u00e7ildi&#8221; dedi.<\/p>\n<p>Balkan \u015eampiyonas\u0131n\u0131 yeniden ba\u015flatacaklar\u0131n\u0131 s\u00f6yleyen G\u00f6zge\u00e7, \u201c13 \u00fclkenin kat\u0131laca\u011f\u0131 Balkan \u015eampiyonas\u0131\u2019n\u0131n ilkini T\u00fcrkiye\u2019de Kas\u0131m ay\u0131nda yapaca\u011f\u0131z\u201d dedi.<\/p>\n<p>T\u00fcrk boksunun iyi yolda gitti\u011fini belirten G\u00f6zge\u00e7, \u201cKad\u0131nlarda d\u00fcnya boksunda ilk on i\u00e7erisindeyiz. Uzun zaman sonra gelen iki alt\u0131n iki bronz madalya bizim i\u00e7in \u00f6nemli. Boks \u00e7ok a\u011f\u0131r bir spor. Buse Naz \u00c7ak\u0131ro\u011flu tam 5 ma\u00e7 yapt\u0131. Alt\u0131n madalya ald\u0131 ama bu sporcunun g\u00f6sterdi\u011fi performans ve disiplin fevkalede iyiydi. Avrupa \u015eampiyonas\u0131\u2019ndan federasyon olarak y\u00fcz\u00fcm\u00fcz\u00fcn ak\u0131yla \u00e7\u0131kt\u0131k&#8221; \u015feklinde konu\u015ftu.<\/p>\n<p>&#8220;2020 Tokyo Olimpiyatlar\u0131\u2019nda kad\u0131nlarda 5, erkeklerde de 8 kota var&#8221;<\/p>\n<p>2020 Tokyo Olimpiyatlar\u0131 ile ilgili olarak G\u00f6zge\u00e7, \u201cUluslararas\u0131 Olimpiyat Komitesi takvimine g\u00f6re Avrupa k\u0131tas\u0131 elemeleri 11-24 Mart 2020\u2019de Londra\u2019da, burada kota alamayan sporcular\u0131n ise Fransa\u2019n\u0131n ba\u015fkenti Paris\u2019te 11-25 May\u0131s tarihlerinde d\u00fczenlenecek d\u00fcnya elemelerinde m\u00fccadele edecek\u201d diye konu\u015ftu.<\/p>\n<p>2020 Tokyo Olimpiyatlar\u0131\u2019nda kad\u0131nlarda 5, erkeklerde de 8 kotan\u0131n bulundu\u011funu s\u00f6yleyen Ba\u015fkan G\u00f6zge\u00e7, &#8220;Biz rakiplerimizi art\u0131k \u00e7ok iyi tan\u0131yoruz. Kad\u0131nlarda 5, erkeklerde 8 kota var. Ancak olimpiyat ruhunda kat\u0131l\u0131m vard\u0131r\u201d dedi.<\/p>\n<p>\u201cB\u00fct\u00fcn boks spor salonlar\u0131 kad\u0131nlar\u0131m\u0131za ve k\u0131zlar\u0131m\u0131za \u00fccretsiz \u015fekilde a\u00e7\u0131k\u201d<\/p>\n<p>\u00dclkede son d\u00f6nemde kad\u0131na y\u00f6nelik \u015fiddetin \u00f6ne \u00e7\u0131kt\u0131\u011f\u0131n\u0131, herkesin bu konuda rahats\u0131z oldu\u011funu ifade eden T\u00fcrkiye Boks Federasyonu Ba\u015fkan\u0131 Ey\u00fcp G\u00f6zge\u00e7, &#8220;Kad\u0131na \u015fiddet toplumun g\u00fcndeminde. Bundan herkes rahats\u0131z. Ge\u00e7mi\u015f y\u0131llarda kad\u0131nlar\u0131m\u0131z\u0131 salonlar\u0131m\u0131za \u00e7a\u011f\u0131rm\u0131\u015ft\u0131k. Bir \u00e7a\u011fr\u0131 daha yap\u0131yorum. T\u00fcrkiye Boks federasyonu b\u00fcnyesinde bulunan ve T\u00fcrkiye\u2019nin her taraf\u0131nda ki b\u00fct\u00fcn boks spor salonlar\u0131 kad\u0131nlar\u0131m\u0131za ve k\u0131zlar\u0131m\u0131za \u00fccretsiz \u015fekilde a\u00e7\u0131k&#8221; diye konu\u015ftu.<\/p>\n<p>Toplant\u0131ya, ba\u015fkan Ey\u00fcp G\u00f6zge\u00e7\u2019in yan\u0131 s\u0131ra ba\u015fkan vekili Hasan Kartal ve y\u00f6netim kurulu \u00fcyeleri de kat\u0131ld\u0131.<\/p>\n","protected":false},"excerpt":{"rendered":"<p>T\u00dcRK\u0130YE BOKS FEDERASYONU BA\u015eKANI EY\u00dcP G\u00d6ZGE\u00c7, \u201cKADINLAR D\u00dcNYA BOKSUNDA \u0130LK ON \u0130\u00c7ER\u0130S\u0130NDEY\u0130Z\u201d DED\u0130.<\/p>\n","protected":false},"author":1,"featured_media":199430,"comment_status":"closed","ping_status":"open","sticky":false,"template":"","format":"standard","meta":{"jetpack_post_was_ever_published":false,"_jetpack_newsletter_access":"","_jetpack_dont_email_post_to_subs":false,"_jetpack_newsletter_tier_id":0,"_jetpack_memberships_contains_paywalled_content":false,"_jetpack_memberships_contains_paid_content":false,"footnotes":"","jetpack_publicize_message":"","jetpack_publicize_feature_enabled":true,"jetpack_social_post_already_shared":true,"jetpack_social_options":{"image_generator_settings":{"template":"highway","default_image_id":0,"font":"","enabled":false},"version":2}},"categories":[657],"tags":[349,50145,22313,16799,37,3104],"class_list":["post-199429","post","type-post","status-publish","format-standard","has-post-thumbnail","hentry","category-spor","tag-dunya","tag-boksunda","tag-gozgec","tag-icerisindeyiz","tag-ilk","tag-kadinlar"],"jetpack_publicize_connections":[],"jetpack_featured_media_url":"https:\/\/i0.wp.com\/www.tvturk.com\/wp-content\/uploads\/2019\/09\/gozgec-kadinlar-dunya-boksunda-ilk-on-icerisindeyiz_15286ba.jpg?fit=1000%2C666","jetpack_sharing_enabled":true,"jetpack_shortlink":"https:\/\/wp.me\/paKIfm-PSB","_links":{"self":[{"href":"http:\/\/www.tvturk.com\/index.php\/wp-json\/wp\/v2\/posts\/199429","targetHints":{"allow":["GET"]}}],"collection":[{"href":"http:\/\/www.tvturk.com\/index.php\/wp-json\/wp\/v2\/posts"}],"about":[{"href":"http:\/\/www.tvturk.com\/index.php\/wp-json\/wp\/v2\/types\/post"}],"author":[{"embeddable":true,"href":"http:\/\/www.tvturk.com\/index.php\/wp-json\/wp\/v2\/users\/1"}],"replies":[{"embeddable":true,"href":"http:\/\/www.tvturk.com\/index.php\/wp-json\/wp\/v2\/comments?post=199429"}],"version-history":[{"count":0,"href":"http:\/\/www.tvturk.com\/index.php\/wp-json\/wp\/v2\/posts\/199429\/revisions"}],"wp:featuredmedia":[{"embeddable":true,"href":"http:\/\/www.tvturk.com\/index.php\/wp-json\/wp\/v2\/media\/199430"}],"wp:attachment":[{"href":"http:\/\/www.tvturk.com\/index.php\/wp-json\/wp\/v2\/media?parent=199429"}],"wp:term":[{"taxonomy":"category","embeddable":true,"href":"http:\/\/www.tvturk.com\/index.php\/wp-json\/wp\/v2\/categories?post=199429"},{"taxonomy":"post_tag","embeddable":true,"href":"http:\/\/www.tvturk.com\/index.php\/wp-json\/wp\/v2\/tags?post=199429"}],"curies":[{"name":"wp","href":"https:\/\/api.w.org\/{rel}","templated":true}]}}