{"id":199437,"date":"2019-09-03T20:17:16","date_gmt":"2019-09-03T17:17:16","guid":{"rendered":"http:\/\/www.tvturk.com\/index.php\/eskisehirspor-kongreye-gidiyor\/"},"modified":"2019-09-03T20:17:16","modified_gmt":"2019-09-03T17:17:16","slug":"eskisehirspor-kongreye-gidiyor","status":"publish","type":"post","link":"http:\/\/www.tvturk.com\/index.php\/eskisehirspor-kongreye-gidiyor\/","title":{"rendered":"Eski\u015fehirspor kongreye gidiyor"},"content":{"rendered":"<p>TFF 1. Lig\u2019de s\u0131k\u0131nt\u0131l\u0131 bir s\u00fcre\u00e7ten ge\u00e7en Eski\u015fehirspor, kongre karar\u0131 ald\u0131.<\/p>\n<p>Son d\u00f6nemlerde al\u0131nan kongre kararlar\u0131yla kul\u00fcp y\u00f6netimi konusunda diki\u015f tutturamayan Eski\u015fehirspor, bir kez daha kongre karar\u0131 ald\u0131. Ola\u011fan\u00fcst\u00fc Se\u00e7imli Genel Kurul Toplant\u0131s\u0131, 19 Eyl\u00fcl Per\u015fembe G\u00fcn\u00fc saat 18.00\u2019de bir otelde yap\u0131lacak. \u0130lk toplant\u0131da yeterli \u00e7o\u011funluk sa\u011flanamad\u0131\u011f\u0131 takdirde bir sonraki kongre 26 Eyl\u00fcl Per\u015fembe G\u00fcn\u00fc ayn\u0131 yer ve saatte tekrar edilecek.<\/p>\n","protected":false},"excerpt":{"rendered":"<p>TFF 1. L\u0130G&#8217;DE SIKINTILI B\u0130R S\u00dcRE\u00c7TEN GE\u00c7EN ESK\u0130\u015eEH\u0130RSPOR, KONGRE KARARI ALDI<\/p>\n","protected":false},"author":1,"featured_media":199438,"comment_status":"closed","ping_status":"open","sticky":false,"template":"","format":"standard","meta":{"jetpack_post_was_ever_published":false,"_jetpack_newsletter_access":"","_jetpack_dont_email_post_to_subs":false,"_jetpack_newsletter_tier_id":0,"_jetpack_memberships_contains_paywalled_content":false,"_jetpack_memberships_contains_paid_content":false,"footnotes":"","jetpack_publicize_message":"","jetpack_publicize_feature_enabled":true,"jetpack_social_post_already_shared":true,"jetpack_social_options":{"image_generator_settings":{"template":"highway","default_image_id":0,"font":"","enabled":false},"version":2}},"categories":[657],"tags":[7638,458,19651],"class_list":["post-199437","post","type-post","status-publish","format-standard","has-post-thumbnail","hentry","category-spor","tag-eskisehirspor","tag-gidiyor","tag-kongreye"],"jetpack_publicize_connections":[],"jetpack_featured_media_url":"https:\/\/i0.wp.com\/www.tvturk.com\/wp-content\/uploads\/2019\/09\/eskisehirspor-kongreye-gidiyor_5b73a8d.jpg?fit=1000%2C562","jetpack_sharing_enabled":true,"jetpack_shortlink":"https:\/\/wp.me\/paKIfm-PSJ","_links":{"self":[{"href":"http:\/\/www.tvturk.com\/index.php\/wp-json\/wp\/v2\/posts\/199437","targetHints":{"allow":["GET"]}}],"collection":[{"href":"http:\/\/www.tvturk.com\/index.php\/wp-json\/wp\/v2\/posts"}],"about":[{"href":"http:\/\/www.tvturk.com\/index.php\/wp-json\/wp\/v2\/types\/post"}],"author":[{"embeddable":true,"href":"http:\/\/www.tvturk.com\/index.php\/wp-json\/wp\/v2\/users\/1"}],"replies":[{"embeddable":true,"href":"http:\/\/www.tvturk.com\/index.php\/wp-json\/wp\/v2\/comments?post=199437"}],"version-history":[{"count":0,"href":"http:\/\/www.tvturk.com\/index.php\/wp-json\/wp\/v2\/posts\/199437\/revisions"}],"wp:featuredmedia":[{"embeddable":true,"href":"http:\/\/www.tvturk.com\/index.php\/wp-json\/wp\/v2\/media\/199438"}],"wp:attachment":[{"href":"http:\/\/www.tvturk.com\/index.php\/wp-json\/wp\/v2\/media?parent=199437"}],"wp:term":[{"taxonomy":"category","embeddable":true,"href":"http:\/\/www.tvturk.com\/index.php\/wp-json\/wp\/v2\/categories?post=199437"},{"taxonomy":"post_tag","embeddable":true,"href":"http:\/\/www.tvturk.com\/index.php\/wp-json\/wp\/v2\/tags?post=199437"}],"curies":[{"name":"wp","href":"https:\/\/api.w.org\/{rel}","templated":true}]}}