{"id":199463,"date":"2019-09-04T09:31:32","date_gmt":"2019-09-04T06:31:32","guid":{"rendered":"http:\/\/www.tvturk.com\/index.php\/cumhurbaskaninin-pancar-alim-fiyatini-yukseltmesi-ciftcileri-sevindirdi\/"},"modified":"2019-09-04T09:31:32","modified_gmt":"2019-09-04T06:31:32","slug":"cumhurbaskaninin-pancar-alim-fiyatini-yukseltmesi-ciftcileri-sevindirdi","status":"publish","type":"post","link":"http:\/\/www.tvturk.com\/index.php\/cumhurbaskaninin-pancar-alim-fiyatini-yukseltmesi-ciftcileri-sevindirdi\/","title":{"rendered":"Cumhurba\u015fkan\u0131n\u0131n pancar al\u0131m fiyat\u0131n\u0131 y\u00fckseltmesi \u00e7ift\u00e7ileri sevindirdi"},"content":{"rendered":"<p>Cumhurba\u015fkan\u0131 Recep Tayyip Erdo\u011fan\u2019\u0131n &#8220;Pancar al\u0131m fiyat\u0131n\u0131 bu y\u0131l i\u00e7in ton ba\u015f\u0131na 235 liradan 300 liraya y\u00fckseltiyoruz&#8221; a\u00e7\u0131klamalar\u0131n\u0131 de\u011ferlendiren Kayseri Pancar Kooperatifi Ba\u015fkan\u0131 H\u00fcseyin Akay, \u201cBeklenilen fiyat\u0131n \u00fczerinde a\u00e7\u0131klanan fiyat, \u00e7ift\u00e7imize bir hediye oldu\u201d dedi.<\/p>\n<p>Kayseri Pancar Kooperatifi Ba\u015fkan\u0131 H\u00fcseyin Akay, \u0130hlas Haber Ajans\u0131\u2019na yapt\u0131\u011f\u0131 a\u00e7\u0131klamada, \u015feker sekt\u00f6r\u00fcn\u00fc ve pancar al\u0131m fiyatlar\u0131n\u0131 de\u011ferlendirdi. Cumhurba\u015fkan\u0131 Recep Tayyip Erdo\u011fan\u2019\u0131n Konya\u2019da toplu a\u00e7\u0131l\u0131\u015f t\u00f6reninde yapt\u0131\u011f\u0131 &#8220;Pancar al\u0131m fiyat\u0131n\u0131 bu y\u0131l i\u00e7in ton ba\u015f\u0131na 235 liradan 300 liraya y\u00fckseltiyoruz, ni\u015fasta bazl\u0131 \u015feker oran\u0131n\u0131 bu y\u0131l\u0131n sonunda y\u00fczde 2,5\u2019e kadar indiriyoruz&#8221; a\u00e7\u0131klamalar\u0131na ili\u015fkin konu\u015fan Ba\u015fkan Akay, bunun zamand\u0131r beklenen bir a\u00e7\u0131klama oldu\u011funu ve pancar \u00e7ift\u00e7ilerine de bir hediye oldu\u011funu kaydetti.<\/p>\n<p>Akay, \u201cBu uzun zamand\u0131r beklenen bir a\u00e7\u0131klamayd\u0131. En sonunda Cumhurba\u015fkan\u0131m\u0131z bu a\u00e7\u0131klamay\u0131 yapt\u0131. Asl\u0131nda beklenilen fiyat\u0131n \u00fczerinde bir fiyat a\u00e7\u0131klamas\u0131 yap\u0131ld\u0131. Bu y\u00f6n\u00fcyle \u00e7ift\u00e7imize bir hediye ve \u00f6d\u00fcl oldu\u011funu s\u00f6yleyebiliriz. Cumhurba\u015fkan\u0131m\u0131z\u0131n a\u00e7\u0131klamas\u0131nda \u00e7ift\u00e7i a\u00e7\u0131s\u0131ndan alt\u0131 \u00e7izilmesi gereken 2 husus var. Birisi ni\u015fasta bazl\u0131 \u015feker kotas\u0131n\u0131n y\u00fczde 2.5\u2019de kalaca\u011f\u0131n\u0131n ifade edilmesi, di\u011feri de pancar fiyat\u0131n\u0131n belirlenmesidir. Bunlar\u0131n ikisi de m\u00fcjde niteli\u011finde a\u00e7\u0131klamalard\u0131r. Bu i\u015ften ekmek yiyen ve ge\u00e7imini sa\u011flayan insanlar\u0131m\u0131z ad\u0131na, camiam\u0131z ad\u0131na Cumhurba\u015fkan\u0131m\u0131za te\u015fekk\u00fcr ederiz. Beklenenin \u00fczerine bir rakam oldu\u011funu tekraren belirtmem gerekiyor. Tonda 280-290 TL gibi bir fiyat bekleniliyordu ama 300 TL olmas\u0131 s\u00fcrpriz oldu. Girdilerdeki art\u0131\u015flar nedeniyle bu fiyat y\u00fcksek biri g\u00f6r\u00fcnse de girdilerdeki art\u0131\u015f\u0131 yeterince kar\u015f\u0131layaca\u011f\u0131 s\u00f6ylemek s\u00f6z konusu de\u011fil. \u00c7\u00fcnk\u00fc girdi maliyetleri \u00f6zellikle g\u00fcbre, akaryak\u0131t, tohum ve elektrik gibi maliyet kalemlerinde son 1 y\u0131l i\u00e7erisinde \u00f6nemli art\u0131\u015flar ya\u015fand\u0131. Bunun tam kar\u015f\u0131l\u0131\u011f\u0131 oldu\u011funu s\u00f6yleyemeyiz ama beklentinin \u00fczerinde oldu\u011funu rahatl\u0131kla ifade edebiliriz. Bu y\u00f6n\u00fcyle \u00e7ift\u00e7ilerimiz memnun. Bu pancar tar\u0131m\u0131 a\u00e7\u0131s\u0131ndan da \u00f6nemli bir ad\u0131m oldu\u011funu d\u00fc\u015f\u00fcn\u00fcyorum. \u00c7\u00fcnk\u00fc maliyetlerdeki art\u0131\u015f \u00e7ift\u00e7iyi pancar tar\u0131m\u0131ndan uzakla\u015ft\u0131rmaya ba\u015flam\u0131\u015ft\u0131. Taban fiyat\u0131n\u0131n bu \u015fekilde olmas\u0131 yeniden \u00e7ift\u00e7ilerimizi bu konuda istekli hale getirecek, onu g\u00f6r\u00fcyoruz. Yine insanlar T\u00fcrkiye i\u00e7in stratejik \u00f6nemi olan \u015feker pancar\u0131ndan ge\u00e7imlerini sa\u011flayacaklar\u201d ifadelerini kulland\u0131.<\/p>\n<p>\u201cEn az y\u00fczde 18-20 seviyesinde \u015fekere zam gelmesi gerekti\u011fini d\u00fc\u015f\u00fcn\u00fcyorum\u201d<\/p>\n<p>\u015eeker fabrikalar\u0131n\u0131n maliyetleri kendi b\u00fcnyelerinden kar\u015f\u0131lamas\u0131n\u0131n m\u00fcmk\u00fcn olmad\u0131\u011f\u0131n\u0131n alt\u0131n\u0131 \u00e7izen Kayseri Pancar Kooperatifi Ba\u015fkan\u0131 H\u00fcseyin Akay, \u201cBirde bu i\u015fin \u015feker fabrikalar\u0131 boyutu var. Sonu\u00e7ta \u015feker fabrikalar\u0131n\u0131n \u00fcretmi\u015f oldu\u011fu \u015fekerin temel maddesi \u015feker pancar\u0131d\u0131r. Toplam \u015feker \u00fcretim maliyetinin ortalama 3\u2019te 2\u2019si hammadde maliyetinden olu\u015fuyor. Hammadde de y\u00fczde 27.5 art\u0131\u015f demek \u015feker fiyat\u0131na da yans\u0131yacak rakamd\u0131r. 3\u2019te 2\u2019si oldu\u011funa g\u00f6re kabaca y\u00fczde 18\u2019lik bir maliyet etkisi olu\u015facakt\u0131r. \u015euanda fabrikalarda \u015feker toptan sat\u0131\u015f fiyatlar\u0131 iskontosuz 3.57 gibi rakamlarda sat\u0131l\u0131yor. Haziran ay\u0131nda gelen y\u00fczde 16\u2019l\u0131k zamm\u0131n ard\u0131ndan bu noktaya gelmi\u015fti. Haziran ay\u0131nda yap\u0131lan zam, bir \u00f6nceki y\u0131l\u0131n eyl\u00fcl ay\u0131nda yap\u0131lmas\u0131 gereken zamd\u0131. Bunun da bedelini \u015feker fabrikalar\u0131 \u00f6demek zorunda kald\u0131. Bu da hanelerine zarar olarak yans\u0131d\u0131. \u00d6n\u00fcm\u00fczdeki kampanya d\u00f6neminde bu zamm\u0131n gelmi\u015f olmas\u0131 \u015feker fiyatlar\u0131na da zamm\u0131n gelmesini tekrardan g\u00fcndeme getirmesi ka\u00e7\u0131n\u0131lmaz bir sonu\u00e7tur. Mutlaka bunun de\u011ferlendirilmesi laz\u0131m. Yoksa \u015feker fabrikalar\u0131n\u0131n bu maliyetleri kendi b\u00fcnyelerinden kar\u015f\u0131lamas\u0131 m\u00fcmk\u00fcn de\u011fildir. Ge\u00e7en sene \u00f6zelle\u015ftirme s\u00fcreci ya\u015fanm\u0131\u015ft\u0131. Bu \u00f6zelle\u015ftirme s\u00fcrecinde 10 tane \u015feker fabrikas\u0131 sat\u0131ld\u0131. Turhal \u015eeker Fabrikas\u0131\u2019n\u0131 biz alm\u0131\u015ft\u0131k. Bu \u00f6zelle\u015fen fabrikalar\u0131n bir al\u0131m maliyetleri var, birde i\u015fletme maliyetleri var. \u015eeker fabrikas\u0131n\u0131 al\u0131nca sadece bir bedel \u00f6demekle i\u015ften kurtulam\u0131yorsunuz. Birde onun i\u015fletme maliyeti var. Ona da katlanman\u0131z gerekiyor. Bu \u00f6zelle\u015fen fabrikalar bir taraftan i\u015fletme maliyetlerine katlanacaklar, \u00e7ift\u00e7inin ihtiya\u00e7lar\u0131n\u0131 kar\u015f\u0131layacaklar. Buna ra\u011fmen zarar edecek olurlarsa bu i\u015f s\u00fcrd\u00fcr\u00fclebilir olmaktan \u00e7\u0131kar. Bundan dolay\u0131 ciddi bir problem meydana gelir. Ortalama bir pancar zamm\u0131ndan sonra kabaca bir hesap yapt\u0131m. En az y\u00fczde 18-20 seviyesinde \u015fekere zam gelmesi gerekti\u011fini d\u00fc\u015f\u00fcn\u00fcyorum\u201d \u015feklinde konu\u015ftu.<\/p>\n<p>\u201cNi\u015fasta bazl\u0131 \u015feker hem sekt\u00f6re hem de insan sa\u011fl\u0131\u011f\u0131na zararl\u0131\u201d<\/p>\n<p>Ni\u015fasta bazl\u0131 \u015fekerlerde resmi olarak a\u00e7\u0131klanan kota miktar\u0131nca \u00fcretiminin kontrol\u00fcn\u00fcn yap\u0131lmas\u0131n\u0131n \u00e7ok \u00f6nemli oldu\u011funun alt\u0131n\u0131 \u00e7izen H\u00fcseyin Akay, \u201cGe\u00e7mi\u015ften beri bununla ilgili de\u011ferlendirmelerimizi yap\u0131yoruz. Ni\u015fasta bazl\u0131 \u015fekerin hem sekt\u00f6re hem de insan sa\u011fl\u0131\u011f\u0131na zararl\u0131 bir durumunun oldu\u011funu ifade ediyoruz. Bunun sonucunda son 1.5 sene i\u00e7erisinde \u00f6nce y\u00fczde 10\u2019dan 5\u2019e, arkas\u0131ndan da y\u00fczde 2.5\u2019e d\u00fc\u015f\u00fcr\u00fcld\u00fc. \u00d6nemli bir miktarda \u00fcretimi azalt\u0131lm\u0131\u015f oldu. Bunun kontrol edilmesi \u00e7ok \u00f6nemlidir. Resmi olarak a\u00e7\u0131klanan kota miktar\u0131nca \u00fcretimi yap\u0131lmas\u0131n\u0131n kontrol\u00fc yap\u0131lmas\u0131 \u00e7ok \u00f6nemlidir\u201d dedi.<\/p>\n","protected":false},"excerpt":{"rendered":"<p>CUMHURBA\u015eKANI RECEP TAYY\u0130P ERDO\u011eAN\u2019IN  \u2018PANCAR ALIM F\u0130YATINI BU YIL \u0130\u00c7\u0130N TON BA\u015eINA 235 L\u0130RADAN 300 L\u0130RAYA Y\u00dcKSELT\u0130YORUZ\u2019 A\u00c7IKLAMALARINI DE\u011eERLEND\u0130REN KAYSER\u0130 PANCAR KOOPERAT\u0130F\u0130 BA\u015eKANI H\u00dcSEY\u0130N AKAY, \u201cBEKLEN\u0130LEN F\u0130YATIN \u00dcZER\u0130NDE A\u00c7IKLANAN F\u0130YAT, \u00c7\u0130FT\u00c7\u0130M\u0130ZE B\u0130R HED\u0130YE OLDU\u201d DED\u0130.<\/p>\n","protected":false},"author":1,"featured_media":199464,"comment_status":"closed","ping_status":"open","sticky":false,"template":"","format":"standard","meta":{"jetpack_post_was_ever_published":false,"_jetpack_newsletter_access":"","_jetpack_dont_email_post_to_subs":false,"_jetpack_newsletter_tier_id":0,"_jetpack_memberships_contains_paywalled_content":false,"_jetpack_memberships_contains_paid_content":false,"footnotes":"","jetpack_publicize_message":"","jetpack_publicize_feature_enabled":true,"jetpack_social_post_already_shared":true,"jetpack_social_options":{"image_generator_settings":{"template":"highway","default_image_id":0,"font":"","enabled":false},"version":2}},"categories":[1],"tags":[7112,12238,13788,31098,6416,2358,50151],"class_list":["post-199463","post","type-post","status-publish","format-standard","has-post-thumbnail","hentry","category-genel","tag-alim","tag-ciftcileri","tag-cumhurbaskaninin","tag-fiyatini","tag-pancar","tag-sevindirdi","tag-yukseltmesi"],"jetpack_publicize_connections":[],"jetpack_featured_media_url":"https:\/\/i0.wp.com\/www.tvturk.com\/wp-content\/uploads\/2019\/09\/cumhurbaskaninin-pancar-alim-fiyatini-yukseltmesi-ciftcileri-sevindirdi_b37cd7d.jpg?fit=1000%2C666","jetpack_sharing_enabled":true,"jetpack_shortlink":"https:\/\/wp.me\/paKIfm-PT9","_links":{"self":[{"href":"http:\/\/www.tvturk.com\/index.php\/wp-json\/wp\/v2\/posts\/199463","targetHints":{"allow":["GET"]}}],"collection":[{"href":"http:\/\/www.tvturk.com\/index.php\/wp-json\/wp\/v2\/posts"}],"about":[{"href":"http:\/\/www.tvturk.com\/index.php\/wp-json\/wp\/v2\/types\/post"}],"author":[{"embeddable":true,"href":"http:\/\/www.tvturk.com\/index.php\/wp-json\/wp\/v2\/users\/1"}],"replies":[{"embeddable":true,"href":"http:\/\/www.tvturk.com\/index.php\/wp-json\/wp\/v2\/comments?post=199463"}],"version-history":[{"count":0,"href":"http:\/\/www.tvturk.com\/index.php\/wp-json\/wp\/v2\/posts\/199463\/revisions"}],"wp:featuredmedia":[{"embeddable":true,"href":"http:\/\/www.tvturk.com\/index.php\/wp-json\/wp\/v2\/media\/199464"}],"wp:attachment":[{"href":"http:\/\/www.tvturk.com\/index.php\/wp-json\/wp\/v2\/media?parent=199463"}],"wp:term":[{"taxonomy":"category","embeddable":true,"href":"http:\/\/www.tvturk.com\/index.php\/wp-json\/wp\/v2\/categories?post=199463"},{"taxonomy":"post_tag","embeddable":true,"href":"http:\/\/www.tvturk.com\/index.php\/wp-json\/wp\/v2\/tags?post=199463"}],"curies":[{"name":"wp","href":"https:\/\/api.w.org\/{rel}","templated":true}]}}