{"id":199469,"date":"2019-09-04T09:32:00","date_gmt":"2019-09-04T06:32:00","guid":{"rendered":"http:\/\/www.tvturk.com\/index.php\/anadolunun-ceyrek-asirlik-er-meydani\/"},"modified":"2019-09-04T09:32:00","modified_gmt":"2019-09-04T06:32:00","slug":"anadolunun-ceyrek-asirlik-er-meydani","status":"publish","type":"post","link":"http:\/\/www.tvturk.com\/index.php\/anadolunun-ceyrek-asirlik-er-meydani\/","title":{"rendered":"Anadolu\u2019nun \u00e7eyrek as\u0131rl\u0131k er meydan\u0131"},"content":{"rendered":"<p>Anadolu\u2019nun \u00e7eyrek as\u0131rl\u0131k er meydan\u0131 olan Karap\u00fcr\u00e7ek Ya\u011fl\u0131 G\u00fcre\u015fleri, 5 y\u0131l aradan sonra yeniden d\u00fczenleniyor. 15 Eyl\u00fcl\u2019deki organizasyona T\u00fcrkiye\u2019nin en \u00f6nemli g\u00fcre\u015f\u00e7ileri kat\u0131lacak.<\/p>\n<p>5 y\u0131ld\u0131r ara verilen ve Alt\u0131nda\u011f Belediye Ba\u015fkan\u0131 Do\u00e7. Dr. As\u0131m Balc\u0131\u2019n\u0131n talimat\u0131yla yeniden d\u00fczenlenecek olan &#8220;Anadolu\u2019nun er meydan\u0131\u201d Karap\u00fcr\u00e7ek Ya\u011fl\u0131 G\u00fcre\u015fleri i\u00e7in geri say\u0131m ba\u015flad\u0131. Karap\u00fcr\u00e7ek Ya\u011fl\u0131 G\u00fcre\u015fleri bu y\u0131l 15 Eyl\u00fcl tarihinde, sporseverleri Karap\u00fcr\u00e7ek\u2019te bulu\u015fturacak. Pehlivanlar, 5 y\u0131l aradan sonra Karap\u00fcr\u00e7ek\u2019te yeniden er meydan\u0131na \u00e7\u0131kacak. Yakla\u015f\u0131k bin 200 sporcunun kat\u0131laca\u011f\u0131 organizasyon, bu y\u0131l adlar\u0131n\u0131 g\u00fcre\u015f tarihine alt\u0131n harflerle yazd\u0131rm\u0131\u015f pek \u00e7ok ba\u015far\u0131l\u0131 g\u00fcre\u015f\u00e7iyi de bir araya getirecek.<\/p>\n<p>Ba\u015fpehlivanlar Karap\u00fcr\u00e7ek\u2019te<\/p>\n<p>Bu y\u0131l yap\u0131lan K\u0131rkp\u0131nar Ya\u011fl\u0131 G\u00fcre\u015fleri\u2019nin \u015fampiyonu Ba\u015fpehlivan Ali G\u00fcrb\u00fcz, K\u0131rkp\u0131nar ikincisi Orhan Okulu ve \u00fc\u00e7\u00fcnc\u00fcs\u00fc Hamza K\u00f6seo\u011flu, Karap\u00fcr\u00e7ek Ya\u011fl\u0131 G\u00fcre\u015fleri\u2019nde er meydan\u0131na \u00e7\u0131kacak. \u015eampiyon sporcular, k\u0131ran k\u0131rana m\u00fccadeleleriyle izleyenlere heyecan dolu dakikalar ya\u015fatacak. Ayr\u0131ca g\u00fcre\u015fseverlerin yak\u0131ndan tan\u0131d\u0131\u011f\u0131 Recep Kara ve Serhat G\u00f6kmen gibi \u00f6nemli g\u00fcre\u015f\u00e7iler de Karap\u00fcr\u00e7ek Ya\u011fl\u0131 G\u00fcre\u015fleri\u2019nde yer alacak.<\/p>\n<p>T\u00fcrkiye\u2019de bir ilk<\/p>\n<p>Karap\u00fcr\u00e7ek Ya\u011fl\u0131 G\u00fcre\u015fleri\u2019nde bu y\u0131l ilk kez i\u015fitme engelli sporcular da er meydan\u0131na \u00e7\u0131kacak. T\u00fcrkiye\u2019de ilk kez b\u00f6yle bir uygulaman\u0131n yap\u0131laca\u011f\u0131n\u0131 s\u00f6yleyen Alt\u0131nda\u011f Belediye Ba\u015fkan\u0131 Ba\u015fkan\u0131 Do\u00e7. Dr. As\u0131m Balc\u0131, &#8220;Alt\u0131nda\u011f Belediyespor Kul\u00fcb\u00fcm\u00fcz\u00fcn \u00e7ok ba\u015far\u0131l\u0131 i\u015fitme engelli g\u00fcre\u015f\u00e7ileri var. Avrupa, D\u00fcnya ve Olimpiyat \u015fampiyonalar\u0131nda dereceye girmi\u015f \u00e7ok ba\u015far\u0131l\u0131 sporculara sahibiz. Bu y\u0131l hem ya\u011fl\u0131 g\u00fcre\u015f tarihinde bir ilk ya\u015fatmak hem de engelli sporcular\u0131m\u0131z\u0131 motive etmek i\u00e7in b\u00f6yle bir yenilik yapal\u0131m dedik. Bu y\u0131l engelli sporcular\u0131m\u0131z kendi boylar\u0131nda er meydan\u0131na \u00e7\u0131kacaklar. Olduk\u00e7a renkli g\u00f6r\u00fcnt\u00fcler ya\u015fanaca\u011f\u0131na inan\u0131yorum. Hepsine ba\u015far\u0131lar diliyorum&#8221; dedi.<\/p>\n<p>15 Eyl\u00fcl\u2019de Karap\u00fcr\u00e7ek\u2019te<\/p>\n<p>Karap\u00fcr\u00e7ek Ya\u011fl\u0131 G\u00fcre\u015fleri\u2019nin, T\u00fcrkiye\u2019nin en \u00f6nemli g\u00fcre\u015f organizasyonlar\u0131ndan biri oldu\u011funu s\u00f6yleyen Ba\u015fkan Balc\u0131, &#8220;Karap\u00fcr\u00e7ek, Anadolu\u2019nun \u00e7eyrek as\u0131rl\u0131k er meydan\u0131. Bunun bilincinde olan sporcular burada kendi kategorilerinin en iyisi olabilmek i\u00e7in ter d\u00f6k\u00fcyorlar. Bu organizasyonu verilen aradan sonra yeniden hayata ge\u00e7irmek ve sporseverleri il\u00e7emizde bir araya getirmek istedik. 15 Eyl\u00fcl tarihinde organizasyonumuzu ger\u00e7ekle\u015ftirece\u011fiz. Bu y\u0131l \u00e7ok heyecanl\u0131 m\u00fcsabakalar ya\u015fanaca\u011f\u0131na inan\u0131yorum&#8221; ifadelerini kulland\u0131.<\/p>\n<p>Karap\u00fcr\u00e7ek Ya\u011fl\u0131 G\u00fcre\u015fleri\u2019nin ba\u015fkentlilerin yan\u0131 s\u0131ra \u00e7evre illerden gelen sporseverleri de a\u011f\u0131rlad\u0131\u011f\u0131n\u0131 hat\u0131rlatan Ba\u015fkan Balc\u0131, herkesi 15 Eyl\u00fcl\u2019de Karap\u00fcr\u00e7ek G\u00fcre\u015f Alan\u0131\u2019na davet etti.<\/p>\n<p>25. Geleneksel Karap\u00fcr\u00e7ek Ya\u011fl\u0131 G\u00fcre\u015fleri\u2019nde pehlivanlar, bu y\u0131l da ba\u015fpehlivan olabilmek ve alt\u0131n kemeri takabilmek i\u00e7in k\u0131yas\u0131ya m\u00fccadele edecekler. Te\u015fvik Boyu, Deste K\u00fc\u00e7\u00fck Boy, Deste Orta Boy, Deste B\u00fcy\u00fck Boy, K\u00fc\u00e7\u00fck Orta K\u00fc\u00e7\u00fck Boy, K\u00fc\u00e7\u00fck Orta B\u00fcy\u00fck Boy, K\u00fc\u00e7\u00fck Orta Boy, Ba\u015f Alt\u0131 Boy ve Ba\u015f Boyu gibi kategorilerde s\u0131n\u0131fland\u0131r\u0131lan g\u00fcre\u015f\u00e7iler, sabah\u0131n erken saatlerinden itibaren er meydan\u0131nda birbirlerinin s\u0131rt\u0131n\u0131 yere getirmek i\u00e7in m\u00fccadele edecekler. Tarihi ya\u011fl\u0131 g\u00fcre\u015flerde adet oldu\u011fu \u00fczere, g\u00fcre\u015f\u00e7ilerin m\u00fccadelesi ba\u015flamadan \u00f6nce, er meydan\u0131na ilk olarak minik g\u00fcre\u015f\u00e7iler \u00e7\u0131kacak ve meydan\u0131 \u0131s\u0131tacak.<\/p>\n","protected":false},"excerpt":{"rendered":"<p>ANADOLU\u2019NUN \u00c7EYREK ASIRLIK ER MEYDANI OLAN KARAP\u00dcR\u00c7EK YA\u011eLI G\u00dcRE\u015eLER\u0130, 5 YIL ARADAN SONRA YEN\u0130DEN D\u00dcZENLEN\u0130YOR. 15 EYL\u00dcL\u2019DEK\u0130 ORGAN\u0130ZASYONA T\u00dcRK\u0130YE\u2019N\u0130N EN \u00d6NEML\u0130 G\u00dcRE\u015e\u00c7\u0130LER\u0130 KATILACAK.<\/p>\n","protected":false},"author":1,"featured_media":199470,"comment_status":"closed","ping_status":"open","sticky":false,"template":"","format":"standard","meta":{"jetpack_post_was_ever_published":false,"_jetpack_newsletter_access":"","_jetpack_dont_email_post_to_subs":false,"_jetpack_newsletter_tier_id":0,"_jetpack_memberships_contains_paywalled_content":false,"_jetpack_memberships_contains_paid_content":false,"footnotes":"","jetpack_publicize_message":"","jetpack_publicize_feature_enabled":true,"jetpack_social_post_already_shared":true,"jetpack_social_options":{"image_generator_settings":{"template":"highway","default_image_id":0,"font":"","enabled":false},"version":2}},"categories":[657],"tags":[8110,3115,11510,5070],"class_list":["post-199469","post","type-post","status-publish","format-standard","has-post-thumbnail","hentry","category-spor","tag-anadolunun","tag-asirlik","tag-ceyrek","tag-meydani"],"jetpack_publicize_connections":[],"jetpack_featured_media_url":"https:\/\/i0.wp.com\/www.tvturk.com\/wp-content\/uploads\/2019\/09\/anadolunun-ceyrek-asirlik-er-meydani_173d08e.jpg?fit=1000%2C664","jetpack_sharing_enabled":true,"jetpack_shortlink":"https:\/\/wp.me\/paKIfm-PTf","_links":{"self":[{"href":"http:\/\/www.tvturk.com\/index.php\/wp-json\/wp\/v2\/posts\/199469","targetHints":{"allow":["GET"]}}],"collection":[{"href":"http:\/\/www.tvturk.com\/index.php\/wp-json\/wp\/v2\/posts"}],"about":[{"href":"http:\/\/www.tvturk.com\/index.php\/wp-json\/wp\/v2\/types\/post"}],"author":[{"embeddable":true,"href":"http:\/\/www.tvturk.com\/index.php\/wp-json\/wp\/v2\/users\/1"}],"replies":[{"embeddable":true,"href":"http:\/\/www.tvturk.com\/index.php\/wp-json\/wp\/v2\/comments?post=199469"}],"version-history":[{"count":0,"href":"http:\/\/www.tvturk.com\/index.php\/wp-json\/wp\/v2\/posts\/199469\/revisions"}],"wp:featuredmedia":[{"embeddable":true,"href":"http:\/\/www.tvturk.com\/index.php\/wp-json\/wp\/v2\/media\/199470"}],"wp:attachment":[{"href":"http:\/\/www.tvturk.com\/index.php\/wp-json\/wp\/v2\/media?parent=199469"}],"wp:term":[{"taxonomy":"category","embeddable":true,"href":"http:\/\/www.tvturk.com\/index.php\/wp-json\/wp\/v2\/categories?post=199469"},{"taxonomy":"post_tag","embeddable":true,"href":"http:\/\/www.tvturk.com\/index.php\/wp-json\/wp\/v2\/tags?post=199469"}],"curies":[{"name":"wp","href":"https:\/\/api.w.org\/{rel}","templated":true}]}}